{"id":9989,"date":"2021-02-12T13:17:13","date_gmt":"2021-02-12T12:17:13","guid":{"rendered":"https:\/\/www.contergan-nrw.eu\/?p=9989"},"modified":"2025-12-03T20:03:29","modified_gmt":"2025-12-03T19:03:29","slug":"conterganstiftung-erhaelt-antwort-des-bundesministeriums-fuer-gesundheit-bmg","status":"publish","type":"post","link":"https:\/\/www.contergan-nrw.eu\/?p=9989","title":{"rendered":"Conterganstiftung erh\u00e4lt Antwort des Bundesministeriums f\u00fcr Gesundheit (BMG"},"content":{"rendered":"<p style=\"font-weight: 400;\">Weitergeleitet:<\/p>\n<p style=\"font-weight: 400;\">Sehr geehrter Herr Herterich,<\/p>\n<p style=\"font-weight: 400;\">vielen Dank f\u00fcr Ihre Nachricht und Ihre Unterst\u00fctzung. Sehr gerne k\u00f6nnen Sie die Mail \u00fcber Ihren Verteiler weiterleiten. Je mehr Betroffene die Information erreicht, desto besser!<\/p>\n<p style=\"font-weight: 400;\">Ich w\u00fcnsche Ihnen ein sch\u00f6nes, wenn auch k\u00fchles Wochenende.<\/p>\n<p>Mit freundlichen Gr\u00fc\u00dfen<\/p>\n<p>&nbsp;<\/p>\n<p>Lena Kringels<\/p>\n<p>&nbsp;<\/p>\n<p>Conterganstiftung f\u00fcr<br \/>\nbehinderte Menschen<br \/>\nGesch\u00e4ftsstelle\u00a0des Vorstandes<\/p>\n<p>Postanschrift: 50964 K\u00f6ln<\/p>\n<p>Telefon: +49 (221) 3673-3314<\/p>\n<p>Fax: +49 (221) 3673-3636<\/p>\n<p>E-Mail:\u00a0<a href=\"mailto:lena.kringels@contergan.bund.de\">lena.kringels@contergan.bund.de<\/a><\/p>\n<p>Internet:\u00a0<a href=\"http:\/\/www.contergan-infoportal.de\/\" data-saferedirecturl=\"https:\/\/www.google.com\/url?q=http:\/\/www.contergan-infoportal.de\/&amp;source=gmail&amp;ust=1613218349294000&amp;usg=AFQjCNGAvPhtvm4CuDk9JnpQa4S_dK6PoQ\">www.contergan-infoportal.de<\/a><\/p>\n<p style=\"font-weight: 400;\"><strong>\u00a0<\/strong><\/p>\n<p style=\"font-weight: 400;\">Sehr geehrte Damen und Herren,<\/p>\n<p style=\"font-weight: 400;\">nachdem sich die Conterganstiftung bereits im November 2020 an das Bundesministerium f\u00fcr Gesundheit (BMG) und das Paul-Ehrlich-Institut gewendet hat, liegt nun die Antwort des BMG vor.<\/p>\n<p style=\"font-weight: 400;\">Diese enth\u00e4lt folgende drei Kernaussagen:<\/p>\n<ol>\n<li style=\"font-weight: 400;\">F\u00fcr Personen mit Krankheitsbildern oder Behinderungen f\u00fcr die derzeit keine ausreichende wissenschaftliche Datenbasis in Bezug auf das Coronavirus besteht, die jedoch ein sehr hohes oder hohes Risiko f\u00fcr einen schweren oder t\u00f6dlichen Krankheitsverlauf nach einer Infektion haben, besteht seit dem 08.02.2021 die M\u00f6glichkeit einer Einzelfallentscheidung (vgl. \u00a7 3 Abs. 1 Nr. 2j \/ \u00a7 4 Abs. 1 Nr. 2i Coronavirus-Impfverordnung).<\/li>\n<\/ol>\n<p style=\"font-weight: 400;\">Das bedeutet:<\/p>\n<p style=\"font-weight: 400;\">Menschen mit Behinderungen, d.h. auch Menschen mit Contergansch\u00e4digung, haben durch diesen Regelungsinhalt unter Umst\u00e4nden die M\u00f6glichkeit, aufgrund ihres individuellen gesundheitlichen Risikos der 2. oder 3. Impfpriorit\u00e4t zugeordnet zu werden. Bitte ber\u00fccksichtigen Sie, dass dies mittels eines \u00e4rztlichen Attests belegt werden muss.<\/p>\n<ol start=\"2\">\n<li style=\"font-weight: 400;\">Eine Impfung sollte grunds\u00e4tzlich in den Oberarm-Muskel erfolgen. Sie kann bei medizinischem Bedarf jedoch auch in den Ges\u00e4\u00df- oder den Oberschenkel-Muskel injiziert werden.<\/li>\n<\/ol>\n<ol start=\"3\">\n<li style=\"font-weight: 400;\">Spezielle Impfrisiken von Menschen mit Contergansch\u00e4digung sind nicht bekannt.<\/li>\n<\/ol>\n<p style=\"font-weight: 400;\">Unter dem folgenden Link k\u00f6nnen Sie den gesamten Beitrag auf dem Contergan-Infoportal aufrufen. Dort finden Sie auch das vollst\u00e4ndige Antwortschreiben des BMG:<\/p>\n<p style=\"font-weight: 400;\"><a href=\"https:\/\/www.contergan-infoportal.de\/aktuelles\/covid-19-conterganstiftung-erhaelt-antwort-des-bundesministeriums-fuer-gesundheit-bmg\/\" data-saferedirecturl=\"https:\/\/www.google.com\/url?q=https:\/\/www.contergan-infoportal.de\/aktuelles\/covid-19-conterganstiftung-erhaelt-antwort-des-bundesministeriums-fuer-gesundheit-bmg\/&amp;source=gmail&amp;ust=1613218349294000&amp;usg=AFQjCNGQgJ9fGsqAR7DnaY3Gk2vtAPVVWQ\">https:\/\/www.contergan-infoportal.de\/aktuelles\/covid-19-conterganstiftung-erhaelt-antwort-des-bundesministeriums-fuer-gesundheit-bmg\/<\/a><\/p>\n<p style=\"font-weight: 400;\">Mit freundlichen Gr\u00fc\u00dfen<\/p>\n<p style=\"font-weight: 400;\">Lena Kringels<\/p>\n<p style=\"font-weight: 400;\">Conterganstiftung f\u00fcr<br \/>\nbehinderte Menschen<br \/>\nGesch\u00e4ftsstelle\u00a0des Vorstandes<\/p>\n<p style=\"font-weight: 400;\">Postanschrift: 50964 K\u00f6ln<\/p>\n<p style=\"font-weight: 400;\">Telefon: +49 (221) 3673-3314<\/p>\n<p style=\"font-weight: 400;\">Fax: +49 (221) 3673-3636<\/p>\n<p style=\"font-weight: 400;\">E-Mail:\u00a0<a href=\"mailto:lena.kringels@contergan.bund.de\">lena.kringels@contergan.bund.de<\/a><\/p>\n<p style=\"font-weight: 400;\">Internet:\u00a0<a href=\"http:\/\/www.contergan-infoportal.de\/\" data-saferedirecturl=\"https:\/\/www.google.com\/url?q=http:\/\/www.contergan-infoportal.de\/&amp;source=gmail&amp;ust=1613218349294000&amp;usg=AFQjCNGAvPhtvm4CuDk9JnpQa4S_dK6PoQ\">www.contergan-infoportal.de<\/a><\/p>\n","protected":false},"excerpt":{"rendered":"<p>Weitergeleitet: Sehr geehrter Herr Herterich, vielen Dank f\u00fcr Ihre Nachricht und Ihre Unterst\u00fctzung. Sehr gerne k\u00f6nnen Sie die Mail \u00fcber Ihren Verteiler weiterleiten. Je mehr Betroffene die Information erreicht, desto besser! Ich w\u00fcnsche Ihnen ein sch\u00f6nes, wenn auch k\u00fchles Wochenende. Mit freundlichen Gr\u00fc\u00dfen &nbsp; Lena Kringels &nbsp; Conterganstiftung f\u00fcr behinderte Menschen Gesch\u00e4ftsstelle\u00a0des Vorstandes Postanschrift: 50964 [&hellip;]<\/p>\n","protected":false},"author":1,"featured_media":5687,"comment_status":"closed","ping_status":"open","sticky":false,"template":"","format":"standard","meta":{"footnotes":""},"categories":[76],"tags":[1464,1466],"class_list":["post-9989","post","type-post","status-publish","format-standard","has-post-thumbnail","hentry","category-news-archiv","tag-covid","tag-impfung"],"publishpress_future_action":{"enabled":false,"date":"2026-09-13 15:03:13","action":"change-status","newStatus":"draft","terms":[],"taxonomy":"category","extraData":[]},"publishpress_future_workflow_manual_trigger":{"enabledWorkflows":[]},"_links":{"self":[{"href":"https:\/\/www.contergan-nrw.eu\/index.php?rest_route=\/wp\/v2\/posts\/9989","targetHints":{"allow":["GET"]}}],"collection":[{"href":"https:\/\/www.contergan-nrw.eu\/index.php?rest_route=\/wp\/v2\/posts"}],"about":[{"href":"https:\/\/www.contergan-nrw.eu\/index.php?rest_route=\/wp\/v2\/types\/post"}],"author":[{"embeddable":true,"href":"https:\/\/www.contergan-nrw.eu\/index.php?rest_route=\/wp\/v2\/users\/1"}],"replies":[{"embeddable":true,"href":"https:\/\/www.contergan-nrw.eu\/index.php?rest_route=%2Fwp%2Fv2%2Fcomments&post=9989"}],"version-history":[{"count":3,"href":"https:\/\/www.contergan-nrw.eu\/index.php?rest_route=\/wp\/v2\/posts\/9989\/revisions"}],"predecessor-version":[{"id":9991,"href":"https:\/\/www.contergan-nrw.eu\/index.php?rest_route=\/wp\/v2\/posts\/9989\/revisions\/9991"}],"wp:featuredmedia":[{"embeddable":true,"href":"https:\/\/www.contergan-nrw.eu\/index.php?rest_route=\/wp\/v2\/media\/5687"}],"wp:attachment":[{"href":"https:\/\/www.contergan-nrw.eu\/index.php?rest_route=%2Fwp%2Fv2%2Fmedia&parent=9989"}],"wp:term":[{"taxonomy":"category","embeddable":true,"href":"https:\/\/www.contergan-nrw.eu\/index.php?rest_route=%2Fwp%2Fv2%2Fcategories&post=9989"},{"taxonomy":"post_tag","embeddable":true,"href":"https:\/\/www.contergan-nrw.eu\/index.php?rest_route=%2Fwp%2Fv2%2Ftags&post=9989"}],"curies":[{"name":"wp","href":"https:\/\/api.w.org\/{rel}","templated":true}]}}