{"id":9986,"date":"2021-02-12T13:15:17","date_gmt":"2021-02-12T12:15:17","guid":{"rendered":"https:\/\/www.contergan-nrw.eu\/?p=9986"},"modified":"2025-12-03T19:56:07","modified_gmt":"2025-12-03T18:56:07","slug":"video-sprechstunde-zu-langfrist-verordnungen-fuer-physio-und-ergotherapie-am-donnerstag-18-02-2021-von-11-12-30-uhr","status":"publish","type":"post","link":"https:\/\/www.contergan-nrw.eu\/?p=9986","title":{"rendered":"Video-Sprechstunde zu Langfrist-Verordnungen f\u00fcr Physio- und Ergotherapie am Donnerstag, 18.02.2021 von 11-12.30 Uhr"},"content":{"rendered":"<p><img loading=\"lazy\" decoding=\"async\" class=\"aligncenter size-medium wp-image-9732\" src=\"http:\/\/2026.contergan-nrw.eu\/wp-content\/uploads\/2020\/11\/Logo_Klinik-300x59.png\" alt=\"\" width=\"300\" height=\"59\" srcset=\"https:\/\/www.contergan-nrw.eu\/wp-content\/uploads\/2020\/11\/Logo_Klinik-300x59.png 300w, https:\/\/www.contergan-nrw.eu\/wp-content\/uploads\/2020\/11\/Logo_Klinik.png 350w\" sizes=\"auto, (max-width: 300px) 100vw, 300px\" \/><\/p>\n<p style=\"font-weight: 400;\"><strong>Einladung zur Video-Sprechstunde<\/strong><\/p>\n<p style=\"font-weight: 400;\"><strong>vom Ambulanten Zentrum f\u00fcr contergangesch\u00e4digte Menschen<\/strong><\/p>\n<p style=\"font-weight: 400;\"><strong>Donnerstag, 18.02.2021 von 11 &#8211; 12.30 Uhr<\/strong><\/p>\n<p style=\"font-weight: 400;\"><strong>\u00a0<\/strong><\/p>\n<p style=\"font-weight: 400;\"><strong><u>Thema:<\/u><\/strong><\/p>\n<p style=\"font-weight: 400;\"><strong>\u00a0<\/strong><\/p>\n<p style=\"font-weight: 400;\"><strong><u>Langfrist-Verordnungen f\u00fcr Physio- und Ergotherapie<\/u><\/strong><\/p>\n<p style=\"font-weight: 400;\">Seit sich zum 01.01.2021 die Heilmittelrichtlinien ge\u00e4ndert haben, erreichen uns viele Fragen zum Thema der Langfristverordnungen von Heilmitteln (also Physiotherapie, Ergotherapie und Logop\u00e4die).<\/p>\n<p style=\"font-weight: 400;\">Hier herrscht momentan viel Verunsicherung, auch seitens der verordnenden \u00c4rzte, und h\u00e4ufig wird uns die Frage gestellt,<\/p>\n<p style=\"font-weight: 400;\">ob Langfrist-Verordnungen bei Menschen mit Contergansch\u00e4digung \u00fcberhaupt noch m\u00f6glich sind.<\/p>\n<p style=\"font-weight: 400;\"><strong>Die gute Nachricht ist: \u00a0<\/strong><\/p>\n<p style=\"font-weight: 400;\"><strong>JA! \u00a0Langfristverordnungen sind weiter m\u00f6glich!<\/strong><\/p>\n<p style=\"font-weight: 400;\"><strong>Man mu\u00df nur wissen, wie sie verordnet werden k\u00f6nnen.<\/strong><\/p>\n<p style=\"font-weight: 400;\">Da unser Ambulantes Zentrum f\u00fcr contergangesch\u00e4digte Menschen ein zugelassenes MZEB ist, k\u00f6nnen wir unseren Patienten<\/p>\n<p style=\"font-weight: 400;\">auch solche Langfristverordnungen ausstellen und freuen uns, dass wir Euch bei diesem Thema unterst\u00fctzen k\u00f6nnen.<\/p>\n<p style=\"font-weight: 400;\"><strong>Gerne m\u00f6chte ich deshalb zu einer Video-Sprechstunde einladen, um Euch alle wichtigen Informationen zu geben.<\/strong><\/p>\n<p style=\"font-weight: 400;\">Wir treffen uns auf einer gesch\u00fctzten Videoplattform. Ihr braucht nichts zu installieren oder herunter zu laden. Nach Eurer Anmeldung werdet Ihr von mir per Mail eine Einleitung und einen Einladungslink<\/p>\n<p style=\"font-weight: 400;\">bekommen, auf den man dann zur verabredeten Zeit nur klicken muss. Schon sehen wir uns in Bild und Ton!<\/p>\n<p style=\"font-weight: 400;\">Mein Name ist Irmela Aurich, ich bin Koordinatorin des Ambulanten Zentrums f\u00fcr contergangesch\u00e4digte Menschen in N\u00fcmbrecht und freue mich schon sehr auf den Kontakt mit Euch.<\/p>\n<p style=\"font-weight: 400;\"><strong><em>Anmeldungen zur Videosprechstunde bitte an:\u00a0<\/em><\/strong><a href=\"mailto:koordination@behandlungszentrum-contergan-nrw.eu\"><strong><em>koordination@behandlungszentrum-contergan-nrw.eu<\/em><\/strong><\/a><\/p>\n<p style=\"font-weight: 400;\">Sehr gerne bieten wir auch weitere Termine z.B. im sp\u00e4ten Nachmittagsbereich an, um auch den Berufst\u00e4tigen unter Euch diese Gelegenheit zu geben. Bei Interesse bitte einfach per Mail bei mir melden.<\/p>\n<p style=\"font-weight: 400;\">Zu weiteren Fragen (z.B. testen der Videokonferenz) k\u00f6nnt Ihr mich auch gerne telefonisch kontaktieren (Tel. 0152 02959901).<\/p>\n<p style=\"font-weight: 400;\">Liebe Gr\u00fc\u00dfe und bis Donnerstag!<\/p>\n<p style=\"font-weight: 400;\">Irmela Aurich<\/p>\n<p style=\"font-weight: 400;\">&#8212;&#8212;&#8212;&#8212;&#8212;&#8212;&#8212;&#8212;&#8212;&#8212;&#8212;&#8212;&#8212;&#8212;&#8212;&#8212;&#8212;&#8212;&#8212;&#8212;&#8212;&#8212;&#8212;&#8212;&#8212;&#8212;&#8212;&#8212;&#8212;&#8212;&#8212;&#8212;&#8212;&#8212;&#8212;&#8212;&#8212;&#8212;&#8212;&#8212;&#8212;&#8212;&#8212;&#8212;&#8212;&#8212;&#8212;&#8212;&#8212;&#8212;&#8212;&#8212;&#8212;&#8212;&#8212;&#8212;&#8212;&#8212;&#8212;&#8212;&#8212;&#8212;&#8212;&#8212;<\/p>\n<p style=\"font-weight: 400;\">Irmela Aurich<\/p>\n<p style=\"font-weight: 400;\">Diplom-Betriebswirtin<\/p>\n<p style=\"font-weight: 400;\">Ergotherapeutin<\/p>\n<p style=\"font-weight: 400;\">Koordinatorin<\/p>\n<p style=\"font-weight: 400;\">Tel: 02293\u00a0 81 79 556<\/p>\n<p style=\"font-weight: 400;\">Fax: 02293\u00a0 81 79 557<\/p>\n<p style=\"font-weight: 400;\">Mobil: 0152 02 95 99 01<\/p>\n<p style=\"font-weight: 400;\">Website:\u00a0\u00a0<a href=\"https:\/\/dbkg.de\/angebote-therapien\/orthopadie\/spezialangebote\/zentrum-fuer-contergangeschaedigte-menschen\" data-saferedirecturl=\"https:\/\/www.google.com\/url?q=https:\/\/dbkg.de\/angebote-therapien\/orthopadie\/spezialangebote\/zentrum-fuer-contergangeschaedigte-menschen&amp;source=gmail&amp;ust=1613218349303000&amp;usg=AFQjCNGchg_tIjhtcx8sEbrzrmUJexY_RA\">Ambulantes Zentrum f\u00fcr contergangesch\u00e4digte Menschen (dbkg.de)<\/a><\/p>\n<p style=\"font-weight: 400;\">Mail:\u00a0<a href=\"mailto:koordination@behandlungszentrum-contergan-nrw.eu\">koordination@behandlungszentrum-contergan-nrw.eu<\/a><\/p>\n<p style=\"font-weight: 400;\">Film zum Zentrum:\u00a0<a href=\"http:\/\/2026.contergan-nrw.eu\/\" data-saferedirecturl=\"https:\/\/www.google.com\/url?q=http:\/\/2026.contergan-nrw.eu\/&amp;source=gmail&amp;ust=1613218349303000&amp;usg=AFQjCNGvetZ3VZyZS7LvPD2anKzg6P7QFw\">LVCNRWEV \u2013 LVCNREW (contergan-nrw.eu)<\/a><\/p>\n","protected":false},"excerpt":{"rendered":"<p>Einladung zur Video-Sprechstunde vom Ambulanten Zentrum f\u00fcr contergangesch\u00e4digte Menschen Donnerstag, 18.02.2021 von 11 &#8211; 12.30 Uhr \u00a0 Thema: \u00a0 Langfrist-Verordnungen f\u00fcr Physio- und Ergotherapie Seit sich zum 01.01.2021 die Heilmittelrichtlinien ge\u00e4ndert haben, erreichen uns viele Fragen zum Thema der Langfristverordnungen von Heilmitteln (also Physiotherapie, Ergotherapie und Logop\u00e4die). Hier herrscht momentan viel Verunsicherung, auch seitens der [&hellip;]<\/p>\n","protected":false},"author":1,"featured_media":5687,"comment_status":"closed","ping_status":"open","sticky":false,"template":"","format":"standard","meta":{"footnotes":""},"categories":[389],"tags":[498,1489,1474],"class_list":["post-9986","post","type-post","status-publish","format-standard","has-post-thumbnail","hentry","category-veranstaltungs-archiv","tag-ambulantes-zentrum","tag-sprechstunde","tag-video-sprechstunde"],"publishpress_future_action":{"enabled":false,"date":"2026-09-13 15:03:13","action":"change-status","newStatus":"draft","terms":[],"taxonomy":"category","extraData":[]},"publishpress_future_workflow_manual_trigger":{"enabledWorkflows":[]},"_links":{"self":[{"href":"https:\/\/www.contergan-nrw.eu\/index.php?rest_route=\/wp\/v2\/posts\/9986","targetHints":{"allow":["GET"]}}],"collection":[{"href":"https:\/\/www.contergan-nrw.eu\/index.php?rest_route=\/wp\/v2\/posts"}],"about":[{"href":"https:\/\/www.contergan-nrw.eu\/index.php?rest_route=\/wp\/v2\/types\/post"}],"author":[{"embeddable":true,"href":"https:\/\/www.contergan-nrw.eu\/index.php?rest_route=\/wp\/v2\/users\/1"}],"replies":[{"embeddable":true,"href":"https:\/\/www.contergan-nrw.eu\/index.php?rest_route=%2Fwp%2Fv2%2Fcomments&post=9986"}],"version-history":[{"count":3,"href":"https:\/\/www.contergan-nrw.eu\/index.php?rest_route=\/wp\/v2\/posts\/9986\/revisions"}],"predecessor-version":[{"id":9988,"href":"https:\/\/www.contergan-nrw.eu\/index.php?rest_route=\/wp\/v2\/posts\/9986\/revisions\/9988"}],"wp:featuredmedia":[{"embeddable":true,"href":"https:\/\/www.contergan-nrw.eu\/index.php?rest_route=\/wp\/v2\/media\/5687"}],"wp:attachment":[{"href":"https:\/\/www.contergan-nrw.eu\/index.php?rest_route=%2Fwp%2Fv2%2Fmedia&parent=9986"}],"wp:term":[{"taxonomy":"category","embeddable":true,"href":"https:\/\/www.contergan-nrw.eu\/index.php?rest_route=%2Fwp%2Fv2%2Fcategories&post=9986"},{"taxonomy":"post_tag","embeddable":true,"href":"https:\/\/www.contergan-nrw.eu\/index.php?rest_route=%2Fwp%2Fv2%2Ftags&post=9986"}],"curies":[{"name":"wp","href":"https:\/\/api.w.org\/{rel}","templated":true}]}}