{"id":9971,"date":"2021-02-09T17:26:01","date_gmt":"2021-02-09T16:26:01","guid":{"rendered":"https:\/\/www.contergan-nrw.eu\/?p=9971"},"modified":"2025-12-03T20:01:37","modified_gmt":"2025-12-03T19:01:37","slug":"achtung-fuer-nordrhein-westfalen-corona-schutzimpfung-kostenuebernahme-gebaerdensprachdolmetsche","status":"publish","type":"post","link":"https:\/\/www.contergan-nrw.eu\/?p=9971","title":{"rendered":"Achtung f\u00fcr Nordrhein-Westfalen: Corona &#8211; Schutzimpfung &#8211; Kosten\u00fcbernahme Geb\u00e4rdensprachdolmetsche"},"content":{"rendered":"<p style=\"font-weight: 400;\">Hallo Zusammen,<\/p>\n<p style=\"font-weight: 400;\">endlich haben die Impfungen gegen Corona angefangen.<\/p>\n<p style=\"font-weight: 400;\">Die Terminvereinbarung ist nicht leicht und erfordert Geduld.<\/p>\n<p style=\"font-weight: 400;\">Im Impfzentrum werden viele Fragen gestellt. Deshalb ben\u00f6tigen die meisten geh\u00f6rlosen Menschen einen Geb\u00e4rdensprachdolmetscher.<\/p>\n<p style=\"font-weight: 400;\"><strong>In Nordrhein \u2013 Westfalen hat das Ministerium f\u00fcr Arbeit, Gesundheit und Soziales beschlossen, das Geh\u00f6rlose einen Geb\u00e4rdensprachdolmetscher mitbringen d\u00fcrfen. Und besonders wichtig, die Impfzentren bezahlen die Kosten f\u00fcr die Geb\u00e4rdensprachdolmetscher.<\/strong><\/p>\n<p style=\"font-weight: 400;\"><strong>Die Regelungen f\u00fcr andere Bundesl\u00e4nder liegen uns leider nicht vor.<\/strong><\/p>\n<p style=\"font-weight: 400;\">Im offiziellen Schreiben des Ministeriums f\u00fcr Arbeit, Gesundheit und Soziales des Landes Nordrhein-Westfalen hei\u00dft es:<\/p>\n<p style=\"font-weight: 400;\"><strong>Erlass zur Impfung der Bev\u00f6lkerung gegen Covid-19<\/strong><\/p>\n<p style=\"font-weight: 400;\">Fortschreibung des Erlasses vom 4. Dezember 2020 in der Fassung vom 29. Januar 2021<\/p>\n<p style=\"font-weight: 400;\"><strong>\u00a0<\/strong><\/p>\n<ol start=\"9\">\n<li style=\"font-weight: 400;\"><strong> Kosten\u00fcbernahme f\u00fcr Geb\u00e4rdensprachdolmetscher<\/strong><\/li>\n<\/ol>\n<p style=\"font-weight: 400;\">Die Kosten f\u00fcr Geb\u00e4rdensprachdolmetscher geh\u00f6ren zu den Impfkosten bzw. den Kosten f\u00fcr den Betrieb der Impfzentren. Das Impfzentrum er-stattet daher diese Kosten und rechnet sie anschlie\u00dfend mit dem Land ab. Als Anlage ist hierf\u00fcr ein Muster eines Abrechnungsformulars beige-f\u00fcgt. Dies wird den Berechtigten vom MAGS auch \u00fcber die Verb\u00e4nde zur Verf\u00fcgung gestellt.<\/p>\n<p style=\"font-weight: 400;\">Viele Gr\u00fc\u00dfe und bleibt gesund!<\/p>\n<p style=\"font-weight: 400;\">Sabine G\u00f6bber<\/p>\n<p style=\"font-weight: 400;\">Interessenverband Contergangesch\u00e4digter<\/p>\n<p style=\"font-weight: 400;\">Nordrhein-Westfalen e.V.<\/p>\n<p style=\"font-weight: 400;\">Hilfswerk f\u00fcr vorgeburtlich Gesch\u00e4digte<\/p>\n<p style=\"font-weight: 400;\">Peer- to-Peer-Beratungsangebot<\/p>\n<p style=\"font-weight: 400;\">Sabine G\u00f6bber<\/p>\n<p style=\"font-weight: 400;\">Diplom-Sozialp\u00e4dagogin<\/p>\n<p style=\"font-weight: 400;\">Krankenschwester<\/p>\n<p style=\"font-weight: 400;\">Ref. f\u00fcr Gesundheits- und Sozialmanagement<\/p>\n<p style=\"font-weight: 400;\">Mobil:\u00a0 +49 171-3080816<\/p>\n<p style=\"font-weight: 400;\">Tel.: \u00a0\u00a0\u00a0\u00a0\u00a0 \u00a0+49 2428-9021470<\/p>\n<p style=\"font-weight: 400;\">Fax:\u00a0\u00a0\u00a0\u00a0\u00a0\u00a0\u00a0 +49 2428-9021480<\/p>\n<p style=\"font-weight: 400;\">Mail:\u00a0\u00a0\u00a0\u00a0\u00a0\u00a0\u00a0<a href=\"mailto:s.goebber@contergan-nrw-peer-to-peer.eu\">s.goebber@contergan-nrw-peer-to-peer.eu<\/a><\/p>\n","protected":false},"excerpt":{"rendered":"<p>Hallo Zusammen, endlich haben die Impfungen gegen Corona angefangen. Die Terminvereinbarung ist nicht leicht und erfordert Geduld. Im Impfzentrum werden viele Fragen gestellt. Deshalb ben\u00f6tigen die meisten geh\u00f6rlosen Menschen einen Geb\u00e4rdensprachdolmetscher. In Nordrhein \u2013 Westfalen hat das Ministerium f\u00fcr Arbeit, Gesundheit und Soziales beschlossen, das Geh\u00f6rlose einen Geb\u00e4rdensprachdolmetscher mitbringen d\u00fcrfen. Und besonders wichtig, die Impfzentren [&hellip;]<\/p>\n","protected":false},"author":1,"featured_media":5687,"comment_status":"closed","ping_status":"open","sticky":false,"template":"","format":"standard","meta":{"footnotes":""},"categories":[76],"tags":[977,1466],"class_list":["post-9971","post","type-post","status-publish","format-standard","has-post-thumbnail","hentry","category-news-archiv","tag-corona","tag-impfung"],"publishpress_future_action":{"enabled":false,"date":"2026-09-13 16:13:12","action":"change-status","newStatus":"draft","terms":[],"taxonomy":"category","extraData":[]},"publishpress_future_workflow_manual_trigger":{"enabledWorkflows":[]},"_links":{"self":[{"href":"https:\/\/www.contergan-nrw.eu\/index.php?rest_route=\/wp\/v2\/posts\/9971","targetHints":{"allow":["GET"]}}],"collection":[{"href":"https:\/\/www.contergan-nrw.eu\/index.php?rest_route=\/wp\/v2\/posts"}],"about":[{"href":"https:\/\/www.contergan-nrw.eu\/index.php?rest_route=\/wp\/v2\/types\/post"}],"author":[{"embeddable":true,"href":"https:\/\/www.contergan-nrw.eu\/index.php?rest_route=\/wp\/v2\/users\/1"}],"replies":[{"embeddable":true,"href":"https:\/\/www.contergan-nrw.eu\/index.php?rest_route=%2Fwp%2Fv2%2Fcomments&post=9971"}],"version-history":[{"count":3,"href":"https:\/\/www.contergan-nrw.eu\/index.php?rest_route=\/wp\/v2\/posts\/9971\/revisions"}],"predecessor-version":[{"id":9973,"href":"https:\/\/www.contergan-nrw.eu\/index.php?rest_route=\/wp\/v2\/posts\/9971\/revisions\/9973"}],"wp:featuredmedia":[{"embeddable":true,"href":"https:\/\/www.contergan-nrw.eu\/index.php?rest_route=\/wp\/v2\/media\/5687"}],"wp:attachment":[{"href":"https:\/\/www.contergan-nrw.eu\/index.php?rest_route=%2Fwp%2Fv2%2Fmedia&parent=9971"}],"wp:term":[{"taxonomy":"category","embeddable":true,"href":"https:\/\/www.contergan-nrw.eu\/index.php?rest_route=%2Fwp%2Fv2%2Fcategories&post=9971"},{"taxonomy":"post_tag","embeddable":true,"href":"https:\/\/www.contergan-nrw.eu\/index.php?rest_route=%2Fwp%2Fv2%2Ftags&post=9971"}],"curies":[{"name":"wp","href":"https:\/\/api.w.org\/{rel}","templated":true}]}}