{"id":9920,"date":"2021-01-23T17:39:58","date_gmt":"2021-01-23T16:39:58","guid":{"rendered":"https:\/\/www.contergan-nrw.eu\/?p=9920"},"modified":"2025-12-03T19:57:07","modified_gmt":"2025-12-03T18:57:07","slug":"dr-dr-juergen-graf-schliesst-seine-praxis","status":"publish","type":"post","link":"https:\/\/www.contergan-nrw.eu\/?p=9920","title":{"rendered":"Dr. Dr. J\u00fcrgen Graf schlie\u00dft seine Praxis"},"content":{"rendered":"<p><strong><span data-originalfontsize=\"14.5pt\" data-originalcomputedfontsize=\"19.33333396911621\">Hallo an alle Interessierte,\u00a0<\/span><\/strong><\/p>\n<p>&nbsp;<\/p>\n<p><strong><span data-originalfontsize=\"14.5pt\" data-originalcomputedfontsize=\"19.33333396911621\">wir haben erfahren, dass Dr.Dr. Graf, ein langj\u00e4hriger Begleiter von uns contergangesch\u00e4digten Menschen seine Praxis schlie\u00dft.<\/span><\/strong><\/p>\n<p><em><span data-originalfontsize=\"13.5pt\" data-originalcomputedfontsize=\"18\">\u201ePrivatdozent Dr. med. Dr. med. habil. J\u00fcrgen Graf\u00a0ist der Nachfolger von Prof. Dr. Marquardt, der fr\u00fcher in Heidelberg praktizierte und dort viele contergangesch\u00e4digte Kinder behandelt hat. \u00a0Seit vielen Jahrzehnten hat Dr. Dr. Graf diese Arbeit weitergef\u00fchrt und etliche contergangesch\u00e4digte Menschen bei ihren orthop\u00e4dischen Anliegen aktiv unterst\u00fctzt und begleitet.\u201c <\/span><\/em><\/p>\n<p><em><span data-originalfontsize=\"13.5pt\" data-originalcomputedfontsize=\"18\">Er\u00a0ist u.a. \u00a0Mitglied der medizinischen Kommisson der Conterganstiftung f\u00fcr behinderte.<\/span><\/em><\/p>\n<p>&nbsp;<\/p>\n<p><span data-originalfontsize=\"13.5pt\" data-originalcomputedfontsize=\"18\">Diese oder \u00e4hnliche Informationen \u00fcber ihn wird es schon bald nicht mehr geben. <\/span><\/p>\n<p><span data-originalfontsize=\"13.5pt\" data-originalcomputedfontsize=\"18\">J\u00fcrgen Graf gibt nach jahrzehntelanger Arbeit f\u00fcr die contergangesch\u00e4digten Menschen seine Praxis auf. <\/span><\/p>\n<p><span data-originalfontsize=\"13.5pt\" data-originalcomputedfontsize=\"18\">Nicht ganz ohne ein paar S\u00e4tze von uns soll er gehen. Sicherlich habt ihr unterschiedliche Erfahrungen gemacht, aber insgesamt haben wir ihm viel zu verdanken. <\/span><\/p>\n<p><span data-originalfontsize=\"13.5pt\" data-originalcomputedfontsize=\"18\">So m\u00f6chten wir ihm eine Sammlung von Bemerkungen, Erlebnissen und W\u00fcnschen, die im Zusammenhang mit seinem Handeln stehen, schicken. <\/span><\/p>\n<p><span data-originalfontsize=\"13.5pt\" data-originalcomputedfontsize=\"18\">Ein ganz pers\u00f6nliches Dankesch\u00f6n.<\/span><\/p>\n<p><span data-originalfontsize=\"13.5pt\" data-originalcomputedfontsize=\"18\"><br \/>\nViele von euch haben J\u00fcrgen Graf als Orthop\u00e4den pers\u00f6nlich kennengelernt. Schreibt auf, was ihr ihm zum Abschluss seiner T\u00e4tigkeit sagen wollt.<\/span><\/p>\n<p><span data-originalfontsize=\"13.5pt\" data-originalcomputedfontsize=\"18\">Wir tragen es zusammen und gestalten daraus einen Gru\u00df zum Abschluss.<\/span><\/p>\n<p>&nbsp;<\/p>\n<p><span data-originalfontsize=\"13.5pt\" data-originalcomputedfontsize=\"18\">Daf\u00fcr k\u00f6nnt ihr die Zeit im Lockdown gut benutzen. Schickt eure kreativen Ideen bis zum 14. Februar 2021 an:<\/span><\/p>\n<p><a href=\"mailto:herterich@contergan-nrw.eu\" data-removefontsize=\"true\" data-originalcomputedfontsize=\"18\">herterich@contergan-nrw.eu<\/a><\/p>\n<p>VIELEN DANK!!<\/p>\n<p><span data-originalfontsize=\"13.5pt\" data-originalcomputedfontsize=\"18\"><br \/>\nDer Vorstand<\/span><\/p>\n<p>&nbsp;<\/p>\n<p data-removefontsize=\"true\" data-originalcomputedfontsize=\"16\">Interessenverband Contergangesch\u00e4digter<\/p>\n<p data-removefontsize=\"true\" data-originalcomputedfontsize=\"16\">Nordrhein-Westfalen e.V.<\/p>\n<p data-removefontsize=\"true\" data-originalcomputedfontsize=\"16\">Hilfswerk f\u00fcr vorgeburtlich Gesch\u00e4digte<\/p>\n<p>&nbsp;<\/p>\n<p data-removefontsize=\"true\" data-originalcomputedfontsize=\"16\">Udo Herterich<\/p>\n<ol>\n<li data-removefontsize=\"true\" data-originalcomputedfontsize=\"16\">Vorsitzender<\/li>\n<\/ol>\n<p>&nbsp;<\/p>\n<p><a href=\"https:\/\/www.google.com\/maps\/search\/Maternusstr.+9+50996+K%C3%B6ln?entry=gmail&amp;source=g\" data-saferedirecturl=\"https:\/\/www.google.com\/url?q=https:\/\/www.google.com\/maps\/search\/Maternusstr.%2B9%2B50996%2BK%25C3%25B6ln?entry%3Dgmail%26source%3Dg&amp;source=gmail&amp;ust=1611505414638000&amp;usg=AFQjCNEIwHPVodSjW6W8klyAB7ldZzVu_g\" data-removefontsize=\"true\" data-originalcomputedfontsize=\"16\">Maternusstr. 9<\/a><\/p>\n<p><a href=\"https:\/\/www.google.com\/maps\/search\/Maternusstr.+9+50996+K%C3%B6ln?entry=gmail&amp;source=g\" data-saferedirecturl=\"https:\/\/www.google.com\/url?q=https:\/\/www.google.com\/maps\/search\/Maternusstr.%2B9%2B50996%2BK%25C3%25B6ln?entry%3Dgmail%26source%3Dg&amp;source=gmail&amp;ust=1611505414638000&amp;usg=AFQjCNEIwHPVodSjW6W8klyAB7ldZzVu_g\" data-removefontsize=\"true\" data-originalcomputedfontsize=\"16\">50996 K\u00f6ln<\/a><\/p>\n<p data-removefontsize=\"true\" data-originalcomputedfontsize=\"16\">Telefon 0221 \u2013 37 98 59 47<\/p>\n<p><a href=\"mailto:herterich@contergan-nrw.eu\" data-removefontsize=\"true\" data-originalcomputedfontsize=\"16\">herterich@contergan-nrw.eu<\/a><\/p>\n<p><a href=\"http:\/\/2026.contergan-nrw.eu\/\" data-saferedirecturl=\"https:\/\/www.google.com\/url?q=http:\/\/2026.contergan-nrw.eu&amp;source=gmail&amp;ust=1611505414638000&amp;usg=AFQjCNHqL_vTiG0x7ZDGNlFe_9LNKgw6tQ\" data-removefontsize=\"true\" data-originalcomputedfontsize=\"16\">www.contergan-nrw.eu<\/a><\/p>\n","protected":false},"excerpt":{"rendered":"<p>Hallo an alle Interessierte,\u00a0 &nbsp; wir haben erfahren, dass Dr.Dr. Graf, ein langj\u00e4hriger Begleiter von uns contergangesch\u00e4digten Menschen seine Praxis schlie\u00dft. \u201ePrivatdozent Dr. med. Dr. med. habil. J\u00fcrgen Graf\u00a0ist der Nachfolger von Prof. Dr. Marquardt, der fr\u00fcher in Heidelberg praktizierte und dort viele contergangesch\u00e4digte Kinder behandelt hat. \u00a0Seit vielen Jahrzehnten hat Dr. Dr. Graf diese [&hellip;]<\/p>\n","protected":false},"author":1,"featured_media":5687,"comment_status":"closed","ping_status":"open","sticky":false,"template":"","format":"standard","meta":{"footnotes":""},"categories":[76],"tags":[1476,649],"class_list":["post-9920","post","type-post","status-publish","format-standard","has-post-thumbnail","hentry","category-news-archiv","tag-juergen-graf","tag-praxis"],"publishpress_future_action":{"enabled":false,"date":"2026-09-13 16:13:16","action":"change-status","newStatus":"draft","terms":[],"taxonomy":"category","extraData":[]},"publishpress_future_workflow_manual_trigger":{"enabledWorkflows":[]},"_links":{"self":[{"href":"https:\/\/www.contergan-nrw.eu\/index.php?rest_route=\/wp\/v2\/posts\/9920","targetHints":{"allow":["GET"]}}],"collection":[{"href":"https:\/\/www.contergan-nrw.eu\/index.php?rest_route=\/wp\/v2\/posts"}],"about":[{"href":"https:\/\/www.contergan-nrw.eu\/index.php?rest_route=\/wp\/v2\/types\/post"}],"author":[{"embeddable":true,"href":"https:\/\/www.contergan-nrw.eu\/index.php?rest_route=\/wp\/v2\/users\/1"}],"replies":[{"embeddable":true,"href":"https:\/\/www.contergan-nrw.eu\/index.php?rest_route=%2Fwp%2Fv2%2Fcomments&post=9920"}],"version-history":[{"count":3,"href":"https:\/\/www.contergan-nrw.eu\/index.php?rest_route=\/wp\/v2\/posts\/9920\/revisions"}],"predecessor-version":[{"id":9922,"href":"https:\/\/www.contergan-nrw.eu\/index.php?rest_route=\/wp\/v2\/posts\/9920\/revisions\/9922"}],"wp:featuredmedia":[{"embeddable":true,"href":"https:\/\/www.contergan-nrw.eu\/index.php?rest_route=\/wp\/v2\/media\/5687"}],"wp:attachment":[{"href":"https:\/\/www.contergan-nrw.eu\/index.php?rest_route=%2Fwp%2Fv2%2Fmedia&parent=9920"}],"wp:term":[{"taxonomy":"category","embeddable":true,"href":"https:\/\/www.contergan-nrw.eu\/index.php?rest_route=%2Fwp%2Fv2%2Fcategories&post=9920"},{"taxonomy":"post_tag","embeddable":true,"href":"https:\/\/www.contergan-nrw.eu\/index.php?rest_route=%2Fwp%2Fv2%2Ftags&post=9920"}],"curies":[{"name":"wp","href":"https:\/\/api.w.org\/{rel}","templated":true}]}}