{"id":9868,"date":"2021-01-03T13:36:01","date_gmt":"2021-01-03T12:36:01","guid":{"rendered":"https:\/\/www.contergan-nrw.eu\/?p=9868"},"modified":"2025-12-03T19:54:03","modified_gmt":"2025-12-03T18:54:03","slug":"online-malkurs-mit-anna-schueler","status":"publish","type":"post","link":"https:\/\/www.contergan-nrw.eu\/?p=9868","title":{"rendered":"Online Malkurs mit Anna Schueler"},"content":{"rendered":"<p style=\"font-weight: 400;\">Liebe MalfreundInnen,<\/p>\n<p style=\"font-weight: 400;\">ich w\u00fcnsche euch allen ein wunder.volles, gl\u00fcckliches und gesundes neues Jahr!<\/p>\n<p style=\"font-weight: 400;\">Coronzeiten sind eine Herausforderung, normale Pr\u00e4senzworkshops k\u00f6nnen nicht stattfinden und die Zeit im Lockdown kann lang und auch langweilig werden.<\/p>\n<p>In Absprache mit Udo und B\u00e4rbel habe ich mir folgendes \u00fcberlegt:<\/p>\n<p>Wenn ihr Interesse habt k\u00f6nnten wir Online gemeinsam arbeiten.<\/p>\n<p style=\"font-weight: 400;\">Erst hatte ich \u00fcberlegt einen Online Malkurs \u00fcber Zoom anzubieten, das hat aber gewisse Nachteile. Man k\u00f6nnte nicht so ohne weiteres mal eine dringend ben\u00f6tigte Pause einlegen, denn dann w\u00fcrde man evtl. etwas verpassen und es hat auch nicht jede\/r Lust Stunden vor dem PC zu verbringen.<\/p>\n<p style=\"font-weight: 400;\">Daher bin ich auf die Idee gekommen Videos zu einzelnen Themen zu erstellen, in dem ich beispielsweise eine Landschaft, ein Stillleben oder ein Portrait von Anfang bis Ende male und w\u00e4hrend des Drehs nat\u00fcrlich auch alles zu Theorie und Praxis erkl\u00e4re.<br \/>\nDiese Videos k\u00f6nntet ihr euch dann in Ruhe anschauen, stoppen wann immer es f\u00fcr euch n\u00f6tig ist und nat\u00fcrlich auch endlos oft ansehen.<br \/>\nWir w\u00fcrden dann feste Zoom Termine verabreden, uns zweimal im Monat online treffen, um die Fortschritte zu diskutieren, um Fragen zu stellen bzw. zu beantworten und auch um vielleicht einfach zu plaudern und gemeinsam Spa\u00df zu haben.<\/p>\n<p style=\"font-weight: 400;\">Was haltet ihr davon?<\/p>\n<p>Ich w\u00fcrde diejenigen, die Lust auf diese Art Malkurs haben, bitten mir bis Ende Januar Bescheid zu geben. Bei Fragen auch bitte direkt an mich wenden. Wenn genug TeilnehmerInnen, ich dachte an ein Minimum von 10, zusammenkommen, k\u00f6nnte ich dann mit dem Dreh beginnen und wir k\u00f6nnten bald loslegen.<\/p>\n<p style=\"font-weight: 400;\">Ich habe eine kleine Umfrage erstellt, \u00fcber die ihr mit mitteilen k\u00f6nnt, auf was ihr am meisten Lust habt.<\/p>\n<p><a href=\"https:\/\/doodle.com\/poll\/dgqcmxhhh96w9md6?utm_source=poll&amp;utm_medium=link\" data-saferedirecturl=\"https:\/\/www.google.com\/url?q=https:\/\/doodle.com\/poll\/dgqcmxhhh96w9md6?utm_source%3Dpoll%26utm_medium%3Dlink&amp;source=gmail&amp;ust=1609763612988000&amp;usg=AFQjCNHVRWQcEo8MX7DONURQB440zTvZaA\">https:\/\/doodle.com\/poll\/dgqcmxhhh96w9md6?utm_source=poll&amp;utm_medium=link<\/a><\/p>\n<p style=\"font-weight: 400;\">Die Kosten f\u00fcr die Teilnahme belaufen sich auf 50,00 Euro pro Person.<\/p>\n<p style=\"font-weight: 400;\">Alles an Einnahmen was \u00fcber die 10 TeilnehmerInnen hinausgeht, wird an die Fl\u00fcchtlingshilfe der UNHCR oder eine \u00e4hnliche Einrichtung gespendet, die sich f\u00fcr Wohl und Sicherheit der Menschen, die auf der Flucht sind einsetzt.<\/p>\n<p>Ich schicke euch herzliche Gr\u00fc\u00dfe und bleibt gesund!<\/p>\n<p>Anna<\/p>\n<p>Und wie schon erw\u00e4hnt, bei Fragen einfach anmailen oder auch gern per Whatsapp untere 01737077553<\/p>\n<p>&nbsp;<\/p>\n<p><em>anna schueler<\/em><em><br \/>\n&#8212;&#8212;&#8212;&#8212;&#8212;&#8212;&#8212;&#8212;&#8212;&#8212;&#8212;<br \/>\natelier schmerlingstr. 34<br \/>\n59379 selm<br \/>\nmobil: +491737077553<br \/>\nmail:\u00a0<a href=\"mailto:anna.schueler@gmx.de\">anna.schueler@gmx.de<\/a><br \/>\n&#8212;&#8212;&#8212;&#8212;&#8212;&#8212;&#8212;&#8212;&#8212;&#8212;&#8212;-<br \/>\nweb:\u00a0<\/em><em><a href=\"http:\/\/annaschueler.de\/\" data-saferedirecturl=\"https:\/\/www.google.com\/url?q=http:\/\/annaschueler.de&amp;source=gmail&amp;ust=1609763612989000&amp;usg=AFQjCNGD4D-VYurQohB2F2KmjFjpM7eqGA\">http:\/\/annaschueler.de<\/a><\/em><em><br \/>\ngallery:\u00a0<a href=\"http:\/\/www.saatchiart.com\/account\/artworks\/554227\" data-saferedirecturl=\"https:\/\/www.google.com\/url?q=http:\/\/www.saatchiart.com\/account\/artworks\/554227&amp;source=gmail&amp;ust=1609763612989000&amp;usg=AFQjCNG04ql5vJEZdrAHdhi4lVb5d7koZg\">http:\/\/www.saatchiart.com\/account\/artworks\/554227<\/a><\/em><\/p>\n","protected":false},"excerpt":{"rendered":"<p>Liebe MalfreundInnen, ich w\u00fcnsche euch allen ein wunder.volles, gl\u00fcckliches und gesundes neues Jahr! Coronzeiten sind eine Herausforderung, normale Pr\u00e4senzworkshops k\u00f6nnen nicht stattfinden und die Zeit im Lockdown kann lang und auch langweilig werden. In Absprache mit Udo und B\u00e4rbel habe ich mir folgendes \u00fcberlegt: Wenn ihr Interesse habt k\u00f6nnten wir Online gemeinsam arbeiten. Erst hatte [&hellip;]<\/p>\n","protected":false},"author":1,"featured_media":5687,"comment_status":"closed","ping_status":"open","sticky":false,"template":"","format":"standard","meta":{"footnotes":""},"categories":[389],"tags":[490,492,983],"class_list":["post-9868","post","type-post","status-publish","format-standard","has-post-thumbnail","hentry","category-veranstaltungs-archiv","tag-malen","tag-malkurs","tag-zoom"],"publishpress_future_action":{"enabled":false,"date":"2026-09-13 15:03:19","action":"change-status","newStatus":"draft","terms":[],"taxonomy":"category","extraData":[]},"publishpress_future_workflow_manual_trigger":{"enabledWorkflows":[]},"_links":{"self":[{"href":"https:\/\/www.contergan-nrw.eu\/index.php?rest_route=\/wp\/v2\/posts\/9868","targetHints":{"allow":["GET"]}}],"collection":[{"href":"https:\/\/www.contergan-nrw.eu\/index.php?rest_route=\/wp\/v2\/posts"}],"about":[{"href":"https:\/\/www.contergan-nrw.eu\/index.php?rest_route=\/wp\/v2\/types\/post"}],"author":[{"embeddable":true,"href":"https:\/\/www.contergan-nrw.eu\/index.php?rest_route=\/wp\/v2\/users\/1"}],"replies":[{"embeddable":true,"href":"https:\/\/www.contergan-nrw.eu\/index.php?rest_route=%2Fwp%2Fv2%2Fcomments&post=9868"}],"version-history":[{"count":3,"href":"https:\/\/www.contergan-nrw.eu\/index.php?rest_route=\/wp\/v2\/posts\/9868\/revisions"}],"predecessor-version":[{"id":9870,"href":"https:\/\/www.contergan-nrw.eu\/index.php?rest_route=\/wp\/v2\/posts\/9868\/revisions\/9870"}],"wp:featuredmedia":[{"embeddable":true,"href":"https:\/\/www.contergan-nrw.eu\/index.php?rest_route=\/wp\/v2\/media\/5687"}],"wp:attachment":[{"href":"https:\/\/www.contergan-nrw.eu\/index.php?rest_route=%2Fwp%2Fv2%2Fmedia&parent=9868"}],"wp:term":[{"taxonomy":"category","embeddable":true,"href":"https:\/\/www.contergan-nrw.eu\/index.php?rest_route=%2Fwp%2Fv2%2Fcategories&post=9868"},{"taxonomy":"post_tag","embeddable":true,"href":"https:\/\/www.contergan-nrw.eu\/index.php?rest_route=%2Fwp%2Fv2%2Ftags&post=9868"}],"curies":[{"name":"wp","href":"https:\/\/api.w.org\/{rel}","templated":true}]}}