{"id":9806,"date":"2020-12-11T15:05:18","date_gmt":"2020-12-11T14:05:18","guid":{"rendered":"https:\/\/www.contergan-nrw.eu\/?p=9806"},"modified":"2025-12-03T19:49:32","modified_gmt":"2025-12-03T18:49:32","slug":"covid-19-impfstoff-fuer-contergangeschaedigte-menschen-antwort-der","status":"publish","type":"post","link":"https:\/\/www.contergan-nrw.eu\/?p=9806","title":{"rendered":"COVID 19 &#8211; Impfstoff f\u00fcr Contergangesch\u00e4digte Menschen &#8211; Antwort der"},"content":{"rendered":"<p>Hallo zusammen,<br \/>\nviele habe mich gefragt ob wir Risikogruppe sind, was wir tun sollen um geimpft zu werden u.s.w.?<\/p>\n<p>Die Fragen habe ich der Conterganstiftung weitergeleitet und darf mit Erlaubnis nachfolgende eMail an euch weiterleiten.<\/p>\n<p>Sicherlich vielen bekannt aber anscheinend nicht ALLEN, daher erlaube ich mir diese Info gerne an euch weiterzuleiten.<br \/>\nEinen sch\u00f6nen 3. Advent allerseits<br \/>\nUdo Herterich<\/p>\n<p>Antwort der Conterganstiftung f\u00fcr behinderte Menschen:<\/p>\n<p>Lieber Herr Herterich,<\/p>\n<p>gerade habe ich Ihre Nachricht gesehen und m\u00f6chte darauf vorab kurz unmittelbar antworten. Wir haben zu dem Thema schon einiges in die Wege geleitet und hier dar\u00fcber informiert:<\/p>\n<p><a href=\"https:\/\/www.contergan-infoportal.de\/aktuelles\/covid-19-prioritaere-impfmoeglichkeit-fuer-menschen-mit-conterganschaedigung\/\" target=\"_blank\" rel=\"noopener noreferrer\" data-saferedirecturl=\"https:\/\/www.google.com\/url?q=https:\/\/www.contergan-infoportal.de\/aktuelles\/covid-19-prioritaere-impfmoeglichkeit-fuer-menschen-mit-conterganschaedigung\/&amp;source=gmail&amp;ust=1607781318058000&amp;usg=AFQjCNHlfNu3tghLyTD9nqRAnP_279bUSA\" data-removefontsize=\"true\" data-originalcomputedfontsize=\"16\">https:\/\/www.contergan-infoport<wbr \/>al.de\/aktuelles\/covid-19-<wbr \/>prioritaere-impfmoeglichkeit-<wbr \/>fuer-menschen-mit-contergansch<wbr \/>aedigung\/<\/a><\/p>\n<p>Selbstverst\u00e4ndlich halten wir \u00fcber die Ergebnisse unserer Unternehmungen auf dem Laufenden. Vielen Dank nochmals f\u00fcr Ihren Hinweis, dass die Infobriefe in Papier f\u00fcr einige Betroffene nach wie vor wichtig sind.<\/p>\n<p>Lassen Sie uns zu diesem (und allen anderen) Themen gerne im Austausch bleiben!<\/p>\n<p>Wir w\u00fcnschen Ihnen und Ihrer Frau ebenfalls ein erholsames Wochenende und einen sch\u00f6nen dritten Advent.<\/p>\n<p>Mit herzlichen Gr\u00fc\u00dfen<\/p>\n<p>Kristina Kruse<\/p>\n<p>Conterganstiftung f\u00fcr<br \/>\nbehinderte Menschen<br \/>\nGesch\u00e4ftsstelle<br \/>\nPostanschrift: 50964 K\u00f6ln<br \/>\nTelefon: 0221 3673-3300<br \/>\nTelefax: 0221 3673-3636<br \/>\nE-Mail: <a href=\"mailto:geschaeftsstelle@contergan.bund.de\" target=\"_blank\" rel=\"noopener\" data-removefontsize=\"true\" data-originalcomputedfontsize=\"16\">geschaeftsstelle@contergan.bun<wbr \/>d.de<\/a><br \/>\nInternet: <a href=\"http:\/\/www.contergan-infoportal.de\/\" target=\"_blank\" rel=\"noopener noreferrer\" data-saferedirecturl=\"https:\/\/www.google.com\/url?q=http:\/\/www.contergan-infoportal.de&amp;source=gmail&amp;ust=1607781318058000&amp;usg=AFQjCNF-BV9YUIncxkCLzMjbjaavy7VK4A\" data-removefontsize=\"true\" data-originalcomputedfontsize=\"16\">www.contergan-infoportal.de<\/a><\/p>\n<p>&nbsp;<\/p>\n","protected":false},"excerpt":{"rendered":"<p>Hallo zusammen, viele habe mich gefragt ob wir Risikogruppe sind, was wir tun sollen um geimpft zu werden u.s.w.? Die Fragen habe ich der Conterganstiftung weitergeleitet und darf mit Erlaubnis nachfolgende eMail an euch weiterleiten. Sicherlich vielen bekannt aber anscheinend nicht ALLEN, daher erlaube ich mir diese Info gerne an euch weiterzuleiten. Einen sch\u00f6nen 3. [&hellip;]<\/p>\n","protected":false},"author":1,"featured_media":5687,"comment_status":"closed","ping_status":"open","sticky":false,"template":"","format":"standard","meta":{"footnotes":""},"categories":[76],"tags":[1464,1465,1466],"class_list":["post-9806","post","type-post","status-publish","format-standard","has-post-thumbnail","hentry","category-news-archiv","tag-covid","tag-covid-19","tag-impfung"],"publishpress_future_action":{"enabled":false,"date":"2026-09-13 14:29:29","action":"change-status","newStatus":"draft","terms":[],"taxonomy":"category","extraData":[]},"publishpress_future_workflow_manual_trigger":{"enabledWorkflows":[]},"_links":{"self":[{"href":"https:\/\/www.contergan-nrw.eu\/index.php?rest_route=\/wp\/v2\/posts\/9806","targetHints":{"allow":["GET"]}}],"collection":[{"href":"https:\/\/www.contergan-nrw.eu\/index.php?rest_route=\/wp\/v2\/posts"}],"about":[{"href":"https:\/\/www.contergan-nrw.eu\/index.php?rest_route=\/wp\/v2\/types\/post"}],"author":[{"embeddable":true,"href":"https:\/\/www.contergan-nrw.eu\/index.php?rest_route=\/wp\/v2\/users\/1"}],"replies":[{"embeddable":true,"href":"https:\/\/www.contergan-nrw.eu\/index.php?rest_route=%2Fwp%2Fv2%2Fcomments&post=9806"}],"version-history":[{"count":2,"href":"https:\/\/www.contergan-nrw.eu\/index.php?rest_route=\/wp\/v2\/posts\/9806\/revisions"}],"predecessor-version":[{"id":9808,"href":"https:\/\/www.contergan-nrw.eu\/index.php?rest_route=\/wp\/v2\/posts\/9806\/revisions\/9808"}],"wp:featuredmedia":[{"embeddable":true,"href":"https:\/\/www.contergan-nrw.eu\/index.php?rest_route=\/wp\/v2\/media\/5687"}],"wp:attachment":[{"href":"https:\/\/www.contergan-nrw.eu\/index.php?rest_route=%2Fwp%2Fv2%2Fmedia&parent=9806"}],"wp:term":[{"taxonomy":"category","embeddable":true,"href":"https:\/\/www.contergan-nrw.eu\/index.php?rest_route=%2Fwp%2Fv2%2Fcategories&post=9806"},{"taxonomy":"post_tag","embeddable":true,"href":"https:\/\/www.contergan-nrw.eu\/index.php?rest_route=%2Fwp%2Fv2%2Ftags&post=9806"}],"curies":[{"name":"wp","href":"https:\/\/api.w.org\/{rel}","templated":true}]}}