{"id":9803,"date":"2020-12-11T09:34:54","date_gmt":"2020-12-11T08:34:54","guid":{"rendered":"https:\/\/www.contergan-nrw.eu\/?p=9803"},"modified":"2025-12-03T19:48:12","modified_gmt":"2025-12-03T18:48:12","slug":"video-sprechstunde-zum-ambulanten-zentrum-fuer-contergangeschaedigte-menschen","status":"publish","type":"post","link":"https:\/\/www.contergan-nrw.eu\/?p=9803","title":{"rendered":"Video-Sprechstunde zum Ambulanten Zentrum f\u00fcr contergangesch\u00e4digte Menschen"},"content":{"rendered":"<p style=\"text-align: center;\"><strong><span data-originalfontsize=\"14pt\" data-originalcomputedfontsize=\"18.66666603088379\">Einladung zur Video-Sprechstunde<\/span><\/strong><\/p>\n<p style=\"text-align: center;\"><strong><span data-originalfontsize=\"14pt\" data-originalcomputedfontsize=\"18.66666603088379\">zum Ambulanten Zentrum f\u00fcr contergangesch\u00e4digte Menschen<\/span><\/strong><\/p>\n<p style=\"text-align: center;\"><strong><span data-originalfontsize=\"14pt\" data-originalcomputedfontsize=\"18.66666603088379\">Donnerstag, 17.12.20 von 11:00-13:00 Uhr<\/span><\/strong><\/p>\n<p>&nbsp;<\/p>\n<p><span data-removefontsize=\"true\" data-originalcomputedfontsize=\"14.666666984558105\">Immer wieder erreichen uns viele Fragen rund um einen Besuch und die Behandlungsm\u00f6glichkeiten im Ambulanten Zentrum f\u00fcr contergangesch\u00e4digte Menschen. Zum Beispiel wie man zu uns kommen kann, was f\u00fcr einen Behandlungsbesuch ben\u00f6tigt wird und wie so ein Besuch abl\u00e4uft.<\/span><\/p>\n<p>&nbsp;<\/p>\n<p><strong><span data-removefontsize=\"true\" data-originalcomputedfontsize=\"14.666666984558105\">Gerne m\u00f6chte ich deshalb zu einer Video-Sprechstunde einladen, um Eure Fragen pers\u00f6nlich zu beantworten.<\/span><\/strong><\/p>\n<p>&nbsp;<\/p>\n<p><span data-removefontsize=\"true\" data-originalcomputedfontsize=\"14.666666984558105\">Wir treffen uns auf einer gesch\u00fctzten Videoplattform. Ihr braucht nichts zu installieren oder herunter zu laden. Nach Eurer Anmeldung werdet Ihr von mir per Mail eine Einleitung und einen Einladungslink (diesen erst ca. 24 Std. vor dem Meeting) bekommen, auf den man dann zur verabredeten Zeit nur klicken muss. Schon sehen wir uns in Bild und Ton!<\/span><\/p>\n<p>&nbsp;<\/p>\n<p><span data-removefontsize=\"true\" data-originalcomputedfontsize=\"14.666666984558105\">Mein Name ist Irmela Aurich, ich bin Koordinatorin des Ambulanten Zentrums f\u00fcr contergangesch\u00e4digte Menschen in N\u00fcmbrecht und freue mich schon sehr auf den Kontakt mit Euch.<\/span><\/p>\n<p>&nbsp;<\/p>\n<p><em><strong><span data-removefontsize=\"true\" data-originalcomputedfontsize=\"14.666666984558105\">Anmeldungen zur Videosprechstunde bitte an: <a href=\"mailto:koordination@behandlungszentrum-contergan-nrw.eu\" data-removefontsize=\"true\" data-originalcomputedfontsize=\"14.666666984558105\">koordination@behandlungszentrum-contergan-nrw.eu<\/a><\/span><\/strong><\/em><\/p>\n<p><span data-removefontsize=\"true\" data-originalcomputedfontsize=\"14.666666984558105\">Sehr gerne bieten wir auch weitere Termine z.B. im sp\u00e4ten Nachmittagsbereich an, um auch den Berufst\u00e4tigen unter Euch diese Gelegenheit zu geben. Bei Interesse bitte einfach per Mail bei mir melden.<\/span><\/p>\n<p><span data-removefontsize=\"true\" data-originalcomputedfontsize=\"14.666666984558105\">Zu weiteren Fragen (z.B. testen der Videokonferenz) k\u00f6nnt Ihr mich auch gerne telefonisch kontaktieren (Tel. 0152 02959901).<\/span><\/p>\n<p><span data-removefontsize=\"true\" data-originalcomputedfontsize=\"14.666666984558105\">Liebe Gr\u00fc\u00dfe und bis Donnerstag!<\/span><\/p>\n<p><span data-removefontsize=\"true\" data-originalcomputedfontsize=\"14.666666984558105\">Irmela Aurich<\/span><\/p>\n<p>&nbsp;<\/p>\n","protected":false},"excerpt":{"rendered":"<p>Einladung zur Video-Sprechstunde zum Ambulanten Zentrum f\u00fcr contergangesch\u00e4digte Menschen Donnerstag, 17.12.20 von 11:00-13:00 Uhr &nbsp; Immer wieder erreichen uns viele Fragen rund um einen Besuch und die Behandlungsm\u00f6glichkeiten im Ambulanten Zentrum f\u00fcr contergangesch\u00e4digte Menschen. Zum Beispiel wie man zu uns kommen kann, was f\u00fcr einen Behandlungsbesuch ben\u00f6tigt wird und wie so ein Besuch abl\u00e4uft. &nbsp; [&hellip;]<\/p>\n","protected":false},"author":1,"featured_media":5687,"comment_status":"closed","ping_status":"open","sticky":false,"template":"","format":"standard","meta":{"footnotes":""},"categories":[76],"tags":[498],"class_list":["post-9803","post","type-post","status-publish","format-standard","has-post-thumbnail","hentry","category-news-archiv","tag-ambulantes-zentrum"],"publishpress_future_action":{"enabled":false,"date":"2026-09-13 15:03:22","action":"change-status","newStatus":"draft","terms":[],"taxonomy":"category","extraData":[]},"publishpress_future_workflow_manual_trigger":{"enabledWorkflows":[]},"_links":{"self":[{"href":"https:\/\/www.contergan-nrw.eu\/index.php?rest_route=\/wp\/v2\/posts\/9803","targetHints":{"allow":["GET"]}}],"collection":[{"href":"https:\/\/www.contergan-nrw.eu\/index.php?rest_route=\/wp\/v2\/posts"}],"about":[{"href":"https:\/\/www.contergan-nrw.eu\/index.php?rest_route=\/wp\/v2\/types\/post"}],"author":[{"embeddable":true,"href":"https:\/\/www.contergan-nrw.eu\/index.php?rest_route=\/wp\/v2\/users\/1"}],"replies":[{"embeddable":true,"href":"https:\/\/www.contergan-nrw.eu\/index.php?rest_route=%2Fwp%2Fv2%2Fcomments&post=9803"}],"version-history":[{"count":2,"href":"https:\/\/www.contergan-nrw.eu\/index.php?rest_route=\/wp\/v2\/posts\/9803\/revisions"}],"predecessor-version":[{"id":9805,"href":"https:\/\/www.contergan-nrw.eu\/index.php?rest_route=\/wp\/v2\/posts\/9803\/revisions\/9805"}],"wp:featuredmedia":[{"embeddable":true,"href":"https:\/\/www.contergan-nrw.eu\/index.php?rest_route=\/wp\/v2\/media\/5687"}],"wp:attachment":[{"href":"https:\/\/www.contergan-nrw.eu\/index.php?rest_route=%2Fwp%2Fv2%2Fmedia&parent=9803"}],"wp:term":[{"taxonomy":"category","embeddable":true,"href":"https:\/\/www.contergan-nrw.eu\/index.php?rest_route=%2Fwp%2Fv2%2Fcategories&post=9803"},{"taxonomy":"post_tag","embeddable":true,"href":"https:\/\/www.contergan-nrw.eu\/index.php?rest_route=%2Fwp%2Fv2%2Ftags&post=9803"}],"curies":[{"name":"wp","href":"https:\/\/api.w.org\/{rel}","templated":true}]}}