{"id":9364,"date":"2020-07-11T10:53:45","date_gmt":"2020-07-11T08:53:45","guid":{"rendered":"https:\/\/www.contergan-nrw.eu\/?p=9364"},"modified":"2020-12-13T13:21:28","modified_gmt":"2020-12-13T12:21:28","slug":"maennergruppe","status":"publish","type":"post","link":"https:\/\/www.contergan-nrw.eu\/?p=9364","title":{"rendered":"M\u00e4nnergruppe"},"content":{"rendered":"<p>Hallo liebe M\u00e4nner,<\/p>\n<p>ich m\u00f6chte nochmal die Gelegenheit nutzen, um auf unsere M\u00e4nnergruppe hinzuweisen, die sich mittlerweile regelm\u00e4\u00dfig trifft. Bei unseren bisherigen Teilnehmern gibt es einen gro\u00dfen Redebedarf, der die Zeit unserer Treffen bequem mit Inhalten f\u00fcllt.<\/p>\n<p>Dabei kommen sowohl aktuelle Themen wie die Coronakrise und die Auswirkungen auf das allt\u00e4gliche Leben als auch \u00e4ltere Themen wie der Spott oder Ausgrenzung durch Mitsch\u00fcler und Gleichaltrige zur Sprache. Jedes Thema, das einen besch\u00e4ftigt, ist zul\u00e4ssig und absolut legitim.<\/p>\n<p>Noch immer treffen wir uns, aufgrund der aktuellen Situation, online bei Skype. Mittlerweile hat sich der erste Samstag im Monat in der Zeit von 15-17 Uhr eingependelt. Der n\u00e4chste Termin w\u00e4re also der 01. August.<\/p>\n<p>Wir haben noch Platz f\u00fcr weitere interessierte M\u00e4nner und bieten gerne die Gelegenheit zum Austausch. Meldet euch also bei uns, wenn ihr Interesse habt teilzunehmen.<\/p>\n<p>Beste Gr\u00fc\u00dfe<\/p>\n<p>Christoph &amp; Wolfgang<\/p>\n","protected":false},"excerpt":{"rendered":"<p>Hallo liebe M\u00e4nner, ich m\u00f6chte nochmal die Gelegenheit nutzen, um auf unsere M\u00e4nnergruppe hinzuweisen, die sich mittlerweile regelm\u00e4\u00dfig trifft. Bei unseren bisherigen Teilnehmern gibt es einen gro\u00dfen Redebedarf, der die Zeit unserer Treffen bequem mit Inhalten f\u00fcllt. Dabei kommen sowohl aktuelle Themen wie die Coronakrise und die Auswirkungen auf das allt\u00e4gliche Leben als auch \u00e4ltere [&hellip;]<\/p>\n","protected":false},"author":1,"featured_media":5687,"comment_status":"closed","ping_status":"open","sticky":false,"template":"","format":"standard","meta":{"footnotes":""},"categories":[76],"tags":[668],"class_list":["post-9364","post","type-post","status-publish","format-standard","has-post-thumbnail","hentry","category-news-archiv","tag-maennergruppe"],"publishpress_future_action":{"enabled":false,"date":"2026-09-13 20:27:41","action":"change-status","newStatus":"draft","terms":[],"taxonomy":"category","extraData":[]},"publishpress_future_workflow_manual_trigger":{"enabledWorkflows":[]},"_links":{"self":[{"href":"https:\/\/www.contergan-nrw.eu\/index.php?rest_route=\/wp\/v2\/posts\/9364","targetHints":{"allow":["GET"]}}],"collection":[{"href":"https:\/\/www.contergan-nrw.eu\/index.php?rest_route=\/wp\/v2\/posts"}],"about":[{"href":"https:\/\/www.contergan-nrw.eu\/index.php?rest_route=\/wp\/v2\/types\/post"}],"author":[{"embeddable":true,"href":"https:\/\/www.contergan-nrw.eu\/index.php?rest_route=\/wp\/v2\/users\/1"}],"replies":[{"embeddable":true,"href":"https:\/\/www.contergan-nrw.eu\/index.php?rest_route=%2Fwp%2Fv2%2Fcomments&post=9364"}],"version-history":[{"count":2,"href":"https:\/\/www.contergan-nrw.eu\/index.php?rest_route=\/wp\/v2\/posts\/9364\/revisions"}],"predecessor-version":[{"id":9830,"href":"https:\/\/www.contergan-nrw.eu\/index.php?rest_route=\/wp\/v2\/posts\/9364\/revisions\/9830"}],"wp:featuredmedia":[{"embeddable":true,"href":"https:\/\/www.contergan-nrw.eu\/index.php?rest_route=\/wp\/v2\/media\/5687"}],"wp:attachment":[{"href":"https:\/\/www.contergan-nrw.eu\/index.php?rest_route=%2Fwp%2Fv2%2Fmedia&parent=9364"}],"wp:term":[{"taxonomy":"category","embeddable":true,"href":"https:\/\/www.contergan-nrw.eu\/index.php?rest_route=%2Fwp%2Fv2%2Fcategories&post=9364"},{"taxonomy":"post_tag","embeddable":true,"href":"https:\/\/www.contergan-nrw.eu\/index.php?rest_route=%2Fwp%2Fv2%2Ftags&post=9364"}],"curies":[{"name":"wp","href":"https:\/\/api.w.org\/{rel}","templated":true}]}}