{"id":9051,"date":"2020-05-17T14:01:08","date_gmt":"2020-05-17T12:01:08","guid":{"rendered":"https:\/\/www.contergan-nrw.eu\/?p=9051"},"modified":"2020-06-29T21:41:57","modified_gmt":"2020-06-29T19:41:57","slug":"aktuelles-aus-der-conterganstiftung-fuer-behinderte-menschen","status":"publish","type":"post","link":"https:\/\/www.contergan-nrw.eu\/?p=9051","title":{"rendered":"Aktuelles aus der Conterganstiftung f\u00fcr behinderte Menschen"},"content":{"rendered":"<p data-removefontsize=\"true\" data-originalcomputedfontsize=\"16\">Hallo zusammen,<\/p>\n<p data-removefontsize=\"true\" data-originalcomputedfontsize=\"16\">wir m\u00f6chten euch das Schreiben der Conterganstiftung f\u00fcr behinderte Menschen vom 11.5.2020 weiterleiten.<\/p>\n<p>&nbsp;<\/p>\n<p data-removefontsize=\"true\" data-originalcomputedfontsize=\"16\">Ohne weitere Kommentierung durch uns.<\/p>\n<p data-removefontsize=\"true\" data-originalcomputedfontsize=\"16\"><a href=\"http:\/\/2026.contergan-nrw.eu\/wp-content\/uploads\/2020\/05\/Scan-17.05.2020-00.29.pdf\" target=\"_blank\" rel=\"noopener\">Scan 17.05.2020, 00.29<\/a><\/p>\n<p>&nbsp;<\/p>\n<p data-removefontsize=\"true\" data-originalcomputedfontsize=\"16\">Bleibt gesund und bis bald<\/p>\n<p data-removefontsize=\"true\" data-originalcomputedfontsize=\"16\">Claudia und Udo<\/p>\n<p data-removefontsize=\"true\" data-originalcomputedfontsize=\"16\">\n<p data-removefontsize=\"true\" data-originalcomputedfontsize=\"16\">Udo Herterich<\/p>\n<p data-removefontsize=\"true\" data-originalcomputedfontsize=\"16\">Claudia Schmidt-Herterich<\/p>\n<p data-removefontsize=\"true\" data-originalcomputedfontsize=\"16\">Kampagnen &#8211; Sprecher\/in Deutschland<\/p>\n<p data-removefontsize=\"true\" data-originalcomputedfontsize=\"16\">Internationale Contergan \/ Thalidomid Allianz<\/p>\n<p>&nbsp;<\/p>\n<p><a href=\"https:\/\/www.google.com\/maps\/search\/Maternusstr.+9+50996+K%C3%B6ln?entry=gmail&amp;source=g\" data-saferedirecturl=\"https:\/\/www.google.com\/url?q=https:\/\/www.google.com\/maps\/search\/Maternusstr.%2B9%2B50996%2BK%25C3%25B6ln?entry%3Dgmail%26source%3Dg&amp;source=gmail&amp;ust=1589785645106000&amp;usg=AFQjCNEAC4vNh24exQFtAydQIRCpPi9iNA\" data-removefontsize=\"true\" data-originalcomputedfontsize=\"16\">Maternusstr. 9<\/a><\/p>\n<p><a href=\"https:\/\/www.google.com\/maps\/search\/Maternusstr.+9+50996+K%C3%B6ln?entry=gmail&amp;source=g\" data-saferedirecturl=\"https:\/\/www.google.com\/url?q=https:\/\/www.google.com\/maps\/search\/Maternusstr.%2B9%2B50996%2BK%25C3%25B6ln?entry%3Dgmail%26source%3Dg&amp;source=gmail&amp;ust=1589785645106000&amp;usg=AFQjCNEAC4vNh24exQFtAydQIRCpPi9iNA\" data-removefontsize=\"true\" data-originalcomputedfontsize=\"16\">50996 K\u00f6ln<\/a><\/p>\n<p data-removefontsize=\"true\" data-originalcomputedfontsize=\"16\">Telefon 0221 \u2013 37 98 59 47<\/p>\n<p><a href=\"mailto:herterich@ictadeutschland.de\" data-removefontsize=\"true\" data-originalcomputedfontsize=\"16\">herterich@ictadeutschland.de<\/a><\/p>\n<p><a href=\"http:\/\/www.ictadeutschland.de\/\" data-saferedirecturl=\"https:\/\/www.google.com\/url?q=http:\/\/www.ictadeutschland.de&amp;source=gmail&amp;ust=1589785645106000&amp;usg=AFQjCNEttVT36TJvq5Bx_C94JUV4Ls7K8Q\" data-removefontsize=\"true\" data-originalcomputedfontsize=\"16\">www.ictadeutschland.de<\/a><\/p>\n<p>&nbsp;<\/p>\n<p data-removefontsize=\"true\" data-originalcomputedfontsize=\"16\">Wir k\u00e4mpfen in Solidarit\u00e4t mit allen Contergangesch\u00e4digten Menschen f\u00fcr Gerechtigkeit und ein selbst bestimmtes Leben in W\u00fcrde.<\/p>\n<p>&nbsp;<\/p>\n","protected":false},"excerpt":{"rendered":"<p>Hallo zusammen, wir m\u00f6chten euch das Schreiben der Conterganstiftung f\u00fcr behinderte Menschen vom 11.5.2020 weiterleiten. &nbsp; Ohne weitere Kommentierung durch uns. Scan 17.05.2020, 00.29 &nbsp; Bleibt gesund und bis bald Claudia und Udo Udo Herterich Claudia Schmidt-Herterich Kampagnen &#8211; Sprecher\/in Deutschland Internationale Contergan \/ Thalidomid Allianz &nbsp; Maternusstr. 9 50996 K\u00f6ln Telefon 0221 \u2013 37 [&hellip;]<\/p>\n","protected":false},"author":1,"featured_media":5687,"comment_status":"closed","ping_status":"open","sticky":false,"template":"","format":"standard","meta":{"footnotes":""},"categories":[76],"tags":[493],"class_list":["post-9051","post","type-post","status-publish","format-standard","has-post-thumbnail","hentry","category-news-archiv","tag-conterganstiftung"],"publishpress_future_action":{"enabled":false,"date":"2026-09-13 19:23:16","action":"change-status","newStatus":"draft","terms":[],"taxonomy":"category","extraData":[]},"publishpress_future_workflow_manual_trigger":{"enabledWorkflows":[]},"_links":{"self":[{"href":"https:\/\/www.contergan-nrw.eu\/index.php?rest_route=\/wp\/v2\/posts\/9051","targetHints":{"allow":["GET"]}}],"collection":[{"href":"https:\/\/www.contergan-nrw.eu\/index.php?rest_route=\/wp\/v2\/posts"}],"about":[{"href":"https:\/\/www.contergan-nrw.eu\/index.php?rest_route=\/wp\/v2\/types\/post"}],"author":[{"embeddable":true,"href":"https:\/\/www.contergan-nrw.eu\/index.php?rest_route=\/wp\/v2\/users\/1"}],"replies":[{"embeddable":true,"href":"https:\/\/www.contergan-nrw.eu\/index.php?rest_route=%2Fwp%2Fv2%2Fcomments&post=9051"}],"version-history":[{"count":5,"href":"https:\/\/www.contergan-nrw.eu\/index.php?rest_route=\/wp\/v2\/posts\/9051\/revisions"}],"predecessor-version":[{"id":9310,"href":"https:\/\/www.contergan-nrw.eu\/index.php?rest_route=\/wp\/v2\/posts\/9051\/revisions\/9310"}],"wp:featuredmedia":[{"embeddable":true,"href":"https:\/\/www.contergan-nrw.eu\/index.php?rest_route=\/wp\/v2\/media\/5687"}],"wp:attachment":[{"href":"https:\/\/www.contergan-nrw.eu\/index.php?rest_route=%2Fwp%2Fv2%2Fmedia&parent=9051"}],"wp:term":[{"taxonomy":"category","embeddable":true,"href":"https:\/\/www.contergan-nrw.eu\/index.php?rest_route=%2Fwp%2Fv2%2Fcategories&post=9051"},{"taxonomy":"post_tag","embeddable":true,"href":"https:\/\/www.contergan-nrw.eu\/index.php?rest_route=%2Fwp%2Fv2%2Ftags&post=9051"}],"curies":[{"name":"wp","href":"https:\/\/api.w.org\/{rel}","templated":true}]}}