{"id":8298,"date":"2020-03-29T19:41:17","date_gmt":"2020-03-29T17:41:17","guid":{"rendered":"https:\/\/www.contergan-nrw.eu\/?p=8298"},"modified":"2020-05-06T19:57:44","modified_gmt":"2020-05-06T17:57:44","slug":"corona-absage-malworkshop","status":"publish","type":"post","link":"https:\/\/www.contergan-nrw.eu\/?p=8298","title":{"rendered":"Corona &#8211; Absage Malworkshop"},"content":{"rendered":"<p><em><strong><u>Liebe Teilnehmerinnen und Teilnehmer an unserem Malworkshop in Werne an der Lippe,<\/u><\/strong><\/em><\/p>\n<p>&nbsp;<\/p>\n<p><em><br \/>\n<strong>Gestern haben die Politiker f\u00fcr das Land Nordrhein-Westfalen die Kontaktsperre ausgeweitet bis zum 20. April und sich danach offen gehalten, ob sie verl\u00e4ngert wird und wie es weitergeht. Das ist nicht mehr weit entfernt vom 7. Mai, an dem wir uns zum Malen in Werne treffen wollten. Deshalb, um auch F\u00fcrsorge f\u00fcr unsere Mitglieder zu betreiben, haben wir uns schweren Herzens entschlossen das Malwochenende abzusagen, \u00a0die Zimmer im Hotel zu stornieren und euch die Teilnehmergeb\u00fchren zur\u00fcck zu bezahlen.\u00a0<\/strong><\/em><\/p>\n<p>Allerdings gehen wir davon aus, dass der Herbst eine Zeit sein wird, in der es m\u00f6glich gemacht werden kann, wenigstens einen Mal- Workshop in diesem Jahr anzubieten. Nat\u00fcrlich h\u00e4ngt das davon ab, ob wir Kapazit\u00e4ten im Hotel bekommen, vielleicht wollen dann alle reisen oder nicht, aber wir werden alles versuchen, dass es m\u00f6glich sein wird.<\/p>\n<p>&nbsp;<\/p>\n<p><em><strong>Mir tut es unendlich leid, diesen Schritt gehen zu m\u00fcssen, aber f\u00fcr uns alle ist es besser so.<\/strong><\/em><\/p>\n<p>&nbsp;<\/p>\n<p><em><strong>Bleibt gesund und passt auf euch auf,\u00a0<\/strong><\/em><\/p>\n<p>&nbsp;<\/p>\n<p><em><strong>bis hoffentlich im Herbst, liebe Gr\u00fc\u00dfe eure B\u00e4rbel Drohmann<\/strong><\/em><\/p>\n","protected":false},"excerpt":{"rendered":"<p>Liebe Teilnehmerinnen und Teilnehmer an unserem Malworkshop in Werne an der Lippe, &nbsp; Gestern haben die Politiker f\u00fcr das Land Nordrhein-Westfalen die Kontaktsperre ausgeweitet bis zum 20. April und sich danach offen gehalten, ob sie verl\u00e4ngert wird und wie es weitergeht. Das ist nicht mehr weit entfernt vom 7. Mai, an dem wir uns zum [&hellip;]<\/p>\n","protected":false},"author":1,"featured_media":5687,"comment_status":"closed","ping_status":"open","sticky":false,"template":"","format":"standard","meta":{"footnotes":""},"categories":[76],"tags":[977,490,491],"class_list":["post-8298","post","type-post","status-publish","format-standard","has-post-thumbnail","hentry","category-news-archiv","tag-corona","tag-malen","tag-workshop"],"publishpress_future_action":{"enabled":false,"date":"2026-09-13 19:48:30","action":"change-status","newStatus":"draft","terms":[],"taxonomy":"category","extraData":[]},"publishpress_future_workflow_manual_trigger":{"enabledWorkflows":[]},"_links":{"self":[{"href":"https:\/\/www.contergan-nrw.eu\/index.php?rest_route=\/wp\/v2\/posts\/8298","targetHints":{"allow":["GET"]}}],"collection":[{"href":"https:\/\/www.contergan-nrw.eu\/index.php?rest_route=\/wp\/v2\/posts"}],"about":[{"href":"https:\/\/www.contergan-nrw.eu\/index.php?rest_route=\/wp\/v2\/types\/post"}],"author":[{"embeddable":true,"href":"https:\/\/www.contergan-nrw.eu\/index.php?rest_route=\/wp\/v2\/users\/1"}],"replies":[{"embeddable":true,"href":"https:\/\/www.contergan-nrw.eu\/index.php?rest_route=%2Fwp%2Fv2%2Fcomments&post=8298"}],"version-history":[{"count":2,"href":"https:\/\/www.contergan-nrw.eu\/index.php?rest_route=\/wp\/v2\/posts\/8298\/revisions"}],"predecessor-version":[{"id":8942,"href":"https:\/\/www.contergan-nrw.eu\/index.php?rest_route=\/wp\/v2\/posts\/8298\/revisions\/8942"}],"wp:featuredmedia":[{"embeddable":true,"href":"https:\/\/www.contergan-nrw.eu\/index.php?rest_route=\/wp\/v2\/media\/5687"}],"wp:attachment":[{"href":"https:\/\/www.contergan-nrw.eu\/index.php?rest_route=%2Fwp%2Fv2%2Fmedia&parent=8298"}],"wp:term":[{"taxonomy":"category","embeddable":true,"href":"https:\/\/www.contergan-nrw.eu\/index.php?rest_route=%2Fwp%2Fv2%2Fcategories&post=8298"},{"taxonomy":"post_tag","embeddable":true,"href":"https:\/\/www.contergan-nrw.eu\/index.php?rest_route=%2Fwp%2Fv2%2Ftags&post=8298"}],"curies":[{"name":"wp","href":"https:\/\/api.w.org\/{rel}","templated":true}]}}