{"id":7399,"date":"2020-01-14T10:07:54","date_gmt":"2020-01-14T09:07:54","guid":{"rendered":"https:\/\/www.contergan-nrw.eu\/?p=7399"},"modified":"2020-02-19T18:03:08","modified_gmt":"2020-02-19T17:03:08","slug":"lust-auf-malen-und-mehr","status":"publish","type":"post","link":"https:\/\/www.contergan-nrw.eu\/?p=7399","title":{"rendered":"Lust auf Malen und mehr?"},"content":{"rendered":"<p>Ihr Lieben,<\/p>\n<p>auch in dem Jahr 2020 sollen vom Interessenverband Contergangesch\u00e4digter<br \/>\nNordrhein-Westfalen e.V. wieder zwei Workshops zum Thema Malen in Werne<br \/>\nstattfinden. Zugelassen werden 25 Teilnehmerinnen und Teilnehmer, die an<br \/>\neinem verl\u00e4ngerten Programm, 7. Mai bis 10. Mai, teilnehmen m\u00f6chten und<br \/>\nihre Anmeldegeb\u00fchr in H\u00f6he von 200 \u20ac rechtzeitig \u00fcberwiesen haben.<br \/>\nDETAILS:<br \/>\nWie immer \u00fcbernachten wir hier:<br \/>\n<a href=\"https:\/\/hotel-am-kloster.de\/\" target=\"_blank\" rel=\"noopener noreferrer\" data-saferedirecturl=\"https:\/\/www.google.com\/url?q=https:\/\/hotel-am-kloster.de&amp;source=gmail&amp;ust=1579079050359000&amp;usg=AFQjCNGWS2WohWYChEjytl_Ly6tVJHw9gA\">https:\/\/hotel-am-kloster.de<\/a><\/p>\n<p>7.MAI:<\/p>\n<p>Anreise, Zimmerverteilung und Treffen im Foyer um 16:30 Uhr. Der 1. Abend<br \/>\nwird genutzt zum gemeinsamen Schwimmengehen in unserem neuen Solebad. Die<br \/>\nKosten f\u00fcr den Eintritt zahlt jeder selber aber das Essen, was wir im<br \/>\ninnenliegenden Restaurant mit trockenem Badeanzug oder im Bademantel<br \/>\neinnehmen k\u00f6nnen, zahlt der Verband! Das Solebad ist bis 21:00 Uhr<br \/>\nge\u00f6ffnet, bietet neben einem gro\u00dfen Au\u00dfenbecken mit 6 % haltiger Sole<br \/>\n(Wassertemperatur 33\u00b0) auch viele Liegefl\u00e4chen zum Ausruhen (Wasserbetten,<br \/>\nKaminzimmer) und w\u00e4rmende R\u00e4ume (Textilsauna, Dampfbad), aber genauso auch<br \/>\nein gro\u00dfes Sportbecken und eine R\u00f6hrenrutsche. Sowohl f\u00fcr weibliche als<br \/>\nauch m\u00e4nnliche Teilnehmer stehen beim Schwimmen Assistenten zur Verf\u00fcgung,<br \/>\ndiese m\u00fcssen aber im Anmeldeformular angegeben werden, damit ich planen<br \/>\nkann!<\/p>\n<p>8.\/9.Mai:<\/p>\n<p>Wir malen gem\u00fctlich im Martin Luther Zentrum, Versorgung mit Suppe und<br \/>\nObst, zwischen 10 und 18:00 Uhr.<br \/>\nAm Freitagabend essen wir gemeinsam in einem fu\u00dfl\u00e4ufig zu erreichenden<br \/>\nLokal: Wienbrede, am Samstagabend bleiben wir im Hotel und essen vor Ort<br \/>\nwarm.<\/p>\n<p>10.Mai:<\/p>\n<p>Auschecken. Malen ab 10 Uhr und, wer m\u00f6chte, kann um 10:30 Uhr den<br \/>\nGottesdienst in der evangelischen Kirche besuchen. Anschlie\u00dfend wird der<br \/>\nKirchkaffee bei uns im Gemeindehaus eingenommen, damit m\u00f6glichst<br \/>\nviele Gemeindemitglieder sich an unseren Bildern erfreuen k\u00f6nnen. Das<br \/>\nWochenende endet um 14:00 Uhr, danach Abbau.<\/p>\n<p>Wer zuerst kommt, malt zuerst!<\/p>\n<p>Die Teilnehmergeb\u00fchr von 200 Euro pro Person ist auf folgendes Konto zu<br \/>\n\u00fcberweisen:<\/p>\n<p>Sparkasse K\u00f6ln Bonn IBAN: DE 55 3705 0198 1931 5900 10<\/p>\n<p>Eure schriftliche Anmeldung richtet ihr bitte an Barbara Wenzel-Heyberg.<br \/>\nBarbara Wenzel-Heyberg Telefon: 02268\/9094288 Fax: 02268\/9094287<br \/>\n<a href=\"mailto:eMail%3Abwh@contergan-nrw-peer-to-peer.eu\" target=\"_blank\" rel=\"noopener\">eMail:bwh@contergan-nrw-peer-t<wbr \/>o-peer.eu<\/a><br \/>\nVon da aus bekommt ihr eure Anmeldebest\u00e4tigung.<\/p>\n<p>&#8212;<br \/>\nAnmeldung:<\/p>\n<p>Interessenverband Contergangesch\u00e4digter NRW e.V.<br \/>\nBarbara Wenzel-Heyberg<br \/>\nBuscherhof 26<br \/>\n51515 K\u00fcrten<\/p>\n<p>Ich, Name:_________________________<wbr \/>_____________________<br \/>\nStra\u00dfe\/Hausnummer:____________<wbr \/>__________________________<br \/>\nPostleitzahl\/Wohnort:_________<wbr \/>____________________________<br \/>\nTelefonnummer:________________<wbr \/>_________________________<br \/>\nE-Mail-Adresse:_______________<wbr \/>___________________________<br \/>\nnehme an dem Workshop in Werne zum Thema \u201c Malen\u201c teil.<br \/>\nZutreffendes bitte ankreuzen!<br \/>\nIch komme und brauche ein<br \/>\n\u25a1Einzelzimmer \u25a1 Doppelzimmer \u25a1barrierefreies Zimmer<\/p>\n<p>Ich bringe meine Assistenz(Name): ______________________________<wbr \/>_______mit.<\/p>\n<p>Ich brauche Hilfe von der Assistenz<br \/>\n\u25a1 beim Schwimmen (Ausziehen, Hilfe in der Dusche, Anziehen)<br \/>\n\u25a1 im Hotel, in meinem Zimmer oder beim Fr\u00fchst\u00fcck<\/p>\n<p>Ich brauche besonderes Essen:<br \/>\n______________________________<wbr \/>_______________Kost.<\/p>\n<p>Datum \/Unterschrift:________________<wbr \/>________________<\/p>\n<p>Herzliche Gr\u00fc\u00dfe<br \/>\nUdo Herterich<\/p>\n<p>Interessenverband Contergangesch\u00e4digter<br \/>\nNordrhein-Westfalen e.V.<br \/>\nHilfswerk f\u00fcr vorgeburtlich Gesch\u00e4digte<\/p>\n","protected":false},"excerpt":{"rendered":"<p>Ihr Lieben, auch in dem Jahr 2020 sollen vom Interessenverband Contergangesch\u00e4digter Nordrhein-Westfalen e.V. wieder zwei Workshops zum Thema Malen in Werne stattfinden. Zugelassen werden 25 Teilnehmerinnen und Teilnehmer, die an einem verl\u00e4ngerten Programm, 7. Mai bis 10. Mai, teilnehmen m\u00f6chten und ihre Anmeldegeb\u00fchr in H\u00f6he von 200 \u20ac rechtzeitig \u00fcberwiesen haben. DETAILS: Wie immer \u00fcbernachten [&hellip;]<\/p>\n","protected":false},"author":1,"featured_media":5687,"comment_status":"closed","ping_status":"open","sticky":false,"template":"","format":"standard","meta":{"footnotes":""},"categories":[76],"tags":[490,491],"class_list":["post-7399","post","type-post","status-publish","format-standard","has-post-thumbnail","hentry","category-news-archiv","tag-malen","tag-workshop"],"publishpress_future_action":{"enabled":false,"date":"2026-09-13 16:13:12","action":"change-status","newStatus":"draft","terms":[],"taxonomy":"category","extraData":[]},"publishpress_future_workflow_manual_trigger":{"enabledWorkflows":[]},"_links":{"self":[{"href":"https:\/\/www.contergan-nrw.eu\/index.php?rest_route=\/wp\/v2\/posts\/7399","targetHints":{"allow":["GET"]}}],"collection":[{"href":"https:\/\/www.contergan-nrw.eu\/index.php?rest_route=\/wp\/v2\/posts"}],"about":[{"href":"https:\/\/www.contergan-nrw.eu\/index.php?rest_route=\/wp\/v2\/types\/post"}],"author":[{"embeddable":true,"href":"https:\/\/www.contergan-nrw.eu\/index.php?rest_route=\/wp\/v2\/users\/1"}],"replies":[{"embeddable":true,"href":"https:\/\/www.contergan-nrw.eu\/index.php?rest_route=%2Fwp%2Fv2%2Fcomments&post=7399"}],"version-history":[{"count":2,"href":"https:\/\/www.contergan-nrw.eu\/index.php?rest_route=\/wp\/v2\/posts\/7399\/revisions"}],"predecessor-version":[{"id":7401,"href":"https:\/\/www.contergan-nrw.eu\/index.php?rest_route=\/wp\/v2\/posts\/7399\/revisions\/7401"}],"wp:featuredmedia":[{"embeddable":true,"href":"https:\/\/www.contergan-nrw.eu\/index.php?rest_route=\/wp\/v2\/media\/5687"}],"wp:attachment":[{"href":"https:\/\/www.contergan-nrw.eu\/index.php?rest_route=%2Fwp%2Fv2%2Fmedia&parent=7399"}],"wp:term":[{"taxonomy":"category","embeddable":true,"href":"https:\/\/www.contergan-nrw.eu\/index.php?rest_route=%2Fwp%2Fv2%2Fcategories&post=7399"},{"taxonomy":"post_tag","embeddable":true,"href":"https:\/\/www.contergan-nrw.eu\/index.php?rest_route=%2Fwp%2Fv2%2Ftags&post=7399"}],"curies":[{"name":"wp","href":"https:\/\/api.w.org\/{rel}","templated":true}]}}