{"id":7117,"date":"2019-08-18T00:32:57","date_gmt":"2019-08-17T22:32:57","guid":{"rendered":"https:\/\/www.contergan-nrw.eu\/?p=7117"},"modified":"2020-02-19T18:10:22","modified_gmt":"2020-02-19T17:10:22","slug":"rehacare-18-21-september-2019","status":"publish","type":"post","link":"https:\/\/www.contergan-nrw.eu\/?p=7117","title":{"rendered":"Rehacare 18. &#8211; 21. September 2019"},"content":{"rendered":"<p><strong>Save the date &#8230;. IV Contergangesch\u00e4digte<wbr \/>r NRW informiert: Rehacare 18. &#8211; 21. September 2019 &#8211; Stand: Halle 6 Stand 6 C 50<\/strong><\/p>\n<p style=\"font-weight: 400;\">Hallo zusammen,<\/p>\n<p style=\"font-weight: 400;\">der \u201eCountdown\u201c f\u00fcr die diesj\u00e4hrige Rehacare in D\u00fcsseldorf l\u00e4uft \u2026<\/p>\n<p style=\"font-weight: 400;\">Nat\u00fcrlich sind wir auch in diesem Jahr wieder mit einem Stand vertreten.<\/p>\n<p style=\"font-weight: 400;\"><strong>Ihr findet uns in Halle 6 Stand 6 C 50<\/strong><\/p>\n<p style=\"font-weight: 400;\">Ihr k\u00f6nnt wie in den Jahren zuvor kostenfreie Eintrittskarten bei uns anfordern:<\/p>\n<p style=\"font-weight: 400;\">Ab <strong>MONTAG<\/strong> 19.8.2019 bei:<\/p>\n<p style=\"font-weight: 400;\">Frau Barbara Wenzel-Heyberg<\/p>\n<p style=\"font-weight: 400;\">Telefon 02268 \u2013 909 42 88<\/p>\n<p style=\"font-weight: 400;\">Telefax 02268 \u2013 909 42 87<\/p>\n<p style=\"font-weight: 400;\">eMail\u00a0<a href=\"mailto:bwh@contergan-nrw-peer-to-peer.eu\">bwh@contergan-nrw-peer-to-peer.eu<\/a><\/p>\n<p style=\"font-weight: 400;\">Oder fragt einfach unsere Teammitarbeiter\/eure Berater nach Eintrittskarten. Aus Kostengr\u00fcnden k\u00f6nnen wir wie in den Jahren zuvor nur eine begrenzte Anzahl von Karten zur Verf\u00fcgung stellen.<\/p>\n<p style=\"font-weight: 400;\">Das hei\u00dft, wir versenden Karten nur so lange der Vorrat reicht.<\/p>\n<p style=\"font-weight: 400;\">Zur Zeit \u201ebasteln\u201c wir an unserem Standprogramm!<\/p>\n<p style=\"font-weight: 400;\">In den n\u00e4chsten Wochen werden wir ein vorl\u00e4ufiges Standprogramm durch Rundmails ver\u00f6ffentlichen und auch auf unserer Homepage.<\/p>\n<p style=\"font-weight: 400;\">Also immer wieder einmal auf unsere Homepage klicken.<\/p>\n<p style=\"font-weight: 400;\">Geb\u00e4rdensprach\u00fcbersetzung ist gew\u00e4hrleistet.<\/p>\n<p style=\"font-weight: 400;\">\u00a0\u00a0\u00a0\u00a0\u00a0\u00a0\u00a0\u00a0&#8211;\u00a0\u00a0\u00a0\u00a0\u00a0Die Contergan Stiftung f\u00fcr behinderte Menschen hat Ihr Kommen schon zugesagt.<\/p>\n<ul style=\"font-weight: 400;\">\n<li>Teammitglieder aus dem Kompetenzteam des ambulanten Zentrums f\u00fcr Contergangesch\u00e4digte Menschen in der Dr. Becker Rhein-Sieg-Klinik in N\u00fcmbrecht werden vor Ort sein.<\/li>\n<\/ul>\n<p style=\"font-weight: 400;\">Zudem werden wir \u201eTalks\u201c \u2013 also Gespr\u00e4chsrunden haben und \u201eTreffs\u201c mit Beratern zu festen Zeiten zu Themen wie Wohnumfeldberatung, Pflege und Assistenz, Bundesteilhabegesetz, Rollstuhlversorgung etc.<\/p>\n<p style=\"font-weight: 400;\"><strong>Vielleicht habt Ihr ja auch Ideen oder Anregungen, die wir ins Programm mit aufnehmen k\u00f6nnen?<\/strong><\/p>\n<p style=\"font-weight: 400;\">Wir freuen uns auf ein zahlreiches Wiedersehen in D\u00fcsseldorf,<\/p>\n<p style=\"font-weight: 400;\">Udo Herterich<\/p>\n<p>&nbsp;<\/p>\n","protected":false},"excerpt":{"rendered":"<p>Save the date &#8230;. IV Contergangesch\u00e4digter NRW informiert: Rehacare 18. &#8211; 21. September 2019 &#8211; Stand: Halle 6 Stand 6 C 50 Hallo zusammen, der \u201eCountdown\u201c f\u00fcr die diesj\u00e4hrige Rehacare in D\u00fcsseldorf l\u00e4uft \u2026 Nat\u00fcrlich sind wir auch in diesem Jahr wieder mit einem Stand vertreten. Ihr findet uns in Halle 6 Stand 6 C [&hellip;]<\/p>\n","protected":false},"author":1,"featured_media":5687,"comment_status":"closed","ping_status":"open","sticky":false,"template":"","format":"standard","meta":{"footnotes":""},"categories":[76],"tags":[536,436,435],"class_list":["post-7117","post","type-post","status-publish","format-standard","has-post-thumbnail","hentry","category-news-archiv","tag-duesseldorf","tag-messe","tag-rehacare"],"publishpress_future_action":{"enabled":false,"date":"2026-09-13 16:13:21","action":"change-status","newStatus":"draft","terms":[],"taxonomy":"category","extraData":[]},"publishpress_future_workflow_manual_trigger":{"enabledWorkflows":[]},"_links":{"self":[{"href":"https:\/\/www.contergan-nrw.eu\/index.php?rest_route=\/wp\/v2\/posts\/7117","targetHints":{"allow":["GET"]}}],"collection":[{"href":"https:\/\/www.contergan-nrw.eu\/index.php?rest_route=\/wp\/v2\/posts"}],"about":[{"href":"https:\/\/www.contergan-nrw.eu\/index.php?rest_route=\/wp\/v2\/types\/post"}],"author":[{"embeddable":true,"href":"https:\/\/www.contergan-nrw.eu\/index.php?rest_route=\/wp\/v2\/users\/1"}],"replies":[{"embeddable":true,"href":"https:\/\/www.contergan-nrw.eu\/index.php?rest_route=%2Fwp%2Fv2%2Fcomments&post=7117"}],"version-history":[{"count":3,"href":"https:\/\/www.contergan-nrw.eu\/index.php?rest_route=\/wp\/v2\/posts\/7117\/revisions"}],"predecessor-version":[{"id":7119,"href":"https:\/\/www.contergan-nrw.eu\/index.php?rest_route=\/wp\/v2\/posts\/7117\/revisions\/7119"}],"wp:featuredmedia":[{"embeddable":true,"href":"https:\/\/www.contergan-nrw.eu\/index.php?rest_route=\/wp\/v2\/media\/5687"}],"wp:attachment":[{"href":"https:\/\/www.contergan-nrw.eu\/index.php?rest_route=%2Fwp%2Fv2%2Fmedia&parent=7117"}],"wp:term":[{"taxonomy":"category","embeddable":true,"href":"https:\/\/www.contergan-nrw.eu\/index.php?rest_route=%2Fwp%2Fv2%2Fcategories&post=7117"},{"taxonomy":"post_tag","embeddable":true,"href":"https:\/\/www.contergan-nrw.eu\/index.php?rest_route=%2Fwp%2Fv2%2Ftags&post=7117"}],"curies":[{"name":"wp","href":"https:\/\/api.w.org\/{rel}","templated":true}]}}