{"id":6963,"date":"2019-06-17T18:45:49","date_gmt":"2019-06-17T16:45:49","guid":{"rendered":"https:\/\/www.contergan-nrw.eu\/?p=6963"},"modified":"2019-09-08T18:24:12","modified_gmt":"2019-09-08T16:24:12","slug":"bitte-um-eure-unterstuetzung-befragung-von-menschen-mit-conterganschaedigung-und-deren-unterstuetzer","status":"publish","type":"post","link":"https:\/\/www.contergan-nrw.eu\/?p=6963","title":{"rendered":"Bitte um eure Unterst\u00fctzung &#8211; Befragung von Menschen mit Contergansch\u00e4digung und deren Unterst\u00fctzer"},"content":{"rendered":"<p><em>Hallo an alle interessierten,<\/em><\/p>\n<p><em>wie Ihr wisst, arbeitet der Interessenverband\u00a0\u00a0Contergangesch\u00e4digter NRW e. V.unter\u00a0\u00a0anderem an der Verbesserung der Pflegem\u00f6glichkeiten in NRW und bundesweit, ebenso wie an der Verbesserung der Informationen unsere besonderen Bedarfe und\u00a0\u00a0Bed\u00fcrfnisse bei der Pflege und pers\u00f6nlichen Assistenz.<\/em><\/p>\n<p><em>Wir m\u00f6chten gerne sowohl Pflegedienste, Pflegeschulen, oder auch Hochschulen und Pflegekr\u00e4fte Schulungen \u00fcber unsere Mitarbeiter anbieten, so dass die Auszubildenden \u00fcber unseren speziellen Pflegebedarf und den Umgang mit uns auf Augenh\u00f6he besser Bescheid wissen und verstehen.<\/em><\/p>\n<p><em>Das Problem, was viele Pflegedienste beziehungsweise Pflegekr\u00e4fte haben, ist, dass wir Contergangesch\u00e4digte eine neue, andere Generation von pflegebed\u00fcrftigen Menschen sind, die auch eine andere Form des Umgangs und Miteinanders gewohnt ist, schon weil wir seit Geburt an mit unserem Hilfebedarf leben.<\/em><\/p>\n<p><em>\u00a0<\/em><em>Wir m\u00f6chten so viele unterschiedliche Bedarfe und Bed\u00fcrfnisse in der Pflege wie m\u00f6glich von uns und Euch erfassen k\u00f6nnen, um umfassend zu informieren.<\/em><\/p>\n<p><em>\u00a0<\/em><em>Und dazu brauchen wir jetzt Euch:\u00a0<\/em><\/p>\n<p><em>\u00a0<\/em><\/p>\n<p><em>Wir arbeiten in unserem DUTZ Projekt seit mehr als zwei Jahren mit der HSG Bochum (Hochschule f\u00fcr Gesundheit) zusammen.<\/em><\/p>\n<p><em>Sie hat einen Fragebogen entwickelt, der unsere Lebens- und Pflegesituation so erfassen soll, dass wir geb\u00fcndelte R\u00fcckschl\u00fcsse auf spezielle Pflegebedarfe und -Bed\u00fcrfnisse ziehen k\u00f6nnen, die wir dann weitergeben k\u00f6nnen!<\/em><\/p>\n<p><em>\u00a0<\/em><em>Bitte nehmt Euch die Zeit, diesen auszuf\u00fcllen! Wir wissen, dass so etwas echt nervt, aber wir k\u00f6nnen sonst einfach nicht sicher sein, dass die vielen W\u00fcnsche, Bedarfe\u00a0\u00a0und die aktuelle Situation richtig einsch\u00e4tzen!<\/em><\/p>\n<p><em>Die Ergebnisse gehen verschl\u00fcsselt direkt an die HSG Bochum. Keiner kann dadurch einen R\u00fcckschluss auf Eure Person ziehen!<\/em><\/p>\n<p><em>Der Interessenverband Contergangesch\u00e4digter NRW e. V. Wird erst am Ende der Auswertung Ergebnisse erhalten, so dass der Datenschutz und Privatsph\u00e4re des Einzelnen gesichert sind.<\/em><\/p>\n<p><em>\u00a0<\/em><em>Anbei die Unterlagen, die Erkl\u00e4rungen der Hochschule!<\/em><\/p>\n<p><em>Fragen und Erkl\u00e4rungen zu der Befragung k\u00f6nnt Ihr direkt in Bochum anbringen! Die Kontaktdaten findet Ihr auf deren Anschreiben!<\/em><\/p>\n<p><em>\u00a0<\/em><em>Wir hoffen, dass Ihr trotz des Aufwandes Zeit findet, den Fragebogen auszuf\u00fcllen, so dass wir im Verband in Zukunft die notwendigen Schritte einleiten und Unterst\u00fctzung Euch und den anderen \u201eFachleuten\u201c anbieten k\u00f6nnen.<\/em><\/p>\n<p><em>Alles weitere unter der Signatur.<\/em><\/p>\n<p><em>\u00a0<\/em><em>Einen sch\u00f6nen sonnigen Tag heute (hoffentlich nicht zu warm)!<\/em><\/p>\n<p>&#8212;<\/p>\n<p>Interessenverband Contergangesch\u00e4digter<\/p>\n<p>Nordrhein-Westfalen e.V.<\/p>\n<p>Hilfswerk f\u00fcr vorgeburtlich Gesch\u00e4digte<\/p>\n<p>&nbsp;<\/p>\n<p>Udo Herterich<\/p>\n<ol>\n<li>Vorsitzender<\/li>\n<\/ol>\n<p>&nbsp;<\/p>\n<p>Bensberger Str. 139<\/p>\n<p>51503 R\u00f6srath<\/p>\n<p>Telefon 02205 &#8211; 83 541<\/p>\n<p>Telefax 0221 \u2013 790 76 00 76<\/p>\n<p>herterich@contergan-nrw.eu<\/p>\n<p><a href=\"http:\/\/2026.contergan-nrw.eu\/\" data-saferedirecturl=\"https:\/\/www.google.com\/url?q=http:\/\/2026.contergan-nrw.eu&amp;source=gmail&amp;ust=1560875899131000&amp;usg=AFQjCNHSJ1BzvDClbNfvgNjMlqHlrVYHcQ\">www.contergan-nrw.eu<\/a><\/p>\n<p><em>\u00a0<\/em><\/p>\n<p>&nbsp;<\/p>\n<p>_______________________________________________________________________________________________________________________________<\/p>\n<p>&nbsp;<\/p>\n<p>Sehr geehrte Damen und Herren,<\/p>\n<p>wir m\u00f6chten Sie zu einer Befragung von Menschen mit Contergansch\u00e4digung und deren Unterst\u00fctzer einladen.<\/p>\n<p>&nbsp;<\/p>\n<p><strong>Worum geht es?<\/strong><\/p>\n<p>In den letzten Jahren haben sich im Leben vieler contergangesch\u00e4digter Menschen in kurzer Zeit deutliche Ver\u00e4nderungen ergeben, beispielsweise hinsichtlich der beruflichen, famili\u00e4ren oder der gesundheitlichen Situation. Dem daraus resultierenden ver\u00e4nderten Bedarf passen sich die Versorgungsstrukturen in Deutschland leider nur sehr langsam oder auch gar nicht an. Darum wurde das Projekt \u201eDialog- und Transferzentrum Dysmelie\u201c (DUTZ) ins Leben gerufen. Das Ziel des Projekts ist es Angebote zur gesundheitlichen Versorgung von Menschen mit Contergansch\u00e4digung zu schaffen, die tats\u00e4chlich dem Bedarf entsprechen.<\/p>\n<p>&nbsp;<\/p>\n<p>Wir m\u00f6chten Betroffene und ihre Unterst\u00fctzer (Familie, Freunde, Nachbarn, pers\u00f6nliche Assistenz, etc.) anonym befragen. Bitte leiten Sie daher diese Einladung zur Teilnahme auch an jede Person, die Sie unterst\u00fctzt weiter. Das Projekt ist von Menschen mit Contergansch\u00e4digung initiiert und auch die Befragung wurde von Menschen mit Contergansch\u00e4digung im Wesentlichen mitgestaltet.<\/p>\n<p>&nbsp;<\/p>\n<p><strong>Was haben Sie von der Teilnahme?<\/strong><\/p>\n<p>Mit Ihrer Teilnahme k\u00f6nnen f\u00fcr Sie und andere von Contergansch\u00e4digung Betroffene und ihre Unterst\u00fctzer die notwendigen Versorgungsangebote gezielt aufgebaut und bedarfsgerecht weiterentwickelt werden. Dabei kommt es auf jeden einzelnen Teilnehmer\/ jede einzelnen Teilnehmerin an: Sie sind der Experte\/ die Expertin in Ihrer eigenen Sache und k\u00f6nnen uns Ihre Bed\u00fcrfnisse mitteilen. Auch k\u00f6nnen Ihre Aussagen helfen, die Unterst\u00fctzungsangebote so zu verbessern, dass Sie auch langfristig noch von diesen Erfahrungen profitieren. Sie leisten einen wertvollen Beitrag f\u00fcr sich, die Gemeinschaft der Menschen mit Contergansch\u00e4digung sowie f\u00fcr Betroffene mit \u00e4hnlichen Beschwerden.<\/p>\n<p>&nbsp;<\/p>\n<p><strong>Wie kann ich teilnehmen?<\/strong><\/p>\n<p>Wir m\u00f6chten m\u00f6glichst viele in Deutschland lebende Menschen mit Contergansch\u00e4digung sowie deren Unterst\u00fctzer zur Teilnahme an der Befragung einladen.<\/p>\n<p>So k\u00f6nnen Sie teilnehmen:<\/p>\n<p>&nbsp;<\/p>\n<p><a href=\"https:\/\/ww2.unipark.de\/uc\/registrierung_c\/ospe.php?SES=c46a03380ae37a6c9f917a79d0e1caf2&amp;syid=450081&amp;sid=450082&amp;act=start\" data-saferedirecturl=\"https:\/\/www.google.com\/url?q=https:\/\/ww2.unipark.de\/uc\/registrierung_c\/ospe.php?SES%3Dc46a03380ae37a6c9f917a79d0e1caf2%26syid%3D450081%26sid%3D450082%26act%3Dstart&amp;source=gmail&amp;ust=1560875899131000&amp;usg=AFQjCNH5r57XP4RSwz4nb25mTAkgzI6mDg\">Hier<\/a> geht es zur Online-Befragung, wenn Sie selbst <strong><u>von Contergansch\u00e4digung<\/u> betroffen<\/strong> sind.<\/p>\n<p><a href=\"https:\/\/ww2.unipark.de\/uc\/registrierungunt\/ospe.php?SES=2f1b6ab5b0a6eb14add9f87baf96472d&amp;syid=451293&amp;sid=451294&amp;act=start\" data-saferedirecturl=\"https:\/\/www.google.com\/url?q=https:\/\/ww2.unipark.de\/uc\/registrierungunt\/ospe.php?SES%3D2f1b6ab5b0a6eb14add9f87baf96472d%26syid%3D451293%26sid%3D451294%26act%3Dstart&amp;source=gmail&amp;ust=1560875899131000&amp;usg=AFQjCNGE0j2_crRwfp9P5MbUyrHHP96jhA\">Hier<\/a> geht es zur Online-Befragung, wenn Sie <strong><u>eine Person unterst\u00fctzen<\/u><\/strong>, die von Contergansch\u00e4digung betroffen ist.<\/p>\n<p>&nbsp;<\/p>\n<p>Eine detaillierte Beschreibung finden Sie auf unserer Webseite <a href=\"https:\/\/www.projekt-dutz.de\/\" data-saferedirecturl=\"https:\/\/www.google.com\/url?q=https:\/\/www.projekt-dutz.de\/&amp;source=gmail&amp;ust=1560875899131000&amp;usg=AFQjCNFNzQ4JnMx31gbLkf8F-kT1l78Rdg\">https:\/\/www.projekt-dutz.de\/<\/a>.<\/p>\n<p><strong>Sollten Sie bereits im M\u00e4rz letzten Jahres an der Befragung teilgenommen haben nehmen Sie bitte <u>nicht<\/u> erneut teil. <\/strong><\/p>\n<p>&nbsp;<\/p>\n<p><a href=\"http:\/\/2026.contergan-nrw.eu\/wp-content\/uploads\/2019\/06\/Anleitung-zur-Teilnahme.pdf\" target=\"_blank\" rel=\"noopener\">Anleitung zur Teilnahme<\/a><\/p>\n<p>&nbsp;<\/p>\n<p>Mit freundlichen Gr\u00fc\u00dfen<\/p>\n<p>&nbsp;<\/p>\n<p>Prof. Dr. Anna Mikhof<\/p>\n<p>Professorin f\u00fcr Gesundheitspsychologie \u00fcber die Lebensspanne<\/p>\n<p>&nbsp;<\/p>\n<p>Prof. Dr. Christian Walter-Klose<\/p>\n<p>Professor f\u00fcr Behinderung und Inklusion<\/p>\n<p>&nbsp;<\/p>\n<p>&nbsp;<\/p>\n<p><strong>Projekt \u201eDialog- und Transferzentrum Dysmelie\u201c<\/strong><\/p>\n<p><strong>Department of Community Health<\/strong><\/p>\n<p>\u2013\u2013\u2013<\/p>\n<p><strong>Prof. Dr. Anna Mikhof<\/strong><\/p>\n<p>Professorin f\u00fcr Gesundheitspsychologie \u00fcber die Lebensspanne<\/p>\n<p>&nbsp;<\/p>\n<p><strong>Prof. Dr. Christian Walter-Klose<\/strong><\/p>\n<p>Professor f\u00fcr Behinderung und Inklusion<\/p>\n<p>&nbsp;<\/p>\n<p><strong>Andrea Tr\u00fcmner, MScN<\/strong><\/p>\n<p>Wissenschaftliche Mitarbeiterin<\/p>\n<p>&nbsp;<\/p>\n<p><strong>Claudia Bialkowski<\/strong><\/p>\n<p>Projektmitarbeiterin<\/p>\n<p><strong>\u00a0<\/strong><\/p>\n<p>&nbsp;<\/p>\n<p><strong>T<\/strong> +49 234 77727\u2009-\u2009782\u00b7 <strong>F <\/strong>+ 49 234 77727-908<\/p>\n<p>project-dutz@hs-gesundheit.de<\/p>\n<p>\u2013\u2013\u2013<\/p>\n<p><strong>hsg Bochum \u00b7 Hochschule f\u00fcr Gesundheit<\/strong><\/p>\n<p>University of Applied Sciences<\/p>\n<p>Gesundheitscampus 6 \u2013 8 \u00b7 44801 Bochum<\/p>\n<p><u><a href=\"http:\/\/www.hs-gesundheit.de\/\" data-saferedirecturl=\"https:\/\/www.google.com\/url?q=http:\/\/www.hs-gesundheit.de\/&amp;source=gmail&amp;ust=1560875899132000&amp;usg=AFQjCNEfdgMN-2Mbc6MMRm0Sour3SCb5UQ\">www.hs-gesundheit.de<\/a><\/u> \u00b7 <u><a href=\"https:\/\/magazin.hs-gesundheit.de\/\" data-saferedirecturl=\"https:\/\/www.google.com\/url?q=https:\/\/magazin.hs-gesundheit.de\/&amp;source=gmail&amp;ust=1560875899132000&amp;usg=AFQjCNG3gYgIUfidD4oN_YeJFO6hHW5JzA\">hsg-magazin<\/a><\/u><\/p>\n","protected":false},"excerpt":{"rendered":"<p>Hallo an alle interessierten, wie Ihr wisst, arbeitet der Interessenverband\u00a0\u00a0Contergangesch\u00e4digter NRW e. V.unter\u00a0\u00a0anderem an der Verbesserung der Pflegem\u00f6glichkeiten in NRW und bundesweit, ebenso wie an der Verbesserung der Informationen unsere besonderen Bedarfe und\u00a0\u00a0Bed\u00fcrfnisse bei der Pflege und pers\u00f6nlichen Assistenz. Wir m\u00f6chten gerne sowohl Pflegedienste, Pflegeschulen, oder auch Hochschulen und Pflegekr\u00e4fte Schulungen \u00fcber unsere Mitarbeiter anbieten, [&hellip;]<\/p>\n","protected":false},"author":1,"featured_media":5687,"comment_status":"closed","ping_status":"open","sticky":false,"template":"","format":"standard","meta":{"footnotes":""},"categories":[76],"tags":[523,520,519,522,521],"class_list":["post-6963","post","type-post","status-publish","format-standard","has-post-thumbnail","hentry","category-news-archiv","tag-dutz","tag-fragebogen","tag-hilfe","tag-hilfebedarf","tag-persoenlichen-assistenz"],"publishpress_future_action":{"enabled":false,"date":"2026-09-13 18:47:01","action":"change-status","newStatus":"draft","terms":[],"taxonomy":"category","extraData":[]},"publishpress_future_workflow_manual_trigger":{"enabledWorkflows":[]},"_links":{"self":[{"href":"https:\/\/www.contergan-nrw.eu\/index.php?rest_route=\/wp\/v2\/posts\/6963","targetHints":{"allow":["GET"]}}],"collection":[{"href":"https:\/\/www.contergan-nrw.eu\/index.php?rest_route=\/wp\/v2\/posts"}],"about":[{"href":"https:\/\/www.contergan-nrw.eu\/index.php?rest_route=\/wp\/v2\/types\/post"}],"author":[{"embeddable":true,"href":"https:\/\/www.contergan-nrw.eu\/index.php?rest_route=\/wp\/v2\/users\/1"}],"replies":[{"embeddable":true,"href":"https:\/\/www.contergan-nrw.eu\/index.php?rest_route=%2Fwp%2Fv2%2Fcomments&post=6963"}],"version-history":[{"count":2,"href":"https:\/\/www.contergan-nrw.eu\/index.php?rest_route=\/wp\/v2\/posts\/6963\/revisions"}],"predecessor-version":[{"id":7162,"href":"https:\/\/www.contergan-nrw.eu\/index.php?rest_route=\/wp\/v2\/posts\/6963\/revisions\/7162"}],"wp:featuredmedia":[{"embeddable":true,"href":"https:\/\/www.contergan-nrw.eu\/index.php?rest_route=\/wp\/v2\/media\/5687"}],"wp:attachment":[{"href":"https:\/\/www.contergan-nrw.eu\/index.php?rest_route=%2Fwp%2Fv2%2Fmedia&parent=6963"}],"wp:term":[{"taxonomy":"category","embeddable":true,"href":"https:\/\/www.contergan-nrw.eu\/index.php?rest_route=%2Fwp%2Fv2%2Fcategories&post=6963"},{"taxonomy":"post_tag","embeddable":true,"href":"https:\/\/www.contergan-nrw.eu\/index.php?rest_route=%2Fwp%2Fv2%2Ftags&post=6963"}],"curies":[{"name":"wp","href":"https:\/\/api.w.org\/{rel}","templated":true}]}}