{"id":6909,"date":"2019-05-15T19:42:06","date_gmt":"2019-05-15T17:42:06","guid":{"rendered":"https:\/\/www.contergan-nrw.eu\/?p=6909"},"modified":"2019-09-08T18:23:19","modified_gmt":"2019-09-08T16:23:19","slug":"workshop-zum-thema-pflege-und-assistenz-in-koeln","status":"publish","type":"post","link":"https:\/\/www.contergan-nrw.eu\/?p=6909","title":{"rendered":"Workshop zum Thema\/Pflege,  und Assistenz in K\u00f6ln"},"content":{"rendered":"<p style=\"font-weight: 400;\">Hallo an alle Interessierte,<\/p>\n<p style=\"font-weight: 400;\"><strong>wir bieten am Samstag, den 22.06.2019 wieder eine ganzt\u00e4gige, kostenfreie Veranstaltung \/ Workshop zum Thema\/Pflege,<br \/>\n<\/strong><strong>und Assistenz in K\u00f6ln an!<br \/>\n<\/strong><strong>Unter der Leitung von Claudia Schmidt-Herterich und mit aktiver Unterst\u00fctzung von den Mitarbeiterinnen Nicole Soppa und Sabine G\u00f6bber, Christoph Soppa \u2026.<br \/>\n<\/strong><strong>und einem externen Coach, Fr. Kemser. (unten findet Ihr einige Informationen zu ihr).<\/strong><\/p>\n<p style=\"font-weight: 400;\"><strong>\u00a0<\/strong><strong>Diesmal bieten wir\u00a0<\/strong><strong>&#8211;\u00a0<\/strong><strong>wie von vielen gew\u00fcnscht- an, die m\u00f6glichen Rollen als Assistenzgeber und Assistenznehmer, als Auftraggeber und Helfenden in zwei Gruppen getrennt zu beleuchten.<\/strong><\/p>\n<p style=\"font-weight: 400;\">Max. 35 Teilnehmer (jeder ist willkommen: Contergangesch\u00e4digte mit und ohne (\u201ePflege\u201c-) Erfahrung, Angeh\u00f6rige, Pflegepersonen, Assistenten \u2026. )<\/p>\n<p style=\"font-weight: 400;\">\u2013 Beginn Samstagmorgen um 9:30 Uhr mit Begr\u00fc\u00dfungskaffee und die Tagung endet am Abend nach dem gemeinsamen Abendessen!<\/p>\n<p style=\"font-weight: 400;\"><strong>Vormittags<\/strong> wollen wir kurz und knapp alle auf den gleichen Wissenstand bringen! Dann werden wir uns in zwei Gruppen aufteilen: Assistenznehmer und Assistenzgeber!<\/p>\n<p style=\"font-weight: 400;\">Fr. Kemser wird die Gruppe der Assistenznehmer (Contergangesch\u00e4digte Hilfeempf\u00e4nger) aktiv begleiten und Strategien des Miteinanders, in Konflikten etc. bearbeiten.<\/p>\n<p style=\"font-weight: 400;\">Claudia Schmidt-Herterich wird die Gruppe der Assistenzgeber (Helfenden) aktiv begleiten und auf die typischen und individuellen Schwierigkeiten und Konflikte und L\u00f6sungen gemeinsam erarbeiten.<\/p>\n<p style=\"font-weight: 400;\"><strong>Nachmittags<\/strong> wollen wir uns viel Zeit f\u00fcr den Austausch\u00a0in den Gruppen lassen und unsere\u00a0Rolle\u00a0und die damit verbundenen Aufgaben als\u00a0Auftraggeber, Assistent, Arbeitgeber, Bittsteller,..\u00a0reflektieren und die\u00a0Bedenken, \u00c4ngste, gute und schlechte Erfahrungen im\u00a0Umgang mit Mitarbeitern\u00a0oder Arbeitgebern,\u00a0\u00a0Konfliktgespr\u00e4che\u00a0besprechen und voneinander lernen.<\/p>\n<p style=\"font-weight: 400;\">Vielleicht bekommen wir auch gemeinsam Rollenspiele hin, die wir\u00a0am Ende in der gro\u00dfen gemeinsamen Runde vorspielen wollen?<\/p>\n<p style=\"font-weight: 400;\">Ein vorl\u00e4ufiges Tagungsprogramm f\u00fcr den\u00a022.06.2019\u00a0erst einmal mit detaillierten Zeiten findet Ihr hier im Anhang!<\/p>\n<p style=\"font-weight: 400;\"><strong><u>Wo???<\/u><\/strong><\/p>\n<p style=\"font-weight: 400;\">Die Tagung findet statt in K\u00f6ln-Rodenkirchen<\/p>\n<p style=\"font-weight: 400;\"><strong>Hotel Begardenhof<br \/>\nBr\u00fcckenstr. 41<br \/>\n50996 K\u00f6ln<\/strong><\/p>\n<p style=\"font-weight: 400;\">Tel. +49 (0)221 985 471-0<br \/>\nFax: +49 (0)221 985 471-13009<\/p>\n<p style=\"font-weight: 400;\">Internet:\u00a0<a href=\"http:\/\/www.begardenhof.de\/\" data-saferedirecturl=\"https:\/\/www.google.com\/url?q=http:\/\/www.begardenhof.de\/&amp;source=gmail&amp;ust=1558027669138000&amp;usg=AFQjCNGXUbvNbU-N3zhfLxoUmuWOFsDM4A\">www.begardenhof.de<\/a><br \/>\nEmail:\u00a0<a href=\"mailto:info@begardenhof.de\">info@begardenhof.de<\/a><\/p>\n<p style=\"font-weight: 400;\"><strong>Wenn Ihr Interesse habt, Euch VERBINDLICH anmelden wollt<\/strong>, so wendet Euch bitte an<\/p>\n<p style=\"font-weight: 400;\">Frau Barbara Wenzel-Heyberg<br \/>\nTelefon 02268 \u2013 909 42 88<br \/>\nTelefax 02268 \u2013 909 42 87<br \/>\neMail\u00a0<a href=\"mailto:bwh@contergan-nrw-peer-to-peer.eu\">bwh@contergan-nrw-peer-to-peer.eu<\/a><\/p>\n<p style=\"font-weight: 400;\">Bitte gebt unbedingt an, ob ihr zum Abendessen bleiben k\u00f6nnt, damit wir ausreichend vorbestellen k\u00f6nnen.<\/p>\n<p style=\"font-weight: 400;\">Wenn Ihr\u00a0<strong>auf eigene Kosten ein Zimmer braucht<\/strong>, wendet Euch direkt an das Hotel oder wenn Ihr ein anderes m\u00f6chtet, dann unterst\u00fctzt Euch bei der Suche gerne auch Fr. Wenzel-Heyberg!<\/p>\n<p style=\"font-weight: 400;\"><strong>\u00a0<\/strong><\/p>\n<p style=\"font-weight: 400;\">Info des Hotels:<\/p>\n<p style=\"font-weight: 400;\">\u201cBitte beachten Sie, die seit dem 01. Dezember 2014 eventuell zus\u00e4tzlich anfallende Kulturf\u00f6rderabgabe.<\/p>\n<p style=\"font-weight: 400;\">Unsere Preise verstehen sich inkl. Fr\u00fchst\u00fcck, gesetzlicher Mehrwertsteuer und Service.<\/p>\n<p style=\"font-weight: 400;\">Die Zimmer stehen den G\u00e4sten am Anreisetag ab 15.00 Uhr und am Abreisetag bis 12.00 Uhr zur Verf\u00fcgung.\u201d<\/p>\n<p style=\"font-weight: 400;\"><strong><em>Die Kosten f\u00fcr die Zimmer tr\u00e4gt jeder selber, daf\u00fcr ist die Tagung kostenfrei! !!!!!!<\/em><\/strong><\/p>\n<p style=\"font-weight: 400;\"><strong><em>Bitte gebt an, ob Ihr abends zum Essen bleiben wollt oder k\u00f6nnt! Aus Erfahrung wissen wir jetzt, dass es echt lecker dort ist! Es lohnt sich!<\/em><\/strong><\/p>\n<p style=\"font-weight: 400;\">Wir freuen uns auf Euch!!!!<\/p>\n<p style=\"font-weight: 400;\">Udo Herterich<\/p>\n<p>&nbsp;<\/p>\n<p style=\"font-weight: 400;\"><strong>Vorl\u00e4ufiges Tagungsprogramm:<\/strong><\/p>\n<p style=\"font-weight: 400;\">Grunds\u00e4tzlich werden wir uns immer an Eure Bed\u00fcrfnissen und Fragen orientieren, aber hier anbei nun eine grobe Tagungsplanung.<\/p>\n<p style=\"font-weight: 400;\"><strong>09:30 Uhr<\/strong>\u00a0Welcome-Kaffee \/ Anmeldung<\/p>\n<p style=\"font-weight: 400;\"><strong>10:00 Uhr<\/strong>\u00a0Begr\u00fc\u00dfung \/Beginn der Veranstaltung<\/p>\n<p style=\"font-weight: 400;\"><strong>10:30 Uhr<\/strong>\u00a0Udo Herterich, C. Schmidt-Herterich, Frau Kemser\u00a0und\u00a0 die DUTZ Mitarbeiter Sabine G\u00f6bber, Nicole Soppa und Christoph Soppa begr\u00fc\u00dfen die Anwesenden und stellen sich vor<\/p>\n<p style=\"font-weight: 400;\">Gemeinsames Kennenlernen \u2013 offene Runde \u2013 welche Anliegen bringt jeder mit?<\/p>\n<p style=\"font-weight: 400;\">Verteilung auf zwei Gruppen \u2013 Assistenznehmer und Assistenzgeber<\/p>\n<p style=\"font-weight: 400;\"><strong>\u00a0<\/strong><\/p>\n<p style=\"font-weight: 400;\"><strong>11:00 Uhr<\/strong>\u00a0Kaffeepause im Raum<\/p>\n<p style=\"font-weight: 400;\"><strong>11:15 Uhr\u00a0<\/strong><strong>Gruppengespr\u00e4che<\/strong><\/p>\n<p style=\"font-weight: 400;\"><strong>13:00- 14:00<\/strong>\u00a0<strong>Uhr<\/strong>\u00a0gemeinsames Mittagessen im Restaurant<\/p>\n<p style=\"font-weight: 400;\"><strong>\u00a0<\/strong><\/p>\n<p style=\"font-weight: 400;\"><strong>14:00 Uhr\u00a0<\/strong>Treffen in\u00a0zwei Gruppen, \u00a0evtl. Rollenspiel vorbereiten<\/p>\n<p style=\"font-weight: 400;\"><strong>15:30 Uhr\u00a0<\/strong>Kaffeepause im Raum<\/p>\n<p style=\"font-weight: 400;\"><strong>15:45 Uhr<\/strong><strong>\u00a0Uhr Zusammenkommen der Teilnehmer \u2013 Rollenspiele oder\/und Gedanken<\/strong><strong>\/Erfahrungen des Tages<\/strong><strong>\u00a0<\/strong><strong>austauschen<\/strong><\/p>\n<p style=\"font-weight: 400;\"><strong>\u00a0<\/strong><\/p>\n<p style=\"font-weight: 400;\"><strong>18:15 Uhr<\/strong>\u00a0Ende der Tagung mit anschlie\u00dfendem Abendessen im Restaurant<\/p>\n","protected":false},"excerpt":{"rendered":"<p>Hallo an alle Interessierte, wir bieten am Samstag, den 22.06.2019 wieder eine ganzt\u00e4gige, kostenfreie Veranstaltung \/ Workshop zum Thema\/Pflege, und Assistenz in K\u00f6ln an! Unter der Leitung von Claudia Schmidt-Herterich und mit aktiver Unterst\u00fctzung von den Mitarbeiterinnen Nicole Soppa und Sabine G\u00f6bber, Christoph Soppa \u2026. und einem externen Coach, Fr. Kemser. (unten findet Ihr einige [&hellip;]<\/p>\n","protected":false},"author":1,"featured_media":5687,"comment_status":"closed","ping_status":"open","sticky":false,"template":"","format":"standard","meta":{"footnotes":""},"categories":[76],"tags":[439,491],"class_list":["post-6909","post","type-post","status-publish","format-standard","has-post-thumbnail","hentry","category-news-archiv","tag-pflege","tag-workshop"],"publishpress_future_action":{"enabled":false,"date":"2026-09-13 15:36:43","action":"change-status","newStatus":"draft","terms":[],"taxonomy":"category","extraData":[]},"publishpress_future_workflow_manual_trigger":{"enabledWorkflows":[]},"_links":{"self":[{"href":"https:\/\/www.contergan-nrw.eu\/index.php?rest_route=\/wp\/v2\/posts\/6909","targetHints":{"allow":["GET"]}}],"collection":[{"href":"https:\/\/www.contergan-nrw.eu\/index.php?rest_route=\/wp\/v2\/posts"}],"about":[{"href":"https:\/\/www.contergan-nrw.eu\/index.php?rest_route=\/wp\/v2\/types\/post"}],"author":[{"embeddable":true,"href":"https:\/\/www.contergan-nrw.eu\/index.php?rest_route=\/wp\/v2\/users\/1"}],"replies":[{"embeddable":true,"href":"https:\/\/www.contergan-nrw.eu\/index.php?rest_route=%2Fwp%2Fv2%2Fcomments&post=6909"}],"version-history":[{"count":4,"href":"https:\/\/www.contergan-nrw.eu\/index.php?rest_route=\/wp\/v2\/posts\/6909\/revisions"}],"predecessor-version":[{"id":6911,"href":"https:\/\/www.contergan-nrw.eu\/index.php?rest_route=\/wp\/v2\/posts\/6909\/revisions\/6911"}],"wp:featuredmedia":[{"embeddable":true,"href":"https:\/\/www.contergan-nrw.eu\/index.php?rest_route=\/wp\/v2\/media\/5687"}],"wp:attachment":[{"href":"https:\/\/www.contergan-nrw.eu\/index.php?rest_route=%2Fwp%2Fv2%2Fmedia&parent=6909"}],"wp:term":[{"taxonomy":"category","embeddable":true,"href":"https:\/\/www.contergan-nrw.eu\/index.php?rest_route=%2Fwp%2Fv2%2Fcategories&post=6909"},{"taxonomy":"post_tag","embeddable":true,"href":"https:\/\/www.contergan-nrw.eu\/index.php?rest_route=%2Fwp%2Fv2%2Ftags&post=6909"}],"curies":[{"name":"wp","href":"https:\/\/api.w.org\/{rel}","templated":true}]}}