{"id":6828,"date":"2019-04-04T20:03:07","date_gmt":"2019-04-04T18:03:07","guid":{"rendered":"https:\/\/www.contergan-nrw.eu\/?p=6828"},"modified":"2020-02-19T18:07:07","modified_gmt":"2020-02-19T17:07:07","slug":"save-the-date-09-november-2019-merkt-euch-den-termin-vor","status":"publish","type":"post","link":"https:\/\/www.contergan-nrw.eu\/?p=6828","title":{"rendered":"Save the date 09. November 2019 &#8211; merkt euch den Termin vor"},"content":{"rendered":"<p style=\"font-weight: 400;\"><strong>SAVE THE DATE\u00a0\u2013 Merkt Euch den Termin vor!!!!!<\/strong><\/p>\n<p style=\"font-weight: 400;\"><strong>Am\u00a009. November 2019<\/strong><\/p>\n<p style=\"font-weight: 400;\">veranstalten\u00a0der Interessenverband Contergangesch\u00e4digter NRW e.V.\u00a0gemeinsam mit der \u00c4rztekammer und KV Nordrhein\u00a0einen\u00a0internationalen Kongresstag\u00a0in\u00a0D\u00fcsseldorf\u00a0in den R\u00e4umen \u00c4rztekammer mit Beteiligung von \u00c4rzten und uns als \u201ePatientengruppe\u201c! Die Tagungssprache ist deutsch, englische \u00dcbersetzung wird erm\u00f6glicht.<\/p>\n<p style=\"font-weight: 400;\">\u00a0Eine gesonderte Einladung\u00a0und die Details \u00fcber den Tagesablauf und die Anmeldung\u00a0f\u00fcr die\u00a0Veranstaltung folgt sp\u00e4ter!<\/p>\n<p style=\"font-weight: 400;\">Wir gehen von einer hohen Anzahl von Teilnehmern aus\u00a0( max. 350)<\/p>\n<p style=\"font-weight: 400;\">Wir freuen uns auf Dich\/ Euch!<\/p>\n<p style=\"font-weight: 400;\">Udo Herterich<\/p>\n","protected":false},"excerpt":{"rendered":"<p>SAVE THE DATE\u00a0\u2013 Merkt Euch den Termin vor!!!!! Am\u00a009. November 2019 veranstalten\u00a0der Interessenverband Contergangesch\u00e4digter NRW e.V.\u00a0gemeinsam mit der \u00c4rztekammer und KV Nordrhein\u00a0einen\u00a0internationalen Kongresstag\u00a0in\u00a0D\u00fcsseldorf\u00a0in den R\u00e4umen \u00c4rztekammer mit Beteiligung von \u00c4rzten und uns als \u201ePatientengruppe\u201c! Die Tagungssprache ist deutsch, englische \u00dcbersetzung wird erm\u00f6glicht. \u00a0Eine gesonderte Einladung\u00a0und die Details \u00fcber den Tagesablauf und die Anmeldung\u00a0f\u00fcr die\u00a0Veranstaltung folgt [&hellip;]<\/p>\n","protected":false},"author":1,"featured_media":5687,"comment_status":"closed","ping_status":"open","sticky":false,"template":"","format":"standard","meta":{"footnotes":""},"categories":[76],"tags":[],"class_list":["post-6828","post","type-post","status-publish","format-standard","has-post-thumbnail","hentry","category-news-archiv"],"publishpress_future_action":{"enabled":false,"date":"2026-09-13 16:52:37","action":"change-status","newStatus":"draft","terms":[],"taxonomy":"category","extraData":[]},"publishpress_future_workflow_manual_trigger":{"enabledWorkflows":[]},"_links":{"self":[{"href":"https:\/\/www.contergan-nrw.eu\/index.php?rest_route=\/wp\/v2\/posts\/6828","targetHints":{"allow":["GET"]}}],"collection":[{"href":"https:\/\/www.contergan-nrw.eu\/index.php?rest_route=\/wp\/v2\/posts"}],"about":[{"href":"https:\/\/www.contergan-nrw.eu\/index.php?rest_route=\/wp\/v2\/types\/post"}],"author":[{"embeddable":true,"href":"https:\/\/www.contergan-nrw.eu\/index.php?rest_route=\/wp\/v2\/users\/1"}],"replies":[{"embeddable":true,"href":"https:\/\/www.contergan-nrw.eu\/index.php?rest_route=%2Fwp%2Fv2%2Fcomments&post=6828"}],"version-history":[{"count":3,"href":"https:\/\/www.contergan-nrw.eu\/index.php?rest_route=\/wp\/v2\/posts\/6828\/revisions"}],"predecessor-version":[{"id":7636,"href":"https:\/\/www.contergan-nrw.eu\/index.php?rest_route=\/wp\/v2\/posts\/6828\/revisions\/7636"}],"wp:featuredmedia":[{"embeddable":true,"href":"https:\/\/www.contergan-nrw.eu\/index.php?rest_route=\/wp\/v2\/media\/5687"}],"wp:attachment":[{"href":"https:\/\/www.contergan-nrw.eu\/index.php?rest_route=%2Fwp%2Fv2%2Fmedia&parent=6828"}],"wp:term":[{"taxonomy":"category","embeddable":true,"href":"https:\/\/www.contergan-nrw.eu\/index.php?rest_route=%2Fwp%2Fv2%2Fcategories&post=6828"},{"taxonomy":"post_tag","embeddable":true,"href":"https:\/\/www.contergan-nrw.eu\/index.php?rest_route=%2Fwp%2Fv2%2Ftags&post=6828"}],"curies":[{"name":"wp","href":"https:\/\/api.w.org\/{rel}","templated":true}]}}