{"id":6611,"date":"2018-11-08T15:10:31","date_gmt":"2018-11-08T14:10:31","guid":{"rendered":"https:\/\/www.contergan-nrw.eu\/?p=6611"},"modified":"2019-03-14T10:36:47","modified_gmt":"2019-03-14T09:36:47","slug":"trauernachricht-wir-trauern-um-unseren-ehrenvorsitzenden-herr-ernst-moemkes","status":"publish","type":"post","link":"https:\/\/www.contergan-nrw.eu\/?p=6611","title":{"rendered":"Trauernachricht &#8211; wir trauern um unseren Ehrenvorsitzenden Herr Ernst M\u00f6mkes"},"content":{"rendered":"<p style=\"font-weight: 400;\"><em><strong>Je sch\u00f6ner und voller die Erinnerung,<\/strong><\/em><strong><br \/>\n<em>desto schwerer ist die Trennung.<\/em><br \/>\n<em>Aber die Dankbarkeit verwandelt die Erinnerung<\/em><br \/>\n<em>in eine stille Freude.<\/em><br \/>\n<em>Man tr\u00e4gt das vergangene Sch\u00f6ne<\/em><br \/>\n<em>nicht wie einen Stachel,<\/em><br \/>\n<em>sondern wie ein kostbares Geschenk in sich.<\/em><br \/>\n<\/strong><strong><em>Dietrich Bonhoeffer<\/em><\/strong><\/p>\n<p style=\"font-weight: 400;\"><em>\u00a0<\/em><\/p>\n<p style=\"font-weight: 400;\"><em>Liebe Mitglieder und Freunde unseres Interessenverbandes Contergangesch\u00e4digter Menschen und deren Angeh\u00f6riger K\u00f6ln e.V.,<\/em><\/p>\n<p style=\"font-weight: 400;\"><em>\u00a0<\/em><\/p>\n<p style=\"font-weight: 400;\"><em>allzu fr\u00fch und unerwartet haben wir unseren langj\u00e4hrigen Ehrenvorsitzenden Herrn Ernst M\u00f6mkes verloren.<\/em><\/p>\n<p style=\"font-weight: 400;\"><em>Es ist schwer zu fassen \u2013 noch vor wenigen Wochen schien er bei unserem Telefonat voller Tatkraft und wollte sich noch mit uns treffen\u2026.<\/em><\/p>\n<p style=\"font-weight: 400;\"><em>Gestern erreichte uns dann die Nachricht von seinem pl\u00f6tzlichen Tod.<\/em><\/p>\n<p style=\"font-weight: 400;\"><em>Wir wussten ja schon seit l\u00e4ngerer Zeit, dass er krank ist und mit dieser Nachricht zu rechnen ist. Dennoch sind wir tief betroffen.<\/em><\/p>\n<p style=\"font-weight: 400;\"><em>Es f\u00e4llt uns sehr schwer, jetzt die richtigen Worte zu finden, denn er war ein Mensch, der uns mehr als 50 Jahre auf unserem Weg begleitet hat.<\/em><\/p>\n<p style=\"font-weight: 400;\"><em>Seinem aufrichtigen Engagement gemeinsam mit Herrn Nuding und Herrn Herzog und mehreren engagierten Eltern haben wir alle es zu verdanken, dass unser Verband so gut aufgestellt an uns \u00fcbergeben wurde.<\/em><\/p>\n<p style=\"font-weight: 400;\"><em>Er hat so das Fundament mitgelegt, dass unser Verband so lebendig, freigeistig, stark und aktiv politisch t\u00e4tig war.<\/em><\/p>\n<p style=\"font-weight: 400;\"><em>Immer \u2013 wirklich immer war er da, wenn wir ihn brauchten.\u00a0<\/em><\/p>\n<p style=\"font-weight: 400;\"><em>\u00a0<\/em><\/p>\n<p style=\"font-weight: 400;\"><em>Wir werden ihn in seiner authentischen, zuverl\u00e4ssigen und zugewandten Art sehr vermissen und ihm ein ehrendes Andenken bewahren. Unsere Gedanken sind bei den Angeh\u00f6rigen, seiner Familie.<\/em><\/p>\n<p style=\"font-weight: 400;\"><em>Peter M\u00f6mkes, einer seiner S\u00f6hne, hat uns gesagt, dass der<\/em><\/p>\n<p style=\"font-weight: 400;\"><strong><em>Trauergottesdienst am Dienstag, den 13.11.18, um 10 Uhr in der St. Johann Baptist Kirche (Pfarrei\u00a0St.\u00a0Johann Baptist, Kirchplatz 20a, 51427 Bergisch Gladbach (Refrath) gehalten wird und anschlie\u00dfend die Bestattung auf dem Friedhof folgt.<\/em><\/strong><\/p>\n<p style=\"font-weight: 400;\"><strong><em>Die Kirche ist f\u00fcr Rollstuhlfahrer zug\u00e4nglich.<\/em><\/strong><\/p>\n<p style=\"font-weight: 400;\"><em>Wer zum Gottesdienst kommen und Abschied nehmen m\u00f6chte, ist herzlich willkommen.<\/em><\/p>\n<p style=\"font-weight: 400;\"><em>Am kommenden Samstag wird eine Todesanzeige im K\u00f6lner Stadtanzeiger, Bergischer Teil, ver\u00f6ffentlicht.<\/em><\/p>\n<p style=\"font-weight: 400;\"><em>In tiefer Dankbarkeit und mit gro\u00dfem Respekt nehmen wir dann Abschied von einem ungew\u00f6hnlich integren Menschen, dessen Neugier und Weitsicht und ehrenamtliches Engagement f\u00fcr uns (K\u00f6lner) Contergangesch\u00e4digte Menschen und Familien, uns stets ein Vorbild war und ist.<\/em><\/p>\n<p style=\"font-weight: 400;\"><strong><em>\u00a0<\/em><\/strong><\/p>\n<p style=\"font-weight: 400;\"><strong><em>Udo Herterich<\/em><\/strong><\/p>\n<ol style=\"font-weight: 400;\">\n<li><strong><em>Vorsitzender<\/em><\/strong><\/li>\n<\/ol>\n<p style=\"font-weight: 400;\">Interessenverband contergangesch\u00e4digter Menschen und deren Angeh\u00f6rige K\u00f6ln e.V.<\/p>\n<p>Bensberger Str. 139<\/p>\n<p>51503 R\u00f6srath<\/p>\n<p>Telefon 02205 &#8211; 83 541<\/p>\n<p>Telefax 0221 \u2013 790 76 00 76<\/p>\n<p>Udo.Herterich<a href=\"mailto:do.herterich@conterganverband-koeln.de\">@<\/a><a href=\"http:\/\/conterganverband-koeln.de\/\" data-saferedirecturl=\"https:\/\/www.google.com\/url?q=http:\/\/conterganverband-koeln.de&amp;source=gmail&amp;ust=1541772521668000&amp;usg=AFQjCNFiP6wa8vCvM9VYac96mQ2o8sS4XQ\">conterganverband-koeln.de<\/a><\/p>\n<p style=\"font-weight: 400;\">www.conterganverbandk\u00f6ln.de<\/p>\n","protected":false},"excerpt":{"rendered":"<p>Je sch\u00f6ner und voller die Erinnerung, desto schwerer ist die Trennung. Aber die Dankbarkeit verwandelt die Erinnerung in eine stille Freude. Man tr\u00e4gt das vergangene Sch\u00f6ne nicht wie einen Stachel, sondern wie ein kostbares Geschenk in sich. Dietrich Bonhoeffer \u00a0 Liebe Mitglieder und Freunde unseres Interessenverbandes Contergangesch\u00e4digter Menschen und deren Angeh\u00f6riger K\u00f6ln e.V., \u00a0 allzu [&hellip;]<\/p>\n","protected":false},"author":1,"featured_media":5687,"comment_status":"closed","ping_status":"open","sticky":false,"template":"","format":"standard","meta":{"footnotes":""},"categories":[76],"tags":[],"class_list":["post-6611","post","type-post","status-publish","format-standard","has-post-thumbnail","hentry","category-news-archiv"],"publishpress_future_action":{"enabled":false,"date":"2026-09-13 13:56:39","action":"change-status","newStatus":"draft","terms":[],"taxonomy":"category","extraData":[]},"publishpress_future_workflow_manual_trigger":{"enabledWorkflows":[]},"_links":{"self":[{"href":"https:\/\/www.contergan-nrw.eu\/index.php?rest_route=\/wp\/v2\/posts\/6611","targetHints":{"allow":["GET"]}}],"collection":[{"href":"https:\/\/www.contergan-nrw.eu\/index.php?rest_route=\/wp\/v2\/posts"}],"about":[{"href":"https:\/\/www.contergan-nrw.eu\/index.php?rest_route=\/wp\/v2\/types\/post"}],"author":[{"embeddable":true,"href":"https:\/\/www.contergan-nrw.eu\/index.php?rest_route=\/wp\/v2\/users\/1"}],"replies":[{"embeddable":true,"href":"https:\/\/www.contergan-nrw.eu\/index.php?rest_route=%2Fwp%2Fv2%2Fcomments&post=6611"}],"version-history":[{"count":3,"href":"https:\/\/www.contergan-nrw.eu\/index.php?rest_route=\/wp\/v2\/posts\/6611\/revisions"}],"predecessor-version":[{"id":6613,"href":"https:\/\/www.contergan-nrw.eu\/index.php?rest_route=\/wp\/v2\/posts\/6611\/revisions\/6613"}],"wp:featuredmedia":[{"embeddable":true,"href":"https:\/\/www.contergan-nrw.eu\/index.php?rest_route=\/wp\/v2\/media\/5687"}],"wp:attachment":[{"href":"https:\/\/www.contergan-nrw.eu\/index.php?rest_route=%2Fwp%2Fv2%2Fmedia&parent=6611"}],"wp:term":[{"taxonomy":"category","embeddable":true,"href":"https:\/\/www.contergan-nrw.eu\/index.php?rest_route=%2Fwp%2Fv2%2Fcategories&post=6611"},{"taxonomy":"post_tag","embeddable":true,"href":"https:\/\/www.contergan-nrw.eu\/index.php?rest_route=%2Fwp%2Fv2%2Ftags&post=6611"}],"curies":[{"name":"wp","href":"https:\/\/api.w.org\/{rel}","templated":true}]}}