{"id":6297,"date":"2018-09-09T13:02:16","date_gmt":"2018-09-09T11:02:16","guid":{"rendered":"https:\/\/www.contergan-nrw.eu\/?p=6297"},"modified":"2018-10-09T00:34:39","modified_gmt":"2018-10-08T22:34:39","slug":"vorlaeufiges-programm-rehacare-2018","status":"publish","type":"post","link":"https:\/\/www.contergan-nrw.eu\/?p=6297","title":{"rendered":"Vorl\u00e4ufiges Programm!! Rehacare 2018 &#8211; !! Aktualsiert !!"},"content":{"rendered":"<p>Hallo zusammen,<\/p>\n<p>die Vorbereitungen f\u00fcr die diesj\u00e4hrige Rehacare in D\u00fcsseldorf l\u00e4uft auf Hochtouren \u2026<br \/>\nNat\u00fcrlich sind wir auch in diesem Jahr wieder mit einem Stand vertreten und Ihr k\u00f6nnt wie in den Jahren zuvor kostenfreie Eintrittskarten bei uns anfordern:<\/p>\n<p>Bei:<\/p>\n<p>Frau Barbara Wenzel-Heyberg<br \/>\nTelefon 02268 \u2013 909 42 88<br \/>\nTelefax 02268 \u2013 909 42 87<br \/>\neMail bwh@contergan-nrw-peer-to-peer.eu<\/p>\n<p>Aus Kostengr\u00fcnden k\u00f6nnen wir wie in den Jahren zuvor nur eine begrenzte Anzahl von Karten zur Verf\u00fcgung stellen.<br \/>\nDas hei\u00dft, wir versenden Karten nur so lange der Vorrat reicht.<\/p>\n<p>Heute haben wir unser vorl\u00e4ufiges Standprogramm aktualisiert \u2013 siehe unten: F\u00fcr weitere Aktualisierungen: ein Blick auf unsere neue Homepage lohnt sich \u2026<br \/>\nAlso immer wieder einmal auf unsere Homepage klicken.<\/p>\n<p>Geb\u00e4rdensprach\u00fcbersetzung ist jeden Tag gew\u00e4hrleistet.<\/p>\n<p>Vielleicht habt Ihr ja auch Ideen oder Anregungen die wir ins Programm mit aufnehmen k\u00f6nnen.<\/p>\n<p>Wir z\u00e4hlen auf Euch, und hoffen, dass Ihr Eure Hilfsmittel mitbringt, damit wir Euch im Umgang damit kurz filmen oder fotografieren k\u00f6nnen (gerne auch anonym). Mit Eurer Erlaubnis (schriftlich) werden wir den kurzen Film oder die Fotos mit Beschreibung auf unsere Homepage ver\u00f6ffentlichen. Das hilft anderen wiederrum, sich vorstellen zu k\u00f6nnen, ob sie das auch nutzen k\u00f6nnen und es hilfreich sein k\u00f6nnte, um dadurch den Alltag oder die Arbeit dadurch etwas zu erleichtern.<\/p>\n<p>Wir freuen uns auf ein zahlreiches Wiedersehen in D\u00fcsseldorf,<\/p>\n<p>Udo Herterich<\/p>\n<p>&#8212;<\/p>\n<p>Interessenverband Contergangesch\u00e4digter<br \/>\nNordrhein-Westfalen e.V.<br \/>\nHilfswerk f\u00fcr vorgeburtlich Gesch\u00e4digte<\/p>\n<p>Udo Herterich<\/p>\n<p>1. Vorsitzender<br \/>\nBensberger Str. 139<br \/>\n51503 R\u00f6srath<br \/>\nTelefon 02205 &#8211; 83 541<br \/>\nTelefax 02205 &#8211; 83 586<\/p>\n<p>herterich@contergan-nrw.eu<\/p>\n<p>www.contergan-nrw.eu<\/p>\n<p>Vorl\u00e4ufiges Programm:<\/p>\n<p><strong>Mittwoch, 26.09.2018:<\/strong><br \/>\nGeb\u00e4rdensprachdolmetscherin am Stand<\/p>\n<p>Vormittags: Schwerpunkt: Wohnumfeldberatung etc.<\/p>\n<p><strong>10.00 Uhr \u2013 13.00 Uhr:<\/strong><br \/>\nDie Firma Elektro Flo\u00dfbach mit Sitz in K\u00f6ln, ist seit 25 Jahren im Bereich der Geb\u00e4udetechnik und Systemintegration t\u00e4tig. Seit \u00fcber 15 Jahren sind wir ein gelisteter Fachbetrieb f\u00fcr KNX\/EIB.<br \/>\nIm Laufe der Jahre entdeckte Herr Flo\u00dfbach die zahlreichen M\u00f6glichkeiten der Wohnumfeld- Steuerung auch f\u00fcr Menschen mit Behinderungen und Handicaps sinnvoll einzusetzen. In seinen Projekten f\u00fcr die Gold Kr\u00e4mer Stiftung, die Lebenshilfe, sowie auch im Privatkundenbereich wurden diese Techniken st\u00e4ndig eingesetzt und konstruktiv verbessert.<br \/>\nHerr Flo\u00dfbach steht uns am 26.09.2018 in der Zeit zwischen 10.00 \u2013 13.00 Uhr f\u00fcr Fragen und konstruktive Gespr\u00e4che zur Verf\u00fcgung.<\/p>\n<p><strong>10.00 Uhr \u2013 13.00 Uhr:<\/strong><br \/>\nHerr Wilfried R\u00f6hrig, Schreinermeister<br \/>\n\u201eIch bin Schreiner &#8211; und Tischlermeister und seit 1993 selbst\u00e4ndig. Ich biete Individuall\u00f6sungen im Tischlerhandwerk, im barrierefreien<br \/>\nWohnen f\u00fcr Menschen mit Behinderung im Schwerpunkt f\u00fcr Contergangesch\u00e4digte Menschen an. Ferner biete ich auch Trockenbaul\u00f6sungen im Wohn- und Badbereich an, mit<br \/>\nSchwerpunkt Befestigung von Hilfsmitteln nach Umbauma\u00dfnahmen.\u201c<\/p>\n<p><strong>10.00 Uhr \u2013 12.00 Uhr:<\/strong><br \/>\nThomas Stein (Mitarbeiter Verband) freut sich darauf, mit Euch das Thema Wohnumfeldsteuerung und -anpassung (z.B. vom Smartphone, Waschmaschine bis zum kompletten Wohnungsumbau) anzusprechen. Wenn Ihr praktische L\u00f6sungen zuhause habt, bringt doch Fotos mit oder filmt diese, damit andere sehen, ob sie das Hilfsmittel auch nutzen wollen oder k\u00f6nnen. Herr Stein kommt aber auch nach der Rehacare zu einem vereinbarten Termin zu Euch nach Hause, um die Hilfen kennenzulernen, Euch zu beraten und zu filmen.<\/p>\n<p><strong>11.00 Uhr \u2013 12.30 Uhr:<\/strong><br \/>\nSabine G\u00f6bber (Mitarbeiterin Verband) freut sich darauf, mit Euch das Thema Bundesteilhabegesetz und Antragswesen zu besprechen.<br \/>\nHabt Ihr Fragen zu Antr\u00e4gen bei Sozialtr\u00e4gern, zum pers\u00f6nlichen Budget, Assistenz oder Rente \u2026. Sabine G\u00f6bber kann Euch helfen.<\/p>\n<p><strong>Neu !!<\/strong><\/p>\n<p><strong>11.00 Uhr &#8211; 13.00 Uhr:<\/strong><\/p>\n<p>Herr Mannsfeld hat Erfahrungen beim Bau\/Konstruieren von K\u00fcchen f\u00fcr menschen mit Contergansch\u00e4digung<\/p>\n<p><strong>15.00 Uhr \u2013 16.30 Uhr:<\/strong><br \/>\nNicole Soppa (Mitarbeiterin Verband) freut sich, mit Euch \u00fcber das Thema Pflege (z.B. Pflege im Alltag oder w\u00e4hrend eines Krankenhausaufenthalts) und Assistenz zu sprechen.<\/p>\n<p><strong>16.00 Uhr \u2013 17.30 Uhr <\/strong><br \/>\nChristoph Soppa , wer \u201ePeer-Supporter\u201c ist oder gerne einer sein m\u00f6chte (Unterst\u00fctzer anderer Contergangesch\u00e4digter Menschen), ist herzlichst eingeladen, zu uns zu kommen. Herr Christoph Soppa (Mitarbeiter Verband) beantwortet all\u2019 eure Fragen rund um das ehrenamtliche Peerangebot unseres Verbandes. In Erg\u00e4nzung zu Sabine G\u00f6bber ber\u00e4t auch er zu Antragswesen (Rente, pers. Budget\u2026) etc.<\/p>\n<p><strong>Donnerstag, 27.09.2018:<\/strong><br \/>\nGeb\u00e4rdensprachdolmetscherin am Stand<\/p>\n<p>Vormittags: Schwerpunkt: Stiftung<\/p>\n<p><strong>10.00 Uhr \u2013 13.00 Uhr:<\/strong><br \/>\nDie Gesch\u00e4ftsstelle der Conterganstiftung freut sich, Sie am Donnerstag, den 28.09.2018 in der Zeit von 10.00 Uhr bis 13.00 Uhr \u00fcber das Leistungsangebot der Conterganstiftung informieren zu k\u00f6nnen.<\/p>\n<p><strong>12.00 Uhr \u2013 13.30 Uhr:<\/strong><br \/>\nIrmela Aurich (Koordinatorin) und Frau Andrea Engel (Zentrumsbetreuung) Ambulantes Behandlungszentrum in N\u00fcmbrecht \/ Mitarbeiterinnen Verband) freuen sich darauf, mit Euch sich \u00fcber das Thema Ambulantes Behandlungszentrum in N\u00fcmbrecht auszutauschen. Gerne berichtet sie, wie ihr dahin kommt, was ihr erwarten k\u00f6nnt, wie lange ein Aufenthalt dauert \u2026 Eventuell habt ihr ja auch Anregungen f\u00fcr uns, auf was man in einem solchen Zentrum unbedingt achten sollte?<\/p>\n<p><strong>12.30 Uhr &#8211; 14.30 Uhr<\/strong><br \/>\nStudien und Frageb\u00f6gen \u201eohne Ende\u201c &#8230; Warum macht es gerade HEUTE f\u00fcr uns Sinn, daran teilzunehmen?<br \/>\nWir freuen sehr, Frau Andrea Tr\u00fcmner -Wissenschaftliche Mitarbeiterin der Hochschule f\u00fcr Gesundheit (hsg) Bochum-, auf unseren Messestand begr\u00fc\u00dfen zu d\u00fcrfen. Auch Andreas von Mengden wird hier Fragen beantworten k\u00f6nnen.<\/p>\n<p><strong>NEU NEU NEU<br \/>\n13.30 Uhr \u2013 14.30 Uhr: <\/strong><br \/>\nNina S\u00f6rensen (Mitarbeiterin Verband) freut sich, sich mit Euch \u00fcber das Thema Antragsverfahren bei den Krankenkassen auszutauschen. Auch kann sie zu Hilfsmittel beraten. Gerne m\u00f6chten wir kurze Filme in der Anwendung von Hilfsmitteln mit Euch vor Ort drehen, um diese auf unserer Internetseite zu zeigen, damit andere sehen, ob sie das Hilfsmittel auch nutzen wollen oder k\u00f6nnen. Frau S\u00f6rensen kommt aber auch nach der Rehacare zu einem vereinbarten Termin zu Euch nach Hause, um die Hilfen kennenzulernen und zu filmen<\/p>\n<p><strong>13.30 Uhr \u2013 15.00 Uhr:<\/strong><br \/>\nChristoph Soppa , wer \u201ePeer-Supporter\u201c ist oder gerne einer sein m\u00f6chte (Unterst\u00fctzer anderer Contergangesch\u00e4digter Menschen), ist herzlichst eingeladen, zu uns zu kommen. Herr Christoph Soppa (Mitarbeiter Verband) beantwortet all\u2019 eure Fragen rund um das ehrenamtliche Peerangebot unseres Verbandes. In Erg\u00e4nzung zu Sabine G\u00f6bber ber\u00e4t auch er zu Antragswesen (Rente, pers. Budget\u2026) etc.<\/p>\n<p><strong>14.30 Uhr &#8211; 15.30 Uhr:<\/strong><br \/>\nF\u00fcr Euch Segway-Fahrer*innen und Segway-Interessierte! Nach einem sehr sch\u00f6nen, von Verband organisierten Segway-Wochenende im Juli, m\u00f6chten wir Euch alle herzlich einladen mit uns \u00fcber das Thema Sitz-Segway zu \u201efachsimpeln\u201c. Wir sammeln Eure Erfahrungen und geben gerne unsere Erlebnisse gerne weiter!<br \/>\nZudem stellt die Fa. Freee mobility GmbH in diesem Zeitraum ihr Sitz-Segway Modell \u201eFreee F2\u201c auf unserem Messestand vor und ihr k\u00f6nnt die Unterschiede zu anderen bekannten Sitz-Segways direkt erfahren!<br \/>\nWir freuen uns auf Euch! Regina Hundeck, Brigitte Gerards und Andreas von Mengden<\/p>\n<p><strong>16.30 Uhr \u2013 17.30 Uhr Uhr:<\/strong><br \/>\nThomas Stein (Mitarbeiter Verband) freut sich darauf, mit Euch das Thema Wohnumfeldsteuerung und -anpassung (z.B. vom Smartphone, Waschmaschine bis zum kompletten Wohnungsumbau) anzusprechen. Wenn Ihr praktische L\u00f6sungen zuhause habt, bringt doch Fotos mit oder filmt diese, damit andere sehen, ob sie das Hilfsmittel auch nutzen wollen oder k\u00f6nnen. Herr Stein kommt aber auch nach der Rehacare zu einem vereinbarten Termin zu Euch nach Hause, um die Hilfen kennenzulernen, Euch zu beraten und zu filmen.<\/p>\n<p><strong>16.30 Uhr\u2013 17.30 Uhr:<\/strong><br \/>\nNicole Soppa, Sabine G\u00f6bber und Irmela Aurich freuen sich auf alle, die geh\u00f6rlos sind und sich \u201emit Geb\u00e4rden unterhalten\u201c wollen. ! Hier kann und soll alles rund um Eure Themen und besondere Beeintr\u00e4chtigung zu Wort kommen k\u00f6nnen. Wenn die Zeit nicht reicht???? Kein Problem, dann vereinbaren wir einen Termin f\u00fcr alle in K\u00f6ln sp\u00e4ter oder es wird ein gesonderter Beratungstermin f\u00fcr jeden vereinbart, der das m\u00f6chte!<\/p>\n<p><strong>Freitag, 28.09.2018:<\/strong><br \/>\nGeb\u00e4rdensprachdolmetscherin am Stand<\/p>\n<p>Mittags: Schwerpunkt HUND<br \/>\nNachmittags: Schwerpunkt Ambulantes Behandlungszentrum f\u00fcr Contergangesch\u00e4digte Menschen in der Rhein-Sieg-Klinik N\u00fcmbrecht<\/p>\n<p><strong>10.00 Uhr \u2013 11.30 Uhr:<\/strong><br \/>\nNicole Soppa (Mitarbeiterin Verband) freut sich, mit Euch \u00fcber das Thema Pflege (z.B. Pflege im Alltag oder w\u00e4hrend eines Krankenhausaufenthalts) und Assistenz zu sprechen.<\/p>\n<p><strong>11.00 Uhr \u2013 12.00 Uhr:<\/strong><br \/>\nSabine G\u00f6bber (Mitarbeiterin Verband) freut sich darauf, mit Euch das Thema Bundesteilhabegesetz und Antragswesen zu besprechen.<br \/>\nHabt Ihr Fragen zu Antr\u00e4gen bei Sozialtr\u00e4gern, zum pers\u00f6nlichen Budget, Assistenz oder Rente \u2026. Sabine G\u00f6bber kann Euch helfen.<\/p>\n<p><strong>12.00 Uhr \u2013 13.30 Uhr:<\/strong><br \/>\nFragen rund um den Hund!<br \/>\nHallo ihr Lieben, habt ihr Fragen zum Thema \u201eRund um den Hund\u201c? Gerne k\u00f6nnt ihr diese auf der Rehacare stellen!<br \/>\nWir freuen uns, dass Andrea Heidb\u00fcchel (Zertifizierte Hundetrainerin und Sachverst\u00e4ndige) zugesagt hat, eure Fragen auf der Rehacare zu beantworten!<br \/>\nEinige kennen sie ja bereits vom Hunde-Schnuppertag! Wer also Fragen in Sachen \u201eHund\u201c hat, kann Andrea Heidb\u00fcchel L\u00f6cher in den Bauch fragen! Sie freut sich auf euch!<br \/>\nAu\u00dferdem sind Tom &amp; Farley auch dabei und k\u00f6nnen euch sicherlich das eine oder andere zeigen!<br \/>\nWir alle vier freuen uns euch auf der Rehacare zu sehen! Herzliche Gr\u00fc\u00dfe Andrea Engel<br \/>\nNachstehend einen kleinen Ausschnitt aus Andrea Heidb\u00fcchels Werdegang!<br \/>\nSie schreibt: Zum Leidwesen meiner Eltern habe ich mich schon als Kind um alles was kreucht und fleucht gek\u00fcmmert.<br \/>\nW\u00e4hrend meiner beruflichen Karriere im Handwerk und in der Industrie \u2013 man muss ja was Vern\u00fcnftiges lernen \u2013 erhielt ich die Chance eine Ausbildung zur Hundetrainerin zu absolvieren.<br \/>\nNachdem ich dann noch die Pr\u00fcfung zur Sachverst\u00e4ndigen nach \u201eHund\u201c abgelegt habe, konnte ich mir 2001 meinen Traum mit Menschen und Tieren zu arbeiten durch die Gr\u00fcndung meiner Hundeschule \u201eDer brave Hund\u201c erf\u00fcllen. Dieser Schritt war die beste Entscheidung meines Lebens, denn wenn das Hobby zum Beruf wird, dann wird aus der Arbeit Spa\u00df!<br \/>\nWenn ihr mehr erfahren wollt, so freue ich mich auf einen regen Austausch auf der Rehacare und dar\u00fcber hinaus! Herzliche Gr\u00fc\u00dfe Andrea Heidb\u00fcchel<\/p>\n<p><strong>KLEINE PROGRAMM\u00c4NDERUNG:<\/strong><\/p>\n<p><strong>JETZT<\/strong><\/p>\n<p><strong>Freitag, 28.9.2018, 10.00 Uhr \u2013 ca. 12.00 Uhr<\/strong><strong>, statt 14.00 Uhr bis 16.00 Uhr<\/strong><\/p>\n<p>Prof. Dr. Peters und Mitarbeiterinnen und Mitarbeiter des Kompetenzteams vom Ambulanten Behandlungszentrums f\u00fcr Contergangesch\u00e4digte Menschen in N\u00fcmbrecht, Frau Aurich und Frau Andrea Engel (Mitarbeiterinnen des Verbandes) werden in dieser Zeit auch auf der Reha-Care am Stand des Interessenverbandes sein.<\/p>\n<p><strong>16.00 Uhr \u2013 17.30 Uhr: <\/strong><br \/>\nNina S\u00f6rensen (Mitarbeiterin Verband) freut sich, sich mit Euch \u00fcber das Thema Antragsverfahren bei den Krankenkassen auszutauschen. Auch kann sie zu Hilfsmittel beraten. Gerne m\u00f6chten wir kurze Filme in der Anwendung von Hilfsmitteln mit Euch vor Ort drehen, um diese auf unserer Internetseite zu zeigen, damit andere sehen, ob sie das Hilfsmittel auch nutzen wollen oder k\u00f6nnen. Frau S\u00f6rensen kommt aber auch nach der Rehacare zu einem vereinbarten Termin zu Euch nach Hause, um die Hilfen kennenzulernen, Euch zu beraten und zu filmen.<\/p>\n<p><strong>Samstag, 29.9.2018:<\/strong><br \/>\nGeb\u00e4rdensprachdolmetscherin am Stand<\/p>\n<p>Vormittags: Schwerpunkt Sprachsteuerung<\/p>\n<p><strong>10.00 Uhr \u2013 ca. 14.00 Uhr:<\/strong><br \/>\nStephan Hafeneth, Firma Paradicta. Es ist fast schon Tradition, dass Stephan bei uns am Stand ist, um uns die Sprachsteuerung n\u00e4her zu bringen. Wer will kann Stephan hier treffen. Er wird sicherlich alle Eure Fragen oder Anliegen rund um das Thema Sprachsteuerung mit Euch besprechen.<\/p>\n<p><strong>12.00 Uhr \u2013 13.30 Uhr:<\/strong><br \/>\nAndreas von Mengden (Mitarbeiter Verband), freut sich, mit Euch \u00fcber das Thema Hilfsmittelanpassung (z.B. vom Ganzk\u00f6rperf\u00f6n bis zum Anziehstab) auszutauschen. Bringt gerne Hilfsmittel mit, die f\u00fcr Euch toll sind, oder wo Ihr Euch eine Verbesserung w\u00fcnscht.<br \/>\nGerne m\u00f6chten wir kurze Filme in der Anwendung von Hilfsmitteln mit Euch vor Ort drehen, um diese auf unserer Internetseite zu zeigen, damit andere sehen, ob sie das Hilfsmittel auch nutzen wollen oder k\u00f6nnen. Herr von Mengden kommt aber auch nach der Rehacare zu einem vereinbarten Termin zu Euch nach Hause, um die Hilfen kennenzulernen, euch zu beraten und zu filmen.<\/p>\n<p><strong>NEU NEU NEU NEU<br \/>\n12.30 \u2013 13.30 Uhr<\/strong><br \/>\nHerr Josef Ilting wird am Messe-Samstag auf unserem Stand sein und die Laufr\u00e4der vorstellen bzw. sich den Fragen stellen.<br \/>\nLAUFR\u00c4DER \u2013 die etwas andere M\u00f6glichkeit sich zu bewegen und an Mobilit\u00e4t zu gewinnen!<br \/>\nDie Firma \u201eILTINGs.das Laufrad\u201c aus Essen, ist Hersteller von Laufr\u00e4dern f\u00fcr Menschen mit Bewegungseinschr\u00e4nkungen jeglicher Art. Man k\u00f6nnte zu diesem Ger\u00e4t auch Tretroller f\u00fcr Erwachsene sagen, denn die Bewegung ist die gleiche, wie beim herk\u00f6mmlichen Tretroller. Es gibt unterschiedliche Modelle, abh\u00e4ngig von der K\u00f6rpergr\u00f6\u00dfe des Nutzers, mit oder ohne Sitz sowie mit oder ohne elektrischem Zusatzmotor.<br \/>\nLasst Euch inspirieren und kommt zu uns auf den Messestand!<br \/>\nJosef Ilting und Andreas von Mengden<\/p>\n<p><strong>13.30 Uhr \u2013 14.30 Uhr: <\/strong><br \/>\nNina S\u00f6rensen (Mitarbeiterin Verband) freut sich, sich mit Euch \u00fcber das Thema Antragsverfahren bei den Krankenkassen auszutauschen. Auch kann sie zu Hilfsmittel beraten. Gerne m\u00f6chten wir kurze Filme in der Anwendung von Hilfsmitteln mit Euch vor Ort drehen, um diese auf unserer Internetseite zu zeigen, damit andere sehen, ob sie das Hilfsmittel auch nutzen wollen oder k\u00f6nnen. Frau S\u00f6rensen kommt aber auch nach der Rehacare zu einem vereinbarten Termin zu Euch nach Hause, um die Hilfen kennenzulernen und zu filmen.<\/p>\n<p><strong>14.30 Uhr \u2013 15.30 Uhr:<\/strong><br \/>\nAndrea Engel (Zentrumsbetreuung) Ambulantes Behandlungszentrum in N\u00fcmbrecht \/ Mitarbeiterin Verband) freut sich darauf, mit Euch sich \u00fcber das Thema Ambulantes Behandlungszentrum in N\u00fcmbrecht auszutauschen. Eventuell habt ihr ja auch Anregungen f\u00fcr uns, auf was man in einem solchen Zentrum unbedingt achten sollte?<\/p>\n<p><strong>Ab 15.30 Uhr:<\/strong><br \/>\nGem\u00fctliches Beisammensein zum Ausklang der Rehacare Messe auf unserem Stand \u2026<\/p>\n","protected":false},"excerpt":{"rendered":"<p>Hallo zusammen, die Vorbereitungen f\u00fcr die diesj\u00e4hrige Rehacare in D\u00fcsseldorf l\u00e4uft auf Hochtouren \u2026 Nat\u00fcrlich sind wir auch in diesem Jahr wieder mit einem Stand vertreten und Ihr k\u00f6nnt wie in den Jahren zuvor kostenfreie Eintrittskarten bei uns anfordern: Bei: Frau Barbara Wenzel-Heyberg Telefon 02268 \u2013 909 42 88 Telefax 02268 \u2013 909 42 87 [&hellip;]<\/p>\n","protected":false},"author":1,"featured_media":5687,"comment_status":"closed","ping_status":"open","sticky":false,"template":"","format":"standard","meta":{"footnotes":""},"categories":[76],"tags":[436,437,435],"class_list":["post-6297","post","type-post","status-publish","format-standard","has-post-thumbnail","hentry","category-news-archiv","tag-messe","tag-programm","tag-rehacare"],"publishpress_future_action":{"enabled":false,"date":"2026-09-13 18:47:01","action":"change-status","newStatus":"draft","terms":[],"taxonomy":"category","extraData":[]},"publishpress_future_workflow_manual_trigger":{"enabledWorkflows":[]},"_links":{"self":[{"href":"https:\/\/www.contergan-nrw.eu\/index.php?rest_route=\/wp\/v2\/posts\/6297","targetHints":{"allow":["GET"]}}],"collection":[{"href":"https:\/\/www.contergan-nrw.eu\/index.php?rest_route=\/wp\/v2\/posts"}],"about":[{"href":"https:\/\/www.contergan-nrw.eu\/index.php?rest_route=\/wp\/v2\/types\/post"}],"author":[{"embeddable":true,"href":"https:\/\/www.contergan-nrw.eu\/index.php?rest_route=\/wp\/v2\/users\/1"}],"replies":[{"embeddable":true,"href":"https:\/\/www.contergan-nrw.eu\/index.php?rest_route=%2Fwp%2Fv2%2Fcomments&post=6297"}],"version-history":[{"count":6,"href":"https:\/\/www.contergan-nrw.eu\/index.php?rest_route=\/wp\/v2\/posts\/6297\/revisions"}],"predecessor-version":[{"id":6453,"href":"https:\/\/www.contergan-nrw.eu\/index.php?rest_route=\/wp\/v2\/posts\/6297\/revisions\/6453"}],"wp:featuredmedia":[{"embeddable":true,"href":"https:\/\/www.contergan-nrw.eu\/index.php?rest_route=\/wp\/v2\/media\/5687"}],"wp:attachment":[{"href":"https:\/\/www.contergan-nrw.eu\/index.php?rest_route=%2Fwp%2Fv2%2Fmedia&parent=6297"}],"wp:term":[{"taxonomy":"category","embeddable":true,"href":"https:\/\/www.contergan-nrw.eu\/index.php?rest_route=%2Fwp%2Fv2%2Fcategories&post=6297"},{"taxonomy":"post_tag","embeddable":true,"href":"https:\/\/www.contergan-nrw.eu\/index.php?rest_route=%2Fwp%2Fv2%2Ftags&post=6297"}],"curies":[{"name":"wp","href":"https:\/\/api.w.org\/{rel}","templated":true}]}}