{"id":13734,"date":"2025-09-12T17:16:22","date_gmt":"2025-09-12T15:16:22","guid":{"rendered":"https:\/\/www.contergan-nrw.eu\/?p=13734"},"modified":"2025-12-03T19:42:03","modified_gmt":"2025-12-03T18:42:03","slug":"frauentreff-auf-der-rehacare-in-duesseldorf-am-19-09-25-15-uhr","status":"publish","type":"post","link":"https:\/\/www.contergan-nrw.eu\/?p=13734","title":{"rendered":"Frauentreff auf der Rehacare in D\u00fcsseldorf am 19.09.25, 15 Uhr"},"content":{"rendered":"<div dir=\"ltr\">\n<div dir=\"ltr\">\n<div dir=\"ltr\">\n<div dir=\"ltr\">\n<div dir=\"ltr\">\n<p>Hallo liebe interessierte Teilnehmerinnen an einem ZOOM-Frauentreff<\/p>\n<\/div>\n<\/div>\n<\/div>\n<\/div>\n<\/div>\n<div dir=\"ltr\">\n<div dir=\"ltr\">\n<div dir=\"ltr\">\n<div dir=\"ltr\">\n<div dir=\"ltr\">\n<p>&nbsp;<\/p>\n<p>Wir laden Euch ein:<\/p>\n<p>Unser n\u00e4chstes Treffen in Pr\u00e4senz findet am:<\/p>\n<p>&nbsp;<\/p>\n<p>Freitag, 19.09.25 um 15 Uhr auf der Rehacare Messe in D\u00fcsseldorf<\/p>\n<p>statt!<\/p>\n<p>Wir freuen uns darauf, gemeinsam mit Nina S\u00f6rensensen zun\u00e4chst \u00fcber die M\u00f6glichkeiten, ein Handy zu halten und zu nutzen und vor allem alternativ zu fotografieren und telefonieren mit einer Brille (die alles kann). Nina wird uns das zeigen und im Anschluss wie gew\u00fcnscht wird Thomas Stein etwas \u00fcber die Robotertechnik im Haushalt erz\u00e4hlen und wir k\u00f6nnen uns mit ihm im Gespr\u00e4ch dar\u00fcber austauschen. Selbstverst\u00e4ndlich bleibt aber auch noch Zeit f\u00fcr Gespr\u00e4che untereinander und das vers\u00fc\u00dfen wir noch mit einem kleinen Snack.<\/p>\n<p>Jede Contergangesch\u00e4digte Frau ist herzlich willkommen. Wir haben miteinander eine Verschwiegenheitsvereinbarung getroffen, so dass die privaten Informationen, die ausgetauscht werden, tats\u00e4chlich nur in diesem Kreis verbleiben.<\/p>\n<p>Weiteres Programm f\u00fcr dieses Jahr:<\/p>\n<ol>\n<li>29.10.\u00a0\u00a0Netzwerk Frauen NRW stellen sich vor<\/li>\n<li>Und 24\/25.11. in Pr\u00e4senz mit Mira (Selbstbehauptung und verbale Abwehr\u2026.)- in Gelsenkirchen im Hotel Heiners!<\/li>\n<li>Weitere Termine werden vereinbart<\/li>\n<\/ol>\n<p>Infos dazu:<\/p>\n<p>Zu den Treffen mit Mira in der Pr\u00e4senzveranstaltung im November:<\/p>\n<p>Die Anmeldungsm\u00f6glichkeiten beziehungsweise der Ablauf der Veranstaltung wird in den n\u00e4chsten Tagen verschickt:<\/p>\n<p>wir reden dort \u00fcber das \u201esich wehren und begegnen von verbal unangenehmen Attacken oder auch unangebrachte \u00c4u\u00dferungen\u201c beziehungsweise auch zum Ausdruck gebrachte Aggression uns gegen\u00fcber und \u00fcben ganz praktisch gemeinsam Techniken im Umgang mit fremder Gewalt und Gewalt \u00c4u\u00dferungen uns gegen\u00fcber.<\/p>\n<p>Weitere Themen, die uns in der Zukunft besch\u00e4ftigen:<\/p>\n<p>&#8211; politische Haltung von Frauen -Antidiskriminierung- Positionierung von uns &#8211; wo erleben wir das und wie k\u00f6nnen wir uns st\u00e4rken &#8211; Netzwerk Frauen nrw;<\/p>\n<p>\u00c4ngste &#8211; verschiedene Arten- Zukunftsangst &#8211; wie wird das mit Krankheit\/ Tod\/neuen Grenzen &#8211; \u00dcberforderung durch Schmerz\/ Ersch\u00f6pfung &#8211; Pr\u00e4vention &#8211; das Thema wird geteilt: ein Input hatte Heidi zum Thema Depression und \u00c4ngste vorbereitet zum letzten Treff;<\/p>\n<p>Und das andere Thema ist Pr\u00e4vention und \u201egesund und vorbereitet altern\u201c\u2026 Wie begegne ich meinen \u00c4ngsten vor dem Alter? Hierzu suchen wir eine Gesundheitsfachfrau.<\/p>\n<p>Und ein weiteres Thema wird sei , \u201eGendern in der medizinischen Versorgung\u201c.<\/p>\n<p>Das bezieht sich auf die Ber\u00fccksichtigung von Geschlechtsunterschieden in der Diagnostik, Therapie und Forschung, um eine gerechte und effektive Versorgung f\u00fcr alle Personen zu gew\u00e4hrleisten. Dieser Ansatz, der auch als &#8222;Geschlechtersensible Medizin&#8220; oder &#8222;Gendermedizin&#8220; bezeichnet wird, erkennt an, dass biologische und soziokulturelle Geschlechteraspekte die Gesundheit und Erkrankungen beeinflussen.\u201c Das wirkt sich auch oft auf die Diagnose beziehungsweise vor allen Dingen auch auf den Verlauf der Krankheit aus und das wird oft nicht ber\u00fccksichtigt.<\/p>\n<p>Bis dann<\/p>\n<p>&nbsp;<\/p>\n<p>Herzliche Gr\u00fc\u00dfe<\/p>\n<p>Eure<\/p>\n<p>Heidi und\u00a0 Claudia<\/p>\n<p>&nbsp;<\/p>\n<p>Bitte meldet Euch unbedingt an mit Angabe Eurer Email-Adresse<\/p>\n<p>bei Barbara Wenzel-Heyberg, damit wir Euch den Link zusenden k\u00f6nnen!<\/p>\n<p>&nbsp;<\/p>\n<p>Barbara Wenzel-Heyberg<\/p>\n<p>Festnetz.\u00a002268 9094288<\/p>\n<p>Mobil.\u00a00151 70200999<\/p>\n<p>Fax.\u00a002268 9094287<\/p>\n<p>E-Mail:<a href=\"mailto:bwh@contergan-nrw-peer-to-peer.eu\" target=\"_blank\" rel=\"noopener\">bwh@contergan-nrw-peer-<wbr \/>to-peer.eu<\/a><\/p>\n<p>&nbsp;<\/p>\n<p>Interessenverband Contergangesch\u00e4digter\u00a0NRW e.V.<\/p>\n<p>Udo Herterich<\/p>\n<p>Vorsitzender<\/p>\n<p>Maternusstr. 9<\/p>\n<p>50996 K\u00f6ln<\/p>\n<p>Tel.: 015234342504<\/p>\n<\/div>\n<\/div>\n<\/div>\n<\/div>\n<\/div>\n<div dir=\"ltr\">\n<div dir=\"ltr\">\n<div dir=\"ltr\">\n<div dir=\"ltr\">\n<div dir=\"ltr\">\n<p><a href=\"http:\/\/2026.contergan-nrw.eu\/\" target=\"_blank\" rel=\"noopener\" data-saferedirecturl=\"https:\/\/www.google.com\/url?q=http:\/\/2026.contergan-nrw.eu\/&amp;source=gmail&amp;ust=1757776496647000&amp;usg=AOvVaw3tQd3BUqHWOZFAzGHx1XtS\">www.contergan-nrw.eu<\/a><\/p>\n<\/div>\n<\/div>\n<\/div>\n<\/div>\n<\/div>\n","protected":false},"excerpt":{"rendered":"<p>Hallo liebe interessierte Teilnehmerinnen an einem ZOOM-Frauentreff &nbsp; Wir laden Euch ein: Unser n\u00e4chstes Treffen in Pr\u00e4senz findet am: &nbsp; Freitag, 19.09.25 um 15 Uhr auf der Rehacare Messe in D\u00fcsseldorf statt! Wir freuen uns darauf, gemeinsam mit Nina S\u00f6rensensen zun\u00e4chst \u00fcber die M\u00f6glichkeiten, ein Handy zu halten und zu nutzen und vor allem alternativ [&hellip;]<\/p>\n","protected":false},"author":1,"featured_media":12965,"comment_status":"closed","ping_status":"open","sticky":false,"template":"","format":"standard","meta":{"footnotes":""},"categories":[389],"tags":[1926,435],"class_list":["post-13734","post","type-post","status-publish","format-standard","has-post-thumbnail","hentry","category-veranstaltungs-archiv","tag-frauentreff","tag-rehacare"],"publishpress_future_action":{"enabled":false,"date":"2026-09-13 13:15:59","action":"change-status","newStatus":"draft","terms":[],"taxonomy":"category","extraData":[]},"publishpress_future_workflow_manual_trigger":{"enabledWorkflows":[]},"_links":{"self":[{"href":"https:\/\/www.contergan-nrw.eu\/index.php?rest_route=\/wp\/v2\/posts\/13734","targetHints":{"allow":["GET"]}}],"collection":[{"href":"https:\/\/www.contergan-nrw.eu\/index.php?rest_route=\/wp\/v2\/posts"}],"about":[{"href":"https:\/\/www.contergan-nrw.eu\/index.php?rest_route=\/wp\/v2\/types\/post"}],"author":[{"embeddable":true,"href":"https:\/\/www.contergan-nrw.eu\/index.php?rest_route=\/wp\/v2\/users\/1"}],"replies":[{"embeddable":true,"href":"https:\/\/www.contergan-nrw.eu\/index.php?rest_route=%2Fwp%2Fv2%2Fcomments&post=13734"}],"version-history":[{"count":2,"href":"https:\/\/www.contergan-nrw.eu\/index.php?rest_route=\/wp\/v2\/posts\/13734\/revisions"}],"predecessor-version":[{"id":13745,"href":"https:\/\/www.contergan-nrw.eu\/index.php?rest_route=\/wp\/v2\/posts\/13734\/revisions\/13745"}],"wp:featuredmedia":[{"embeddable":true,"href":"https:\/\/www.contergan-nrw.eu\/index.php?rest_route=\/wp\/v2\/media\/12965"}],"wp:attachment":[{"href":"https:\/\/www.contergan-nrw.eu\/index.php?rest_route=%2Fwp%2Fv2%2Fmedia&parent=13734"}],"wp:term":[{"taxonomy":"category","embeddable":true,"href":"https:\/\/www.contergan-nrw.eu\/index.php?rest_route=%2Fwp%2Fv2%2Fcategories&post=13734"},{"taxonomy":"post_tag","embeddable":true,"href":"https:\/\/www.contergan-nrw.eu\/index.php?rest_route=%2Fwp%2Fv2%2Ftags&post=13734"}],"curies":[{"name":"wp","href":"https:\/\/api.w.org\/{rel}","templated":true}]}}