{"id":13681,"date":"2025-09-02T09:50:28","date_gmt":"2025-09-02T07:50:28","guid":{"rendered":"https:\/\/www.contergan-nrw.eu\/?p=13681"},"modified":"2025-12-03T19:43:02","modified_gmt":"2025-12-03T18:43:02","slug":"trauerfeier-und-beerdigung-von-martin-fittkau","status":"publish","type":"post","link":"https:\/\/www.contergan-nrw.eu\/?p=13681","title":{"rendered":"Trauerfeier und Beerdigung von Martin Fittkau"},"content":{"rendered":"<section class=\"av_textblock_section \"  itemscope=\"itemscope\" itemtype=\"https:\/\/schema.org\/BlogPosting\" itemprop=\"blogPost\" ><div class='avia_textblock  '   itemprop=\"text\" ><p>Hallo zusammen,<br \/>\nnachfolgend \u00fcbersenden wir euch den Termin f\u00fcr Martins Beerdigung.<br \/>\nLiebe Gr\u00fc\u00dfe<br \/>\nUdo<\/p>\n<p><a href=\"http:\/\/2026.contergan-nrw.eu\/wp-content\/uploads\/2025\/09\/Einladung-Trauerfeier.pdf\" target=\"_blank\" rel=\"noopener\">Einladung Trauerfeier<\/a><\/p>\n<p>Interessenverband Contergangesch\u00e4digter Menschen und deren Angeh\u00f6rige K\u00f6ln e.V.<br \/>\nUdo Herterich<br \/>\nVorsitzender<\/p>\n<p>Maternusstr. 9<br \/>\n50996 K\u00f6ln<br \/>\nTel.: 015234342504<br \/>\nwww.conterganverband-koeln.de<\/p>\n<\/div><\/section>\n","protected":false},"excerpt":{"rendered":"","protected":false},"author":1,"featured_media":12965,"comment_status":"closed","ping_status":"open","sticky":false,"template":"","format":"standard","meta":{"footnotes":""},"categories":[76],"tags":[1979,1978],"class_list":["post-13681","post","type-post","status-publish","format-standard","has-post-thumbnail","hentry","category-news-archiv","tag-beerdigung","tag-trauerfeier"],"publishpress_future_action":{"enabled":false,"date":"2026-09-13 14:29:30","action":"change-status","newStatus":"draft","terms":[],"taxonomy":"category","extraData":[]},"publishpress_future_workflow_manual_trigger":{"enabledWorkflows":[]},"_links":{"self":[{"href":"https:\/\/www.contergan-nrw.eu\/index.php?rest_route=\/wp\/v2\/posts\/13681","targetHints":{"allow":["GET"]}}],"collection":[{"href":"https:\/\/www.contergan-nrw.eu\/index.php?rest_route=\/wp\/v2\/posts"}],"about":[{"href":"https:\/\/www.contergan-nrw.eu\/index.php?rest_route=\/wp\/v2\/types\/post"}],"author":[{"embeddable":true,"href":"https:\/\/www.contergan-nrw.eu\/index.php?rest_route=\/wp\/v2\/users\/1"}],"replies":[{"embeddable":true,"href":"https:\/\/www.contergan-nrw.eu\/index.php?rest_route=%2Fwp%2Fv2%2Fcomments&post=13681"}],"version-history":[{"count":2,"href":"https:\/\/www.contergan-nrw.eu\/index.php?rest_route=\/wp\/v2\/posts\/13681\/revisions"}],"predecessor-version":[{"id":13684,"href":"https:\/\/www.contergan-nrw.eu\/index.php?rest_route=\/wp\/v2\/posts\/13681\/revisions\/13684"}],"wp:featuredmedia":[{"embeddable":true,"href":"https:\/\/www.contergan-nrw.eu\/index.php?rest_route=\/wp\/v2\/media\/12965"}],"wp:attachment":[{"href":"https:\/\/www.contergan-nrw.eu\/index.php?rest_route=%2Fwp%2Fv2%2Fmedia&parent=13681"}],"wp:term":[{"taxonomy":"category","embeddable":true,"href":"https:\/\/www.contergan-nrw.eu\/index.php?rest_route=%2Fwp%2Fv2%2Fcategories&post=13681"},{"taxonomy":"post_tag","embeddable":true,"href":"https:\/\/www.contergan-nrw.eu\/index.php?rest_route=%2Fwp%2Fv2%2Ftags&post=13681"}],"curies":[{"name":"wp","href":"https:\/\/api.w.org\/{rel}","templated":true}]}}