{"id":13628,"date":"2025-08-07T17:29:38","date_gmt":"2025-08-07T15:29:38","guid":{"rendered":"https:\/\/www.contergan-nrw.eu\/?p=13628"},"modified":"2025-12-03T19:44:56","modified_gmt":"2025-12-03T18:44:56","slug":"autoren-gesucht-auf-der-rehacare-25-samstag-den-20-september-moechten-wir-fuer-contergangeschaedigte-autoren-den-stand-als-platform-anbieten","status":"publish","type":"post","link":"https:\/\/www.contergan-nrw.eu\/?p=13628","title":{"rendered":"Autoren gesucht!!! Auf der Rehacare 25 Samstag, den 20. September m\u00f6chten wir f\u00fcr Contergangesch\u00e4digte Autoren den Stand als Platform anbieten"},"content":{"rendered":"<div dir=\"ltr\">\n<div dir=\"ltr\">\n<div dir=\"ltr\">\n<div dir=\"ltr\">\n<div dir=\"ltr\">\n<div dir=\"ltr\">\n<div dir=\"ltr\">\n<p>Rehacare vom 17.-20.09.25 in D\u00fcsseldorf<\/p>\n<\/div>\n<\/div>\n<\/div>\n<\/div>\n<\/div>\n<\/div>\n<\/div>\n<div dir=\"ltr\">\n<div dir=\"ltr\">\n<div dir=\"ltr\">\n<div dir=\"ltr\">\n<div dir=\"ltr\">\n<div dir=\"ltr\">\n<div dir=\"ltr\">\n<p>Hallo zusammen,<\/p>\n<p>Nur noch f\u00fcnf Wochen und wir k\u00f6nnen uns alle in D\u00fcsseldorf auf der Rehacare wiedersehen. In den n\u00e4chsten Tagen geht das erste vorl\u00e4ufige Programm raus.<\/p>\n<p>Ihr findet uns<\/p>\n<p>Vom 17.9.-20.09.25 in D\u00fcsseldorf<\/p>\n<p>in der Halle 6, Stand D 27<\/p>\n<p>An jedem Tag sind Geb\u00e4rdensprachdolmetscher vor Ort.<\/p>\n<p>Der Samstag steht traditionell immer unter einem bestimmten Motto und in diesem Jahr haben wir uns \u00fcberlegt, dass wir gerne allen Autoren und Autorinnen unter uns die M\u00f6glichkeit geben wollen, ihre Werke auszulegen.<\/p>\n<p>Wir m\u00f6chten diese dem breiten Rehacare Publikum zug\u00e4nglich machen!<\/p>\n<p>Habt Ihr Lust, dabei zu sein?<\/p>\n<p>Wir freuen uns auf Euch, so dass interessierte Leser:innen mit Euch ins Gespr\u00e4ch kommen k\u00f6nnen.<\/p>\n<p>Bitte bringt auch Infos mit, wenn Ihr eine Lesung in Eurer Umgebung geplant habt oder wo man wie Eure B\u00fccher erwerben kann, so dass diese Infos auch vor Ort direkt weitergeben werden k\u00f6nnen.<\/p>\n<p>Vor Ort k\u00f6nnen wir keine Lesungen anbieten, da es definitiv zu laut ist und aus Erfahrung auch sehr unruhig. Daher k\u00f6nnen wir Euch leider keine Umgebung anbieten, die einer anspruchsvollen Lesung gerecht werden k\u00f6nnte.<\/p>\n<p>Aber wir bieten den Autoren, die am Samstag dabei sind, an, die Werke auf unserer Internetseite vorzustellen.<\/p>\n<p>Bitte meldet Euch unbedingt bei Andrea Engel an, damit wir das gut vor Ort koordiniert bekommen.<\/p>\n<p>Andrea Engel<\/p>\n<p>Mobil:\u00a0+49 151 \/ 42 52 54 32<\/p>\n<p>Mail:\u00a0<a href=\"mailto:a.engel@contergan-nrw.eu\" target=\"_blank\" rel=\"noopener\">a.engel@contergan-nrw.eu<\/a><\/p>\n<p>Bis bald , genie\u00dft den Sommer!<\/p>\n<p>Udo Herterich<\/p>\n<p>Interessenverband Contergangesch\u00e4digter NRW e.V.<\/p>\n<p>Udo Herterich<\/p>\n<p>Vorsitzender<\/p>\n<p>Maternusstr. 9<\/p>\n<p>50996 K\u00f6ln<\/p>\n<p>Tel.:\u00a0015234342504<\/p>\n<\/div>\n<\/div>\n<\/div>\n<\/div>\n<\/div>\n<\/div>\n<\/div>\n<div dir=\"ltr\">\n<div dir=\"ltr\">\n<div dir=\"ltr\">\n<div dir=\"ltr\">\n<div dir=\"ltr\">\n<div dir=\"ltr\">\n<div dir=\"ltr\">\n<p><a href=\"http:\/\/2026.contergan-nrw.eu\/\" target=\"_blank\" rel=\"noopener\" data-saferedirecturl=\"https:\/\/www.google.com\/url?q=http:\/\/2026.contergan-nrw.eu&amp;source=gmail&amp;ust=1754666840209000&amp;usg=AOvVaw0P4HAzW7N6fQG5mUYvlkES\">www.contergan-nrw.eu<\/a><\/p>\n<\/div>\n<\/div>\n<\/div>\n<\/div>\n<\/div>\n<\/div>\n<\/div>\n","protected":false},"excerpt":{"rendered":"<p>Rehacare vom 17.-20.09.25 in D\u00fcsseldorf Hallo zusammen, Nur noch f\u00fcnf Wochen und wir k\u00f6nnen uns alle in D\u00fcsseldorf auf der Rehacare wiedersehen. In den n\u00e4chsten Tagen geht das erste vorl\u00e4ufige Programm raus. Ihr findet uns Vom 17.9.-20.09.25 in D\u00fcsseldorf in der Halle 6, Stand D 27 An jedem Tag sind Geb\u00e4rdensprachdolmetscher vor Ort. Der Samstag [&hellip;]<\/p>\n","protected":false},"author":1,"featured_media":12965,"comment_status":"closed","ping_status":"open","sticky":false,"template":"","format":"standard","meta":{"footnotes":""},"categories":[76],"tags":[1977,1766],"class_list":["post-13628","post","type-post","status-publish","format-standard","has-post-thumbnail","hentry","category-news-archiv","tag-autoren","tag-reha-care"],"publishpress_future_action":{"enabled":false,"date":"2026-09-13 13:56:26","action":"change-status","newStatus":"draft","terms":[],"taxonomy":"category","extraData":[]},"publishpress_future_workflow_manual_trigger":{"enabledWorkflows":[]},"_links":{"self":[{"href":"https:\/\/www.contergan-nrw.eu\/index.php?rest_route=\/wp\/v2\/posts\/13628","targetHints":{"allow":["GET"]}}],"collection":[{"href":"https:\/\/www.contergan-nrw.eu\/index.php?rest_route=\/wp\/v2\/posts"}],"about":[{"href":"https:\/\/www.contergan-nrw.eu\/index.php?rest_route=\/wp\/v2\/types\/post"}],"author":[{"embeddable":true,"href":"https:\/\/www.contergan-nrw.eu\/index.php?rest_route=\/wp\/v2\/users\/1"}],"replies":[{"embeddable":true,"href":"https:\/\/www.contergan-nrw.eu\/index.php?rest_route=%2Fwp%2Fv2%2Fcomments&post=13628"}],"version-history":[{"count":2,"href":"https:\/\/www.contergan-nrw.eu\/index.php?rest_route=\/wp\/v2\/posts\/13628\/revisions"}],"predecessor-version":[{"id":13630,"href":"https:\/\/www.contergan-nrw.eu\/index.php?rest_route=\/wp\/v2\/posts\/13628\/revisions\/13630"}],"wp:featuredmedia":[{"embeddable":true,"href":"https:\/\/www.contergan-nrw.eu\/index.php?rest_route=\/wp\/v2\/media\/12965"}],"wp:attachment":[{"href":"https:\/\/www.contergan-nrw.eu\/index.php?rest_route=%2Fwp%2Fv2%2Fmedia&parent=13628"}],"wp:term":[{"taxonomy":"category","embeddable":true,"href":"https:\/\/www.contergan-nrw.eu\/index.php?rest_route=%2Fwp%2Fv2%2Fcategories&post=13628"},{"taxonomy":"post_tag","embeddable":true,"href":"https:\/\/www.contergan-nrw.eu\/index.php?rest_route=%2Fwp%2Fv2%2Ftags&post=13628"}],"curies":[{"name":"wp","href":"https:\/\/api.w.org\/{rel}","templated":true}]}}