{"id":13598,"date":"2025-07-16T21:55:34","date_gmt":"2025-07-16T19:55:34","guid":{"rendered":"https:\/\/www.contergan-nrw.eu\/?p=13598"},"modified":"2025-12-03T21:31:05","modified_gmt":"2025-12-03T20:31:05","slug":"einladung-zur-maennergruppe-21-7-25-online","status":"publish","type":"post","link":"https:\/\/www.contergan-nrw.eu\/?p=13598","title":{"rendered":"Einladung zur M\u00e4nnergruppe 21.7.25 online"},"content":{"rendered":"<p><strong>Die M\u00e4nnergruppe!<\/strong><\/p>\n<p>&nbsp;<\/p>\n<p>&nbsp;<\/p>\n<p>Hallo M\u00e4nner,<\/p>\n<p>&nbsp;<\/p>\n<p>Es gibt wieder eine neue Gelegenheit, sich \u00fcber die t\u00e4glichen Herausforderungen auszutauschen, die einem so begegnen. Das passiert n\u00e4mlich auch anderen, und gemeinsam ist es leichter, L\u00f6sungen daf\u00fcr zu finden.<\/p>\n<p>&nbsp;<\/p>\n<p>Eine dieser besonderen Herausforderungen ist die <strong>Mobilit\u00e4t mit Einschr\u00e4nkungen<\/strong>. Egal ob im Alltag, auf dem Weg zum Arzt oder beim Einkaufen \u2013 wir wollen dar\u00fcber reden, welche Schwierigkeiten sich dabei ergeben und wie man diese bew\u00e4ltigt. Wir schauen dabei vorrangig auf das Auto, aber nat\u00fcrlich sprechen wir auch \u00fcber andere Verkehrsmittel. Vielleicht kennt der eine oder andere von euch ja praktische Tipps, hilfreiche Apps oder Tricks, die den Alltag erleichtern. Kommt einfach dazu, teilt eure Erfahrungen und tragt dazu bei, voneinander zu lernen.<\/p>\n<p>&nbsp;<\/p>\n<p>Das n\u00e4chste Treffen findet statt am <strong>Montag, den 21.07. um 17 Uhr.<\/strong><\/p>\n<p>&nbsp;<\/p>\n<p>In den n\u00e4chsten Monaten warten dann noch weitere spannende Themen auf euch, wie die Frage, was man mit seiner Freizeit anstellt, gerade wenn man als Rentner besonders viel davon hat, oder der Austausch \u00fcber die Hilfsmittel, die man(n) so benutzt.<\/p>\n<p>&nbsp;<\/p>\n<p>&nbsp;<\/p>\n<p>Wir freuen uns auf Euch!<\/p>\n<p>Jeder contergangesch\u00e4digte Mann ist herzlich willkommen. Wir haben miteinander eine Schweigevereinbarung getroffen, so dass die privaten Informationen, die ausgetauscht werden, tats\u00e4chlich nur in diesem Kreis verbleiben.<\/p>\n<p>&nbsp;<\/p>\n<p>&nbsp;<\/p>\n<p>Gru\u00df Christoph &amp; Wolfgang<\/p>\n<p>&nbsp;<\/p>\n<p>Bitte meldet Euch unbedingt an mit Angabe Eurer Email-Adresse<\/p>\n<p>bei <strong>Barbara Wenzel-Heyberg<\/strong>, damit wir Euch den Link zusenden k\u00f6nnen!<\/p>\n","protected":false},"excerpt":{"rendered":"<p>Die M\u00e4nnergruppe! &nbsp; &nbsp; Hallo M\u00e4nner, &nbsp; Es gibt wieder eine neue Gelegenheit, sich \u00fcber die t\u00e4glichen Herausforderungen auszutauschen, die einem so begegnen. Das passiert n\u00e4mlich auch anderen, und gemeinsam ist es leichter, L\u00f6sungen daf\u00fcr zu finden. &nbsp; Eine dieser besonderen Herausforderungen ist die Mobilit\u00e4t mit Einschr\u00e4nkungen. Egal ob im Alltag, auf dem Weg zum [&hellip;]<\/p>\n","protected":false},"author":1,"featured_media":12965,"comment_status":"closed","ping_status":"open","sticky":false,"template":"","format":"standard","meta":{"footnotes":""},"categories":[389],"tags":[668],"class_list":["post-13598","post","type-post","status-publish","format-standard","has-post-thumbnail","hentry","category-veranstaltungs-archiv","tag-maennergruppe"],"publishpress_future_action":{"enabled":false,"date":"2026-09-13 13:16:00","action":"change-status","newStatus":"draft","terms":[],"taxonomy":"category","extraData":[]},"publishpress_future_workflow_manual_trigger":{"enabledWorkflows":[]},"_links":{"self":[{"href":"https:\/\/www.contergan-nrw.eu\/index.php?rest_route=\/wp\/v2\/posts\/13598","targetHints":{"allow":["GET"]}}],"collection":[{"href":"https:\/\/www.contergan-nrw.eu\/index.php?rest_route=\/wp\/v2\/posts"}],"about":[{"href":"https:\/\/www.contergan-nrw.eu\/index.php?rest_route=\/wp\/v2\/types\/post"}],"author":[{"embeddable":true,"href":"https:\/\/www.contergan-nrw.eu\/index.php?rest_route=\/wp\/v2\/users\/1"}],"replies":[{"embeddable":true,"href":"https:\/\/www.contergan-nrw.eu\/index.php?rest_route=%2Fwp%2Fv2%2Fcomments&post=13598"}],"version-history":[{"count":1,"href":"https:\/\/www.contergan-nrw.eu\/index.php?rest_route=\/wp\/v2\/posts\/13598\/revisions"}],"predecessor-version":[{"id":13599,"href":"https:\/\/www.contergan-nrw.eu\/index.php?rest_route=\/wp\/v2\/posts\/13598\/revisions\/13599"}],"wp:featuredmedia":[{"embeddable":true,"href":"https:\/\/www.contergan-nrw.eu\/index.php?rest_route=\/wp\/v2\/media\/12965"}],"wp:attachment":[{"href":"https:\/\/www.contergan-nrw.eu\/index.php?rest_route=%2Fwp%2Fv2%2Fmedia&parent=13598"}],"wp:term":[{"taxonomy":"category","embeddable":true,"href":"https:\/\/www.contergan-nrw.eu\/index.php?rest_route=%2Fwp%2Fv2%2Fcategories&post=13598"},{"taxonomy":"post_tag","embeddable":true,"href":"https:\/\/www.contergan-nrw.eu\/index.php?rest_route=%2Fwp%2Fv2%2Ftags&post=13598"}],"curies":[{"name":"wp","href":"https:\/\/api.w.org\/{rel}","templated":true}]}}