{"id":13415,"date":"2025-05-13T21:04:23","date_gmt":"2025-05-13T19:04:23","guid":{"rendered":"https:\/\/www.contergan-nrw.eu\/?p=13415"},"modified":"2025-12-03T20:43:10","modified_gmt":"2025-12-03T19:43:10","slug":"einladung-fuer-17-05-2025-noch-plaetze-frei","status":"publish","type":"post","link":"https:\/\/www.contergan-nrw.eu\/?p=13415","title":{"rendered":"Einladung f\u00fcr 17.05.2025 \u2013 noch Pl\u00e4tze frei"},"content":{"rendered":"<p><strong>\u201eErste Reihe Mitte, vier Pl\u00e4tze, drei Erwachsene \u00a0\u00fcund ein Riesenschnautzer\u201c<\/strong><\/p>\n<ol>\n<li><img loading=\"lazy\" decoding=\"async\" class=\"size-medium wp-image-13416 alignleft\" src=\"http:\/\/2026.contergan-nrw.eu\/wp-content\/uploads\/2025\/05\/Loriot-300x88.png\" alt=\"\" width=\"300\" height=\"88\" srcset=\"https:\/\/www.contergan-nrw.eu\/wp-content\/uploads\/2025\/05\/Loriot-300x88.png 300w, https:\/\/www.contergan-nrw.eu\/wp-content\/uploads\/2025\/05\/Loriot-768x225.png 768w, https:\/\/www.contergan-nrw.eu\/wp-content\/uploads\/2025\/05\/Loriot-1030x301.png 1030w, https:\/\/www.contergan-nrw.eu\/wp-content\/uploads\/2025\/05\/Loriot-705x206.png 705w, https:\/\/www.contergan-nrw.eu\/wp-content\/uploads\/2025\/05\/Loriot-450x132.png 450w, https:\/\/www.contergan-nrw.eu\/wp-content\/uploads\/2025\/05\/Loriot.png 1146w\" sizes=\"auto, (max-width: 300px) 100vw, 300px\" \/><\/li>\n<\/ol>\n<p>&nbsp;<\/p>\n<p>&nbsp;<\/p>\n<p>Vicco von B\u00fclow, alias Loriot, z\u00e4hlt zu den bedeutendsten Humoristen Deutschlands.<\/p>\n<p>Seine ber\u00fchmten Knollennasenm\u00e4nnchen und gefl\u00fcgelte Worte wie \u201eAch was\u201c oder<\/p>\n<p>\u201eFr\u00fcher war mehr Lametta\u201c sind bereits Teil des kulturellen Ged\u00e4chtnisses.<\/p>\n<p>&nbsp;<\/p>\n<p>Die Ausstellung r\u00fcckt Loriot insbesondere als K\u00fcnstler in den Fokus und pr\u00e4sentiert originale<\/p>\n<p>Zeichnungen aus seiner Kindheit und Jugend bis zu seinem Sp\u00e4twerk.<\/p>\n<p>Aber auch das Schaffen als Schriftsteller, Schauspieler und Regisseur wird in der Schau beleuchtet.<\/p>\n<p><strong>\u00a0<\/strong><\/p>\n<p><strong>Von 15:00 \u2013 17:00 findet eine Lesung des Autors Denis Metz statt.<br \/>\nEr ist Cartoonzeichner und Herausgeber des Buches: \u201eEr lebe hoch! Loriot zum 100. Geburtstag\u201c<\/strong><\/p>\n<table>\n<tbody>\n<tr>\n<td width=\"0\"><\/td>\n<td width=\"4\"><\/td>\n<td width=\"747\"><\/td>\n<td width=\"84\"><\/td>\n<\/tr>\n<tr>\n<td><\/td>\n<td colspan=\"2\"><\/td>\n<\/tr>\n<tr>\n<td><\/td>\n<\/tr>\n<tr>\n<td><\/td>\n<td><\/td>\n<td colspan=\"2\"><\/td>\n<\/tr>\n<\/tbody>\n<\/table>\n","protected":false},"excerpt":{"rendered":"<p>\u201eErste Reihe Mitte, vier Pl\u00e4tze, drei Erwachsene \u00a0\u00fcund ein Riesenschnautzer\u201c &nbsp; &nbsp; Vicco von B\u00fclow, alias Loriot, z\u00e4hlt zu den bedeutendsten Humoristen Deutschlands. Seine ber\u00fchmten Knollennasenm\u00e4nnchen und gefl\u00fcgelte Worte wie \u201eAch was\u201c oder \u201eFr\u00fcher war mehr Lametta\u201c sind bereits Teil des kulturellen Ged\u00e4chtnisses. &nbsp; Die Ausstellung r\u00fcckt Loriot insbesondere als K\u00fcnstler in den Fokus und [&hellip;]<\/p>\n","protected":false},"author":1,"featured_media":12965,"comment_status":"closed","ping_status":"open","sticky":false,"template":"","format":"standard","meta":{"footnotes":""},"categories":[389],"tags":[1961],"class_list":["post-13415","post","type-post","status-publish","format-standard","has-post-thumbnail","hentry","category-veranstaltungs-archiv","tag-loriot"],"publishpress_future_action":{"enabled":false,"date":"2026-09-13 14:29:28","action":"change-status","newStatus":"draft","terms":[],"taxonomy":"category","extraData":[]},"publishpress_future_workflow_manual_trigger":{"enabledWorkflows":[]},"_links":{"self":[{"href":"https:\/\/www.contergan-nrw.eu\/index.php?rest_route=\/wp\/v2\/posts\/13415","targetHints":{"allow":["GET"]}}],"collection":[{"href":"https:\/\/www.contergan-nrw.eu\/index.php?rest_route=\/wp\/v2\/posts"}],"about":[{"href":"https:\/\/www.contergan-nrw.eu\/index.php?rest_route=\/wp\/v2\/types\/post"}],"author":[{"embeddable":true,"href":"https:\/\/www.contergan-nrw.eu\/index.php?rest_route=\/wp\/v2\/users\/1"}],"replies":[{"embeddable":true,"href":"https:\/\/www.contergan-nrw.eu\/index.php?rest_route=%2Fwp%2Fv2%2Fcomments&post=13415"}],"version-history":[{"count":2,"href":"https:\/\/www.contergan-nrw.eu\/index.php?rest_route=\/wp\/v2\/posts\/13415\/revisions"}],"predecessor-version":[{"id":13422,"href":"https:\/\/www.contergan-nrw.eu\/index.php?rest_route=\/wp\/v2\/posts\/13415\/revisions\/13422"}],"wp:featuredmedia":[{"embeddable":true,"href":"https:\/\/www.contergan-nrw.eu\/index.php?rest_route=\/wp\/v2\/media\/12965"}],"wp:attachment":[{"href":"https:\/\/www.contergan-nrw.eu\/index.php?rest_route=%2Fwp%2Fv2%2Fmedia&parent=13415"}],"wp:term":[{"taxonomy":"category","embeddable":true,"href":"https:\/\/www.contergan-nrw.eu\/index.php?rest_route=%2Fwp%2Fv2%2Fcategories&post=13415"},{"taxonomy":"post_tag","embeddable":true,"href":"https:\/\/www.contergan-nrw.eu\/index.php?rest_route=%2Fwp%2Fv2%2Ftags&post=13415"}],"curies":[{"name":"wp","href":"https:\/\/api.w.org\/{rel}","templated":true}]}}