{"id":13404,"date":"2025-05-11T15:45:03","date_gmt":"2025-05-11T13:45:03","guid":{"rendered":"https:\/\/www.contergan-nrw.eu\/?p=13404"},"modified":"2025-12-03T20:43:37","modified_gmt":"2025-12-03T19:43:37","slug":"relativer-ruhestand-prof-peters-leitet-weiterhin-das-mzeb-fuer-contergangeschaedigte-menschen-in-nuembrecht","status":"publish","type":"post","link":"https:\/\/www.contergan-nrw.eu\/?p=13404","title":{"rendered":"Relativer \u201eRuhestand\u201c &#8211; Prof.Peters leitet weiterhin das MZEB f\u00fcr Contergangesch\u00e4digte Menschen in N\u00fcmbrecht"},"content":{"rendered":"<div dir=\"ltr\">\n<div dir=\"ltr\">\n<div dir=\"ltr\">\n<div dir=\"ltr\">\n<p style=\"text-align: left;\">Hallo zusammen,<\/p>\n<\/div>\n<\/div>\n<\/div>\n<\/div>\n<div dir=\"ltr\" style=\"text-align: left;\">\n<div dir=\"ltr\">\n<div dir=\"ltr\">\n<div dir=\"ltr\">\n<div dir=\"ltr\">\n<div><span style=\"font-family: Verdana;\">der ein oder andere von Euch hat es vielleicht schon geh\u00f6rt:\u00a0<\/span><\/div>\n<div><span style=\"font-family: Verdana;\">Prof. Klaus M. Peters geht in seiner Funktion als Chefarzt<\/span><\/div>\n<div>in der Dr. Becker Rhein-Sieg-Klinik\u00a0<span style=\"font-family: Verdana;\">in N\u00fcmbrecht in den Ruhestand.<\/span><\/div>\n<div><span style=\"font-family: Verdana;\">Da sei ihm vom Herzen geg\u00f6nnt nach 30 Jahren unerm\u00fcdlichen Engagements und sehr erfolgreicher Arbeit!\u00a0<\/span><\/div>\n<div><span style=\"font-family: Verdana;\">Was uns besonders freut, ist, dass er dennoch Leiter des MZEBs,\u00a0<\/span>des Schwerpunktzentrums f\u00fcr Contergangesch\u00e4digte Menschen\u00a0in N\u00fcmbrecht bleibt!<\/div>\n<div><\/div>\n<div><span style=\"font-family: Verdana;\">\u201eNach \u00fcber 30\u00a0Jahren T\u00e4tigkeit als Chefarzt der Orthop\u00e4die und Osteologie der Dr. Becker Rhein-Sieg-Klinik in N\u00fcmbrecht wird Prof. Peters\u00a0<span dir=\"ltr\">am 5.7.2025<\/span>\u00a0in seinen Ruhestand verabschiedet. Sein Nachfolger als Chefarzt der Orthop\u00e4die und Osteologie ist Herr Dr. Philip Weber. \u00a0Es ist f\u00fcr Prof. Peters aber nur ein \u201erelativer Ruhestand\u201c, da er seine Funktion als Leiter des MZEB, des Schwerpunktzentrums f\u00fcr Contergangesch\u00e4digte in der Dr. Becker Rhein-Sieg-Klinik fortf\u00fchren wird. Ebenso werden seine ambulanten Sprechstunden wie bisher weiterlaufen. FiatCon, das Ern\u00e4hrungs- und Bewegungsprogramm f\u00fcr Contergan Gesch\u00e4digte steht unmittelbar vor der Einf\u00fchrung. Mit einer L\u00e4ngsschnittstudie zum Altern mit Contergansch\u00e4digung und einem Notfall Case-Management befinden sich zudem zwei weitere Projekte in Vorbereitung.\u201c<\/span><\/div>\n<div><span style=\"font-family: Verdana;\">Also langweilig oder ruhig um ihn herum wird es nicht.<\/span><\/div>\n<div><span style=\"font-family: Verdana;\">Terminvergaben f\u00fcr einen Besuch des Schwerpunktzentrums erfolgen wie bisher \u00fcber die Zentrumskoordinatorinnen.<\/span><\/div>\n<\/div>\n<div>\n<div dir=\"ltr\">\n<div dir=\"ltr\">\n<div dir=\"ltr\">\n<div dir=\"ltr\">\n<div dir=\"ltr\">\n<div><span style=\"font-family: Verdana;\">Sonnige Gr\u00fc\u00dfe\u00a0<\/span><\/div>\n<div><span style=\"font-family: Verdana;\">Udo Herterich\u00a0<\/span><\/div>\n<\/div>\n<\/div>\n<div dir=\"ltr\"><\/div>\n<div dir=\"ltr\">\n<div dir=\"ltr\">\n<p>Interessenverband Contergangesch\u00e4digter NRW e.V.<\/p>\n<p>Udo Herterich<\/p>\n<p>Vorsitzender<\/p>\n<p>Maternusstr. 9<\/p>\n<p>50996 K\u00f6ln<\/p>\n<p>Tel.: 015234342504<\/p>\n<\/div>\n<\/div>\n<\/div>\n<\/div>\n<\/div>\n<\/div>\n<\/div>\n<\/div>\n<\/div>\n<\/div>\n<div dir=\"ltr\">\n<div dir=\"ltr\">\n<div dir=\"ltr\">\n<div dir=\"ltr\">\n<div>\n<div dir=\"ltr\">\n<div dir=\"ltr\">\n<div dir=\"ltr\">\n<div dir=\"ltr\">\n<div dir=\"ltr\">\n<p style=\"text-align: left;\"><a href=\"http:\/\/2026.contergan-nrw.eu\/\" target=\"_blank\" rel=\"noopener\" data-saferedirecturl=\"https:\/\/www.google.com\/url?q=http:\/\/2026.contergan-nrw.eu&amp;source=gmail&amp;ust=1747057158357000&amp;usg=AOvVaw3rCrTzPLCZY9QRdYQO6vLu\">www.contergan-nrw.eu<\/a><\/p>\n<\/div>\n<\/div>\n<\/div>\n<\/div>\n<\/div>\n<\/div>\n<\/div>\n<\/div>\n<\/div>\n<\/div>\n","protected":false},"excerpt":{"rendered":"<p>Hallo zusammen, der ein oder andere von Euch hat es vielleicht schon geh\u00f6rt:\u00a0 Prof. Klaus M. Peters geht in seiner Funktion als Chefarzt in der Dr. Becker Rhein-Sieg-Klinik\u00a0in N\u00fcmbrecht in den Ruhestand. Da sei ihm vom Herzen geg\u00f6nnt nach 30 Jahren unerm\u00fcdlichen Engagements und sehr erfolgreicher Arbeit!\u00a0 Was uns besonders freut, ist, dass er dennoch [&hellip;]<\/p>\n","protected":false},"author":1,"featured_media":12965,"comment_status":"closed","ping_status":"open","sticky":false,"template":"","format":"standard","meta":{"footnotes":""},"categories":[76],"tags":[498,700],"class_list":["post-13404","post","type-post","status-publish","format-standard","has-post-thumbnail","hentry","category-news-archiv","tag-ambulantes-zentrum","tag-prof-peters"],"publishpress_future_action":{"enabled":false,"date":"2026-09-13 15:03:17","action":"change-status","newStatus":"draft","terms":[],"taxonomy":"category","extraData":[]},"publishpress_future_workflow_manual_trigger":{"enabledWorkflows":[]},"_links":{"self":[{"href":"https:\/\/www.contergan-nrw.eu\/index.php?rest_route=\/wp\/v2\/posts\/13404","targetHints":{"allow":["GET"]}}],"collection":[{"href":"https:\/\/www.contergan-nrw.eu\/index.php?rest_route=\/wp\/v2\/posts"}],"about":[{"href":"https:\/\/www.contergan-nrw.eu\/index.php?rest_route=\/wp\/v2\/types\/post"}],"author":[{"embeddable":true,"href":"https:\/\/www.contergan-nrw.eu\/index.php?rest_route=\/wp\/v2\/users\/1"}],"replies":[{"embeddable":true,"href":"https:\/\/www.contergan-nrw.eu\/index.php?rest_route=%2Fwp%2Fv2%2Fcomments&post=13404"}],"version-history":[{"count":4,"href":"https:\/\/www.contergan-nrw.eu\/index.php?rest_route=\/wp\/v2\/posts\/13404\/revisions"}],"predecessor-version":[{"id":13409,"href":"https:\/\/www.contergan-nrw.eu\/index.php?rest_route=\/wp\/v2\/posts\/13404\/revisions\/13409"}],"wp:featuredmedia":[{"embeddable":true,"href":"https:\/\/www.contergan-nrw.eu\/index.php?rest_route=\/wp\/v2\/media\/12965"}],"wp:attachment":[{"href":"https:\/\/www.contergan-nrw.eu\/index.php?rest_route=%2Fwp%2Fv2%2Fmedia&parent=13404"}],"wp:term":[{"taxonomy":"category","embeddable":true,"href":"https:\/\/www.contergan-nrw.eu\/index.php?rest_route=%2Fwp%2Fv2%2Fcategories&post=13404"},{"taxonomy":"post_tag","embeddable":true,"href":"https:\/\/www.contergan-nrw.eu\/index.php?rest_route=%2Fwp%2Fv2%2Ftags&post=13404"}],"curies":[{"name":"wp","href":"https:\/\/api.w.org\/{rel}","templated":true}]}}