{"id":13259,"date":"2024-09-16T18:28:16","date_gmt":"2024-09-16T16:28:16","guid":{"rendered":"https:\/\/www.contergan-nrw.eu\/?p=13259"},"modified":"2025-12-03T21:07:06","modified_gmt":"2025-12-03T20:07:06","slug":"rehacare-aktuell","status":"publish","type":"post","link":"https:\/\/www.contergan-nrw.eu\/?p=13259","title":{"rendered":"Rehacare aktuell"},"content":{"rendered":"<p>Hallo zusammen,<\/p>\n<p>es gibt weitere Programmpunkte und Erg\u00e4nzungen f\u00fcr die rehacare vom 25.-28.09.24 !<br \/>\nDeshalb bekommt Ihr heute wieder eine Info per Email. Falls Ihr den nicht lesen k\u00f6nnt, schaut bitte auf unserer Homepage www.contergan-nrw.eu nach.<\/p>\n<p>Unserer Stand ist diesmal in der Halle 1 G52 und selbstverst\u00e4ndlich haben wir an jedem Tag Geb\u00e4rdensprachdolmetscher vor Ort.<\/p>\n<p>Wenn Ihr noch Eintrittskarten-Codes braucht, dann wendet Euch an<br \/>\nFrau Barbara Wenzel-Heyberg<br \/>\nTelefon 02268 \u2013 909 42 88<br \/>\nTelefax 02268 \u2013 909 42 87<br \/>\neMail bwh@contergan-nrw-peer-to-peer.eu<\/p>\n<p>Auch in diesem Jahr hat die Messe D\u00fcsseldorf nur Codes. Es gibt keine Tickets aus Papier mehr.<br \/>\nDie Codes m\u00fcsst Ihr unbedingt vorher online auf der Internetseite der Rehacare einl\u00f6sen.<br \/>\nDas ist leider nicht ganz einfach, da das System manchmal Probleme macht. Bleibt aber unbedingt am Ball oder fragt nach Unterst\u00fctzung bei unseren Mitarbeiter:innen.<\/p>\n<p>Wir freuen uns wieder auf viele nette Begegnungen und Gespr\u00e4che. Wir wollen zusammen lachen, miteinander quatschen, uns austauschen, aber auch viele Infos weitergeben, Eure Fragen beantworten und Euch unterst\u00fctzen bei Euren Anliegen.<br \/>\nFotos werden in diesem Jahr von Michael und Ali vor Ort gemacht.<\/p>\n<p>Coachgefl\u00fcster- was ist das denn?<br \/>\nDiesmal werden wir eine gelbe Couch vor Ort haben, wo Michael uns gerne fotografiert. Das k\u00f6nnen lustige Fotos sein, oder das ganz besondere Bild f\u00fcr einen jeden, gemeinschaftliche Bilder oder man m\u00f6chte sich alleine mal fotografieren lassen von einem Profi\u2026 Ihr seid herzlich eingeladen, jeden Tag die Gelegenheit zu nutzen. Wir haben eine Kernzeut t\u00e4glich daf\u00fcr vorgesehen, damit ihr sicher seid, dass beide auch am Stand ist und verf\u00fcgbar.<\/p>\n<p>Unsere Mitarbeiter werden wieder feste Zeiten an bestimmten Tagen am Stand haben, so dass ihr sie dann auf jeden Fall treffen k\u00f6nnt.<\/p>\n<p>Gerne k\u00f6nnt ihr nat\u00fcrlich auch Termine im Vorfeld mit ihnen vor Ort machen.<\/p>\n<p>Auch werden wir wieder mit Nina S\u00f6rensen eine besondere Hilfsmittelecke haben, wo sich jeder unsere Hilfsmittel anschauen kann und mit Nina S\u00f6rensen \u00fcber das ein oder andere Anliegen nat\u00fcrlich auch direkt sprechen kann.<\/p>\n<p>Thomas Stein z.B. freut sich darauf Euch zum Thema \u201eUmbauten und Anpassungen im gesamten Wohnumfeld\u201c zu beraten und zu unterst\u00fctzen (z.B. K\u00fcche, Bad, Auto, Lifte, Smart-Home, T\u00fcren, Fenster, Schwellen usw.).<br \/>\nHierzu kann ich Euch anbieten, direkt vor Ort mit verschiedenen Fachfirmen zu sprechen, die bereits h\u00e4ufiger f\u00fcr unsere Klienten t\u00e4tig waren.<br \/>\nz.B.<br \/>\nK\u00fcchenbauer: Fa.ViWa K\u00fcchen, mit einem K\u00fcchenstudio in M\u00fcnster. Der Gesch\u00e4ftsf\u00fchrer Herr Walker bietet individuell angepasste Einbauk\u00fcchen, von der Planung bis zur Ausf\u00fchrung. https:\/\/viwa-kuechen.de\/<br \/>\nLifte u. Aufz\u00fcge: Fa. Ango-Lifte mit einer Ausstellung in Sundern ist NRW-weit t\u00e4tig und mit Partnerfirmen, im Verbund, deutschlandweit vertreten. https:\/\/www.ango-lifte.de\/<br \/>\nPKW-Anpassung<br \/>\nGerne organisiere und begleite ich Euch zu einer Beratung der anwesenden PKW- Umbauer, speziell auch zum Thema Fu\u00dflenkung.<br \/>\nFa. Sodermanns: Elektronisches Lenksystem mit Fu\u00dfpedal<br \/>\nhttps:\/\/www.reha-mobilitaetszentrum-nrw.de\/<\/p>\n<p>Programm:<\/p>\n<p>25.09.24 Mittwoch<br \/>\nGeb\u00e4rdensprachdolmetscher vor Ort<br \/>\nBeratungsangebote:<br \/>\nGanzt\u00e4gig: Nina S\u00f6rensen Thema Hilfsmittel, 3 D Druck, Dusch-WC<br \/>\n11 &#8211; 13 Uhr: Christoph Soppa und Sabine G\u00f6bber, Thema pers\u00f6nliches Budget, Assistenz und andere Antr\u00e4ge<br \/>\n13 -15 Uhr: Thomas Stein, Thema alles rund um das individuelle Wohnumfeld und Kfz Anpassung<br \/>\n14 &#8211; 15 Uhr: Nicole Soppa und Joshua Zurheiden, Thema: Pflegeleistungen, Pflegeversicherung<\/p>\n<p>10 &#8211; 16 Uhr: Gr\u00fcnenthal-Stiftung, Frau Susanne Schmitt-Degenhardt, Herr P. Thevis<\/p>\n<p>ab 11 Uhr ganzt\u00e4gig bei uns am Stand<br \/>\nSchreinermeister, Wilfried R\u00f6hrig aus K\u00f6ln steht uns wieder am Stand zur Verf\u00fcgung. Er hat schon viele Erfahrungen mit uns gesammelt; mit dem Um-, An- und Einbau von M\u00f6beln, die ganz besonders, individuell f\u00fcr uns von ihm angefertigt worden sind.<\/p>\n<p>13 Uhr Kurzvortrag von Professor Dr. Peters, Kompetenzzentrum N\u00fcmbrecht , er stellt das N\u00fcmbrechter Zentrum vor, mit dem bestehenden Projekt der nicht-medikament\u00f6sen Schmerztherapie und auch das neue Projekt FIATCon, die Kombination eines Ern\u00e4hrungs &#8211; und Bewegungsprogramms f\u00fcr Contergangesch\u00e4digte.<br \/>\nDas Biobeatsystem (Gesundheitsmonitoring Ger\u00e4t) bringt er mit und stellt es kurz vor.<br \/>\n13 bis 16 Uhr: Cerstin Mortsiefer und Andrea Engel und Anja Hartenfels: Thema Kompetenzzentrum, N\u00fcmbrecht,<\/p>\n<p>15 &#8211; 17 Uhr: \u201eCouchgefl\u00fcster\u201c mit unseren Fotografen Michael und Ali<\/p>\n<p>26.09.24, Donnerstag<br \/>\nGeb\u00e4rdensprachdolmetscher vor Ort<br \/>\nBeratungsangebote:<br \/>\nGanzt\u00e4gig: Nina S\u00f6rensen Thema Hilfsmittel, 3 D Druck, Dusch-WC<br \/>\n11 &#8211; 13 Uhr: Thomas Stein, Thema: alles rund um das individuelle Wohnumfeld und Kfz Anpassung<br \/>\n11 -13 Uhr: Anja Hartenfels und Andrea Engel, Thema Kompetenzzentrum, N\u00fcmbrecht,<br \/>\n15 &#8211; 17 Uhr: Cerstin Mortsiefer und Anja Hartenfels, Kompetenzzentrum, N\u00fcmbrecht,<br \/>\n13 &#8211; 15 Uhr: Nicole Soppa und Joshua Zurheiden, Thema: Pflegeleistungen, Pflegeversicherung<br \/>\n15 &#8211; 17 Uhr: Christoph Soppa und Sabine G\u00f6bber, Thema pers\u00f6nliches Budget, Assistenz und andere Antr\u00e4ge<\/p>\n<p>10 &#8211; 13 Uhr: Conterganstiftung; \u201eder Beratungsbereich der Conterganstiftung freut sich, Sie \u00fcber unser Beratungsangebot informieren zu k\u00f6nnen. Aus dem Beratungsbereich werden Frau Haves und Frau Phull Ihnen f\u00fcr die Beantwortung Ihrer Fragen zur Verf\u00fcgung stehen\u201c<\/p>\n<p>ab 11 Uhr: Ganzt\u00e4gig bei uns am Stand<br \/>\nSchreinerei Bonnen, Thomas Bonnen, M\u00f6bel nach Ma\u00df<br \/>\n\u201eZusammen mit uns wird Ihre Einrichtung geplant, individuell angepasst und realisiert. Wir beziehen Sie in den gesamten Prozess mit ein.<br \/>\nBei uns sind Ausstellung, Beratung und Herstellung unter einem Dach. Sonderw\u00fcnsche sind f\u00fcr uns kein Problem.<br \/>\nhttps:\/\/www.bonnen-einrichtungen.de\/\u201c<\/p>\n<p>12 &#8211; 14 Uhr: \u201eCouchgefl\u00fcster\u201c mit unseren Fotografen Michael und Ali<\/p>\n<p>13 &#8211; 14 Uhr \u201edie Feuerwehr kommt\u201c<br \/>\n\u201e Erste Hilfe kann JEDE\/R! Das Team vom AMS-SanDienst zeigt Euch, dass es im Notfall oft mehrere Hilfem\u00f6glichkeiten gibt &#8211; auch f\u00fcr uns!\u201c<\/p>\n<p>14:30 Uhr kurzer Vortrag vom Kompetenzzentrum Aachen von Frau Dr. Maier und Frau S. Westerhoff \u00fcber deren Angebote.<br \/>\nAnschlie\u00dfend besteht die M\u00f6glichkeit, sich mit dem Kompetenzteam Aachen auszutauschen.<\/p>\n<p>15 &#8211; 16 Uhr: Preis\u00fcbergabe EM 24 Tippspiel und Vorstellung des Bundesliga-Tippspiels &#8211; vom Fu\u00dfball-Talk. Die ersten 10 Mitspieler erhalten einen Preis!<br \/>\nMit Christoph Soppa und Joschua Zurheiden (der Fu\u00dfball-Talk ist immer montags per Zoom)<\/p>\n<p>16 &#8211; 18 Uhr: Treffen der M\u00e4nner, offene Veranstaltung zum Austausch mit Wolfgang Schmidt<\/p>\n<p>27.09.24, Freitag<br \/>\nGeb\u00e4rdensprachdolmetscher vor Ort<br \/>\nBeratungsangebote:<br \/>\nGanzt\u00e4gig: Nina S\u00f6rensen Thema Hilfsmittel, 3 D Druck, Dusch-WC<br \/>\n11 &#8211; 13 Uhr: Christoph Soppa und Sabine G\u00f6bber, Thema pers\u00f6nliches Budget, Assistenz und andere Antr\u00e4ge<br \/>\n11 -13 Uhr: Anja Hartenfels und Andrea Engel, Thema Kompetenzzentrum, N\u00fcmbrecht,<br \/>\n15 &#8211; 17 Uhr: Cerstin Mortsiefer und Andrea Engel, Kompetenzzentrum, N\u00fcmbrecht,<br \/>\n13 &#8211; 15 Uhr: Thomas Stein, Thema alles rund um das individuelle Wohnumfeld und Kfz Anpassung<br \/>\n15 &#8211; 17 Uhr: Nicole Soppa und Joshua Zurheiden, Thema: Pflegeleistungen, Pflegeversicherung<\/p>\n<p>11 &#8211; 13 Uhr: \u201eCouchgefl\u00fcster\u201c mit unseren Fotografen Michael und Ali<\/p>\n<p>13 &#8211; 15 Uhr Andrea Heidb\u00fcchel, zertifizierte Hundetrainerin und Sachverst\u00e4ndige, wird uns das Thema\u201efitte Pfoten, Spiel, Spa\u00df und Auslastung f\u00fcr Kopf und K\u00f6rper\u201c im Gep\u00e4ck mitbringen. Gerne steht Andrea f\u00fcrs Fragen vor Ort f\u00fcr euch zur Verf\u00fcgung.<\/p>\n<p>10 &#8211; 16 Uhr: Gr\u00fcnenthal-Stiftung, Frau Susanne Schmitt-Degenhardt, Frau F. Kehren<\/p>\n<p>13 &#8211; 16 Uhr: Treffen mit Barbara Wenzel-Heyberg zum Kaffeeklatsch<\/p>\n<p>28.09.24, Samstag<br \/>\nGeb\u00e4rdensprachdolmetscher vor Ort<br \/>\nBeratungsangebote:<br \/>\nGanzt\u00e4gig: Nina S\u00f6rensen Thema Hilfsmittel, 3 D Druck, Dusch-WC<br \/>\nalle Berater sind vor Ort, aber es gibt keine feste Beratungszeiten<\/p>\n<p>11 &#8211; 13 Uhr Frauentreff (mit Claudia und Heidi) mit Fr\u00fchst\u00fcckshappen am Stand- hier k\u00f6nnen alle Frauen, die Lust haben, zusammenkommen. Moderiert wird das Treffen von B\u00e4rbel Drohmann; (bitte sagt Barbara Wenzel-Heyberg vorher Bescheid, damit wir auch f\u00fcr jeden etwas zum \u201eReinbei\u00dfen\u201c haben.)<\/p>\n<p>12 &#8211; 14 Uhr: Kernzeit f\u00fcr das Treffen der Peer-Supporter am Stand mit Christoph Soppa &#8211; bitte meldet Euch vorher bei Barbara Wenzel-Heyberg, schon wegen der Namensschilder, an.<br \/>\num 12 Uhr f\u00fchrt Euch gemeinsam Thomas Stein zu mehreren ausgesuchten Ausstellern, wo Ihr viele Informationen f\u00fcr die Peer Unterst\u00fctzung vermittelt bekommt!<br \/>\nChristoph Soppa plant, ein Gemeinschafts-Foto zu machen, Ihr werdet eine kleines Dankesch\u00f6n \u00fcberreicht bekommen und wer Lust hat, \u201esich f\u00fcr ein kurzes Interview bereit zu erkl\u00e4ren, in dem er oder sie schildert, warum man Peer-Supporter\/in geworden ist und was reizvoll an der Aufgabe ist?\u201c, kann das gerne auf unserem gelben Sofa tun!<\/p>\n<p>14 &#8211; 16 Uhr: \u201eCouchgefl\u00fcster\u201c mit unseren Fotografen Michael und Ali<\/p>\n<p>Um 17 Uhr ist die rehacare am Samstag zu Ende!<\/p>\n<p>Wir z\u00e4hlen auf Euch, und hoffen, dass Ihr wieder Eure Hilfsmittel mitbringt, damit wir Euch im Umgang damit kurz filmen oder fotografieren k\u00f6nnen (gerne auch anonym). Mit Eurer Erlaubnis (schriftlich) werden wir den kurzen Film oder die Fotos mit Beschreibung auf unsere Homepage ver\u00f6ffentlichen. Das hilft anderen wiederum, sich vorstellen zu k\u00f6nnen, ob sie das auch nutzen k\u00f6nnen und es hilfreich sein k\u00f6nnte, um dadurch den Alltag oder die Arbeit dadurch etwas zu erleichtern.<\/p>\n<p>Wir freuen uns auf ein zahlreiches Wiedersehen in D\u00fcsseldorf,<\/p>\n<p>Udo Herterich<\/p>\n<p>Interessenverband Contergangesch\u00e4digter<br \/>\nNordrhein-Westfalen e.V.<br \/>\nHilfswerk f\u00fcr vorgeburtlich Gesch\u00e4digte<br \/>\nUdo Herterich<br \/>\nVorsitzender<br \/>\nMaternusstr.9<br \/>\n50996 K\u00f6ln<br \/>\nTel. 015234342504<br \/>\nherterich@contergan-nrw.eu<br \/>\nwww.contergan-nrw.eu<\/p>\n","protected":false},"excerpt":{"rendered":"<p>Hallo zusammen, es gibt weitere Programmpunkte und Erg\u00e4nzungen f\u00fcr die rehacare vom 25.-28.09.24 ! Deshalb bekommt Ihr heute wieder eine Info per Email. Falls Ihr den nicht lesen k\u00f6nnt, schaut bitte auf unserer Homepage www.contergan-nrw.eu nach. Unserer Stand ist diesmal in der Halle 1 G52 und selbstverst\u00e4ndlich haben wir an jedem Tag Geb\u00e4rdensprachdolmetscher vor Ort. [&hellip;]<\/p>\n","protected":false},"author":1,"featured_media":12965,"comment_status":"closed","ping_status":"open","sticky":false,"template":"","format":"standard","meta":{"footnotes":""},"categories":[76],"tags":[1766],"class_list":["post-13259","post","type-post","status-publish","format-standard","has-post-thumbnail","hentry","category-news-archiv","tag-reha-care"],"publishpress_future_action":{"enabled":false,"date":"2026-09-13 15:36:46","action":"change-status","newStatus":"draft","terms":[],"taxonomy":"category","extraData":[]},"publishpress_future_workflow_manual_trigger":{"enabledWorkflows":[]},"_links":{"self":[{"href":"https:\/\/www.contergan-nrw.eu\/index.php?rest_route=\/wp\/v2\/posts\/13259","targetHints":{"allow":["GET"]}}],"collection":[{"href":"https:\/\/www.contergan-nrw.eu\/index.php?rest_route=\/wp\/v2\/posts"}],"about":[{"href":"https:\/\/www.contergan-nrw.eu\/index.php?rest_route=\/wp\/v2\/types\/post"}],"author":[{"embeddable":true,"href":"https:\/\/www.contergan-nrw.eu\/index.php?rest_route=\/wp\/v2\/users\/1"}],"replies":[{"embeddable":true,"href":"https:\/\/www.contergan-nrw.eu\/index.php?rest_route=%2Fwp%2Fv2%2Fcomments&post=13259"}],"version-history":[{"count":2,"href":"https:\/\/www.contergan-nrw.eu\/index.php?rest_route=\/wp\/v2\/posts\/13259\/revisions"}],"predecessor-version":[{"id":13891,"href":"https:\/\/www.contergan-nrw.eu\/index.php?rest_route=\/wp\/v2\/posts\/13259\/revisions\/13891"}],"wp:featuredmedia":[{"embeddable":true,"href":"https:\/\/www.contergan-nrw.eu\/index.php?rest_route=\/wp\/v2\/media\/12965"}],"wp:attachment":[{"href":"https:\/\/www.contergan-nrw.eu\/index.php?rest_route=%2Fwp%2Fv2%2Fmedia&parent=13259"}],"wp:term":[{"taxonomy":"category","embeddable":true,"href":"https:\/\/www.contergan-nrw.eu\/index.php?rest_route=%2Fwp%2Fv2%2Fcategories&post=13259"},{"taxonomy":"post_tag","embeddable":true,"href":"https:\/\/www.contergan-nrw.eu\/index.php?rest_route=%2Fwp%2Fv2%2Ftags&post=13259"}],"curies":[{"name":"wp","href":"https:\/\/api.w.org\/{rel}","templated":true}]}}