{"id":13256,"date":"2024-09-16T16:58:26","date_gmt":"2024-09-16T14:58:26","guid":{"rendered":"https:\/\/www.contergan-nrw.eu\/?p=13256"},"modified":"2025-12-03T21:07:28","modified_gmt":"2025-12-03T20:07:28","slug":"frauentreff-am-28-09-24-11-uhr","status":"publish","type":"post","link":"https:\/\/www.contergan-nrw.eu\/?p=13256","title":{"rendered":"Frauentreff am 28.09.24, 11 Uhr"},"content":{"rendered":"<p>Hallo an alle Frauen,<br \/>\nunser monatliches Treffen findet bald statt, diesmal in Pr\u00e4senz!<\/p>\n<p>Gerne laden Heidi und ich alle Frauen zum \u201e2ten Fr\u00fchst\u00fcck\u201c (also eher auf ein H\u00e4ppchen) am<br \/>\n28.09.24 um 11 Uhr<br \/>\nzur Rehacare auf den Stand des Interessenverbandes Contergangesch\u00e4digter Nrw e.V. nach D\u00fcsseldorf ein!<br \/>\nWir sind in Halle 1, Gang G, Stand 52 zu finden.<\/p>\n<p>Vor Ort m\u00f6chten wir uns gerne einfach zusammensetzen, ein bisschen quatschen, lachen und uns austauschen und \u00fcberlegen, was f\u00fcr uns f\u00fcr zuk\u00fcnftige Treffen interessant sein k\u00f6nnte, vielleicht auch das eine oder andere moderiert von Baerbel Drohmann an andere weitergeben oder infrage stellen\u2026<\/p>\n<p>F\u00fcr den kostenlosen Eintritt k\u00f6nnt Ihr Euch auch an Barbara Wenzel-Heyberg wenden, sie hat die Eintrittscodes, die Ihr dann auf der Rehacare Internetseite einl\u00f6sen k\u00f6nnt.<\/p>\n<p>Damit wir auch genug zum \u201eAnbieten\u201c haben, meldet Euch doch so nett und meldet Euch bei Barbara Wenzel-Heyberg:<br \/>\nFestnetz. 02268 9094288<br \/>\nMobil. 0151 70200999<br \/>\nFax. 02268 9094287<br \/>\nE-Mail: bwh@contergan-nrw-peer-to-peer.eu<\/p>\n<p>Wir freuen uns auf Euch auf jeden Fall und hoffen, dass Ihr am Samstag zahlreich kommen k\u00f6nnt.<br \/>\nLiebe Gr\u00fc\u00dfe<br \/>\nClaudia Schmidt-Herterich<br \/>\nund Heidi Beekmann<\/p>\n<p>Interessenverband Contergangesch\u00e4digter NRW e.V.<br \/>\nUdo Herterich<br \/>\nVorsitzender<br \/>\nMaternusstr. 9<br \/>\n50996 K\u00f6ln<br \/>\nTel.: 015234342504<br \/>\nwww.contergan-nrw.eu<\/p>\n","protected":false},"excerpt":{"rendered":"<p>Hallo an alle Frauen, unser monatliches Treffen findet bald statt, diesmal in Pr\u00e4senz! Gerne laden Heidi und ich alle Frauen zum \u201e2ten Fr\u00fchst\u00fcck\u201c (also eher auf ein H\u00e4ppchen) am 28.09.24 um 11 Uhr zur Rehacare auf den Stand des Interessenverbandes Contergangesch\u00e4digter Nrw e.V. nach D\u00fcsseldorf ein! Wir sind in Halle 1, Gang G, Stand 52 [&hellip;]<\/p>\n","protected":false},"author":1,"featured_media":12965,"comment_status":"closed","ping_status":"open","sticky":false,"template":"","format":"standard","meta":{"footnotes":""},"categories":[389],"tags":[1947,1496],"class_list":["post-13256","post","type-post","status-publish","format-standard","has-post-thumbnail","hentry","category-veranstaltungs-archiv","tag-frauen","tag-frauengruppe"],"publishpress_future_action":{"enabled":false,"date":"2026-09-13 15:03:26","action":"change-status","newStatus":"draft","terms":[],"taxonomy":"category","extraData":[]},"publishpress_future_workflow_manual_trigger":{"enabledWorkflows":[]},"_links":{"self":[{"href":"https:\/\/www.contergan-nrw.eu\/index.php?rest_route=\/wp\/v2\/posts\/13256","targetHints":{"allow":["GET"]}}],"collection":[{"href":"https:\/\/www.contergan-nrw.eu\/index.php?rest_route=\/wp\/v2\/posts"}],"about":[{"href":"https:\/\/www.contergan-nrw.eu\/index.php?rest_route=\/wp\/v2\/types\/post"}],"author":[{"embeddable":true,"href":"https:\/\/www.contergan-nrw.eu\/index.php?rest_route=\/wp\/v2\/users\/1"}],"replies":[{"embeddable":true,"href":"https:\/\/www.contergan-nrw.eu\/index.php?rest_route=%2Fwp%2Fv2%2Fcomments&post=13256"}],"version-history":[{"count":2,"href":"https:\/\/www.contergan-nrw.eu\/index.php?rest_route=\/wp\/v2\/posts\/13256\/revisions"}],"predecessor-version":[{"id":13892,"href":"https:\/\/www.contergan-nrw.eu\/index.php?rest_route=\/wp\/v2\/posts\/13256\/revisions\/13892"}],"wp:featuredmedia":[{"embeddable":true,"href":"https:\/\/www.contergan-nrw.eu\/index.php?rest_route=\/wp\/v2\/media\/12965"}],"wp:attachment":[{"href":"https:\/\/www.contergan-nrw.eu\/index.php?rest_route=%2Fwp%2Fv2%2Fmedia&parent=13256"}],"wp:term":[{"taxonomy":"category","embeddable":true,"href":"https:\/\/www.contergan-nrw.eu\/index.php?rest_route=%2Fwp%2Fv2%2Fcategories&post=13256"},{"taxonomy":"post_tag","embeddable":true,"href":"https:\/\/www.contergan-nrw.eu\/index.php?rest_route=%2Fwp%2Fv2%2Ftags&post=13256"}],"curies":[{"name":"wp","href":"https:\/\/api.w.org\/{rel}","templated":true}]}}