{"id":13194,"date":"2024-07-21T14:26:02","date_gmt":"2024-07-21T12:26:02","guid":{"rendered":"https:\/\/www.contergan-nrw.eu\/?p=13194"},"modified":"2025-12-03T21:28:18","modified_gmt":"2025-12-03T20:28:18","slug":"rehacare-24-in-duesseldorf-vom-25-28-september-24","status":"publish","type":"post","link":"https:\/\/www.contergan-nrw.eu\/?p=13194","title":{"rendered":"Rehacare 24 in D\u00fcsseldorf vom 25.-28.September 24"},"content":{"rendered":"<p>Hallo zusammen,<\/p>\n<p>&nbsp;<\/p>\n<p>die diesj\u00e4hrige Rehacare Messe in D\u00fcsseldorf besch\u00e4ftigt uns schon und wir basteln am Programm.<\/p>\n<p>&nbsp;<\/p>\n<p>Unserer Stand ist diesmal in der Halle 1 G52.<\/p>\n<p>&nbsp;<\/p>\n<p>Wir freuen uns wieder \u00fcber viele nette Begegnungen und Gespr\u00e4che. Wir wollen zusammen lachen, miteinander\u00a0quatschen, uns austauschen, aber auch viele Infos weitergeben, Eure Fragen beantworten und Euch unterst\u00fctzen bei Euren Anliegen.<\/p>\n<p>Fotos werden in diesem Jahr von Michael Lapp vor Ort gemacht. Diesmal werden wir eine gelbe Couch vor Ort haben, wo Michael uns, wenn gew\u00fcnscht, gerne fotografieren kann.<\/p>\n<p>Unsere Mitarbeiter werden wieder feste Zeiten an bestimmten Tagen am Stand haben, so dass ihr sie auf jeden Fall treffen k\u00f6nnt. Gerne k\u00f6nnt ihr nat\u00fcrlich auch Termine im Vorfeld mit ihnen vor Ort machen. Auch werden wir wieder mit Nina S\u00f6rensensen eine besondere Hilfsmittelecke haben, wo sich jeder unsere aktuellen Hilfsmittel anschauen kann und mit Nina S\u00f6rensen \u00fcber das ein oder andere Anliegen nat\u00fcrlich auch direkt sprechen kann.<\/p>\n<p>Zur besseren Planung teilen wir euch heute schon mit, wer f\u00fcr bestimmte Tagen schon zugesagt hat. im Laufe der n\u00e4chsten Wochen werden die Infos zu den Tagen und den besonderen Besuchern immer mehr werden.<\/p>\n<p>Die Uhrzeiten und die Themen hierzu werden wir in einer gesonderten E-Mail sp\u00e4ter versenden.<\/p>\n<p>Selbstverst\u00e4ndlich sind an allen Tagen Geb\u00e4rdensprachdolmetscher vor Ort.<\/p>\n<p>25.09.24 Mittwoch<\/p>\n<p>Gr\u00fcnenthalstiftung,<\/p>\n<p>Prof.Peters, Kompetenzzentrum N\u00fcmbrecht<\/p>\n<p>26.09.24, Donnerstag<\/p>\n<p>Conterganstiftung<\/p>\n<p>die Landespatientenbeauftragte des Landes NRW kommt vorbei<\/p>\n<p>27.09.24, Freitag<\/p>\n<p>Andrea Heidb\u00fcchel \u201eder gesunde Hund\u201c<\/p>\n<p>Gr\u00fcnenthalstiftung<\/p>\n<p>28.09.24, Samstag<\/p>\n<p>Frauentreff vormittags am Stand<\/p>\n<p>Treffen der Peer supporter am Stand<\/p>\n<p>Wenn Ihr Eintrittskarten-Codes braucht, dann wendet Euch an<\/p>\n<p>&nbsp;<\/p>\n<p>Frau Barbara Wenzel-Heyberg<\/p>\n<p>Telefon\u00a0<u>02268 \u2013 909 42 88<\/u><\/p>\n<p>Telefax\u00a0<u>02268 \u2013 909 42 87<\/u><\/p>\n<p>eMail\u00a0<a href=\"mailto:bwh@contergan-nrw-peer-to-peer.eu\">bwh@contergan-nrw-peer-to-peer.eu<\/a><\/p>\n<p>&nbsp;<\/p>\n<p>Auch in diesem Jahr hat die Messe D\u00fcsseldorf nur Codes. Es gibt keine Tickets mehr, sondern nur diese, die wir Euch versenden k\u00f6nnen. Diese m\u00fcsst Ihr unbedingt vorher online auf der Internetseite der Rehacare einl\u00f6sen. Das ist leider nicht ganz einfach, da das System Probleme macht.. Bleibt unbedingt am Ball oder fragt nach Unterst\u00fctzung bei unseren Mitarbeiter:innen.<\/p>\n<p>&nbsp;<\/p>\n<p>F\u00fcr weitere Aktualisierungen und m\u00f6glichen \u00c4nderungen hilft ein Blick auf unsere Homepage.<\/p>\n<p>.<\/p>\n<p><strong>\u00a0<\/strong><\/p>\n<p><strong>Wir z\u00e4hlen auf Euch, und hoffen, dass Ihr wieder Eure Hilfsmittel mitbringt,<\/strong>\u00a0damit wir Euch im Umgang damit kurz filmen oder fotografieren\u00a0k\u00f6nnen (gerne auch anonym). Mit Eurer Erlaubnis (schriftlich) werden wir den kurzen Film oder die Fotos mit Beschreibung auf unsere Homepage ver\u00f6ffentlichen. Das hilft anderen wiederum, sich vorstellen zu k\u00f6nnen, ob sie das auch nutzen k\u00f6nnen und es hilfreich sein k\u00f6nnte,\u00a0um dadurch den Alltag oder die Arbeit dadurch etwas zu erleichtern.<\/p>\n<p>&nbsp;<\/p>\n<p>Wir freuen uns auf ein zahlreiches Wiedersehen in D\u00fcsseldorf,<\/p>\n<p>&nbsp;<\/p>\n<p>Udo Herterich<\/p>\n<p>&nbsp;<\/p>\n<p>Interessenverband Contergangesch\u00e4digter<\/p>\n<p>Nordrhein-Westfalen e.V.<\/p>\n<p>Hilfswerk f\u00fcr vorgeburtlich Gesch\u00e4digte<\/p>\n<p>Udo Herterich<\/p>\n<p>Vorsitzender<\/p>\n<p><u>Maternusstr.9\u00a0<\/u><\/p>\n<p><u>50996 K\u00f6ln<\/u><\/p>\n<p>Tel.\u00a0<u>015234342504<\/u><\/p>\n<p><a href=\"mailto:herterich@contergan-nrw.eu\">herterich@contergan-nrw.eu<\/a><\/p>\n<p><a href=\"http:\/\/2026.contergan-nrw.eu\/\" data-saferedirecturl=\"https:\/\/www.google.com\/url?q=http:\/\/2026.contergan-nrw.eu\/&amp;source=gmail&amp;ust=1721651020408000&amp;usg=AOvVaw17hYsBNI5s5lPHR5Ov_nVp\">www.contergan-nrw.eu<\/a><\/p>\n<p>&nbsp;<\/p>\n","protected":false},"excerpt":{"rendered":"<p>Hallo zusammen, &nbsp; die diesj\u00e4hrige Rehacare Messe in D\u00fcsseldorf besch\u00e4ftigt uns schon und wir basteln am Programm. &nbsp; Unserer Stand ist diesmal in der Halle 1 G52. &nbsp; Wir freuen uns wieder \u00fcber viele nette Begegnungen und Gespr\u00e4che. Wir wollen zusammen lachen, miteinander\u00a0quatschen, uns austauschen, aber auch viele Infos weitergeben, Eure Fragen beantworten und Euch [&hellip;]<\/p>\n","protected":false},"author":1,"featured_media":12965,"comment_status":"closed","ping_status":"open","sticky":false,"template":"","format":"standard","meta":{"footnotes":""},"categories":[389],"tags":[1940,536,436,435],"class_list":["post-13194","post","type-post","status-publish","format-standard","has-post-thumbnail","hentry","category-veranstaltungs-archiv","tag-1940","tag-duesseldorf","tag-messe","tag-rehacare"],"publishpress_future_action":{"enabled":false,"date":"2026-09-13 14:29:52","action":"change-status","newStatus":"draft","terms":[],"taxonomy":"category","extraData":[]},"publishpress_future_workflow_manual_trigger":{"enabledWorkflows":[]},"_links":{"self":[{"href":"https:\/\/www.contergan-nrw.eu\/index.php?rest_route=\/wp\/v2\/posts\/13194","targetHints":{"allow":["GET"]}}],"collection":[{"href":"https:\/\/www.contergan-nrw.eu\/index.php?rest_route=\/wp\/v2\/posts"}],"about":[{"href":"https:\/\/www.contergan-nrw.eu\/index.php?rest_route=\/wp\/v2\/types\/post"}],"author":[{"embeddable":true,"href":"https:\/\/www.contergan-nrw.eu\/index.php?rest_route=\/wp\/v2\/users\/1"}],"replies":[{"embeddable":true,"href":"https:\/\/www.contergan-nrw.eu\/index.php?rest_route=%2Fwp%2Fv2%2Fcomments&post=13194"}],"version-history":[{"count":2,"href":"https:\/\/www.contergan-nrw.eu\/index.php?rest_route=\/wp\/v2\/posts\/13194\/revisions"}],"predecessor-version":[{"id":13196,"href":"https:\/\/www.contergan-nrw.eu\/index.php?rest_route=\/wp\/v2\/posts\/13194\/revisions\/13196"}],"wp:featuredmedia":[{"embeddable":true,"href":"https:\/\/www.contergan-nrw.eu\/index.php?rest_route=\/wp\/v2\/media\/12965"}],"wp:attachment":[{"href":"https:\/\/www.contergan-nrw.eu\/index.php?rest_route=%2Fwp%2Fv2%2Fmedia&parent=13194"}],"wp:term":[{"taxonomy":"category","embeddable":true,"href":"https:\/\/www.contergan-nrw.eu\/index.php?rest_route=%2Fwp%2Fv2%2Fcategories&post=13194"},{"taxonomy":"post_tag","embeddable":true,"href":"https:\/\/www.contergan-nrw.eu\/index.php?rest_route=%2Fwp%2Fv2%2Ftags&post=13194"}],"curies":[{"name":"wp","href":"https:\/\/api.w.org\/{rel}","templated":true}]}}