{"id":13161,"date":"2024-06-30T16:59:21","date_gmt":"2024-06-30T14:59:21","guid":{"rendered":"https:\/\/www.contergan-nrw.eu\/?p=13161"},"modified":"2025-12-03T21:26:50","modified_gmt":"2025-12-03T20:26:50","slug":"bundesverband-informiert-aktueller-sachstand-hinterbliebenenversorgung-strukturaenderungen-conterganstiftung","status":"publish","type":"post","link":"https:\/\/www.contergan-nrw.eu\/?p=13161","title":{"rendered":"Bundesverband informiert: Aktueller Sachstand Hinterbliebenenversorgung \/ Struktur\u00e4nderungen Conterganstiftung"},"content":{"rendered":"<div dir=\"ltr\">\n<div>\n<div>\n<div>\n<div>\n<div>\n<div>\n<div>\n<div>\n<div>\n<div>\n<div>\n<div>\n<div>\n<p>Hallo zusammen,<\/p>\n<div>\n<div dir=\"auto\">\n<div>gestern habe ich bei den Berichterstattern nach dem aktuellen Sachstand nachgefragt Hinterbliebenenversorgung und Struktur\u00e4nderung Conterganstiftung.<\/div>\n<div>Nachfolgend habe ich f\u00fcr euch die R\u00fcckmeldungen von heute Vormittag einkopiert.<\/div>\n<div>Selbstverst\u00e4ndlich halten wir euch auf dem Laufenden:<\/div>\n<div><\/div>\n<div><span style=\"font-size: large;\">CDU<\/span><\/div>\n<div><span style=\"font-size: large;\">\u00a0<\/span><\/div>\n<div>\n<div dir=\"ltr\">\n<p><b>Von:<\/b>\u00a0Janssen Anne, MdB<\/p>\n<p><b>Contergan: Aktueller Sachstand Hinterbliebenenversorgung \/ Struktur\u00e4nderungen Conterganstiftung<\/b><\/p>\n<\/div>\n<div dir=\"ltr\">\n<p>Sehr geehrter Herr Herterich,<\/p>\n<p>danke f\u00fcr Ihre Nachricht! Zwar ist der Sommer in Berlin angekommen, aber diese und n\u00e4chste Woche sind wir im Bundestag noch in Sitzungen gebunden.<\/p>\n<p>Zum aktuellen Stand der Beratungen kann ich Ihnen zum einen mitteilen, dass bislang noch keine Antwort des BMFSFJ auf die Pr\u00fcfauftr\u00e4ge zur Hinterbliebenenversorgung eingegangen ist. Ich hatte dies explizit im Rahmen der Berichterstattergespr\u00e4che erfragt. Auch wir warten auf die R\u00fcckmeldung.<\/p>\n<p>Zum anderen: Bei der Reform der Stiftungsstrukturen haben wir die ersten Beratungen gerade abgeschlossen und die Berichterstatterinnen der Ampel-Fraktionen haben Eckpunkte und Pr\u00fcfauftr\u00e4ge an das Ministerium \u00fcbersandt, eine R\u00fcckmeldung bzw. eine Stellungnahme hierzu steht noch aus.<\/p>\n<p>Mit freundlichen Gr\u00fc\u00dfen<br \/>\nAnne Janssen<\/p>\n<\/div>\n<div><\/div>\n<p>\u2013\u2013\u2013\u2013\u2013\u2013\u2013\u2013\u2013\u2013\u2013\u2013\u2013\u2013\u2013\u2013\u2013\u2013\u2013\u2013\u2013\u2013\u2013\u2013\u2013\u2013\u2013\u2013\u2013\u2013<wbr \/>\u2013\u2013\u2013\u2013\u2013\u2013\u2013\u2013\u2013\u2013\u2013\u2013\u2013\u2013\u2013\u2013\u2013\u2013\u2013\u2013\u2013\u2013<\/p>\n<div><\/div>\n<p><span style=\"font-size: large;\">Die Gr\u00fcnen<\/span><\/p>\n<\/div>\n<div><span style=\"font-size: large;\">\u00a0<\/span><\/div>\n<div>\n<p>Lieber Her Herterich,<\/p>\n<p>das Gespr\u00e4ch mit dem BMFSFJ zu beiden Themen bzw. den Vorschl\u00e4gen der Berichterstatter*innen dazu findet\u00a0<span dir=\"ltr\">n\u00e4chste Woche Freitag<\/span>\u00a0statt. D.h. bis dahin ist der Sachstand noch der, den Sie kennen.<\/p>\n<p>Viele Gr\u00fc\u00dfe,<br \/>\nMarion Blitz<\/p>\n<p>______________________<br \/>\nMarion Blitz<br \/>\nWissenschaftliche Mitarbeiterin<\/p>\n<p>B\u00fcro Corinna R\u00fcffer MdB<\/p>\n<\/div>\n<div><\/div>\n<div>______________________________<wbr \/>______________________<\/div>\n<div><\/div>\n<div><\/div>\n<div>Sonnige Gr\u00fc\u00dfe aus K\u00f6ln<\/div>\n<div>Udo f\u00fcr den Vorstand<\/div>\n<div><\/div>\n<div>\n<div>Bundesverband Contergangesch\u00e4digter e.V.<\/div>\n<div>Udo Herterich<\/div>\n<div>Vorsitzender<\/div>\n<div>Maternusstr. 9<\/div>\n<div>50996 K\u00f6ln<\/div>\n<div>Tel.: 015234342504<\/div>\n<div><a href=\"http:\/\/www.contergan.de\/\" target=\"_blank\" rel=\"noopener\" data-saferedirecturl=\"https:\/\/www.google.com\/url?q=http:\/\/www.contergan.de\/&amp;source=gmail&amp;ust=1719845826174000&amp;usg=AOvVaw3-h6nCEVOXEtR1tsJGZze-\">www.contergan.de<\/a><\/div>\n<\/div>\n<\/div>\n<\/div>\n<\/div>\n<\/div>\n<\/div>\n<\/div>\n<\/div>\n<\/div>\n<\/div>\n<\/div>\n<\/div>\n<\/div>\n<\/div>\n<\/div>\n<\/div>\n<\/div>\n<div dir=\"ltr\">\n<div>\n<div>\n<div>\n<div>\n<div>\n<div>\n<div>\n<div>\n<div>\n<div>\n<div class=\"yj6qo\"><\/div>\n<\/div>\n<\/div>\n<\/div>\n<\/div>\n<\/div>\n<\/div>\n<\/div>\n<\/div>\n<\/div>\n<\/div>\n<\/div>\n","protected":false},"excerpt":{"rendered":"<p>Hallo zusammen, gestern habe ich bei den Berichterstattern nach dem aktuellen Sachstand nachgefragt Hinterbliebenenversorgung und Struktur\u00e4nderung Conterganstiftung. Nachfolgend habe ich f\u00fcr euch die R\u00fcckmeldungen von heute Vormittag einkopiert. Selbstverst\u00e4ndlich halten wir euch auf dem Laufenden: CDU \u00a0 Von:\u00a0Janssen Anne, MdB Contergan: Aktueller Sachstand Hinterbliebenenversorgung \/ Struktur\u00e4nderungen Conterganstiftung Sehr geehrter Herr Herterich, danke f\u00fcr Ihre Nachricht! [&hellip;]<\/p>\n","protected":false},"author":1,"featured_media":12965,"comment_status":"closed","ping_status":"open","sticky":false,"template":"","format":"standard","meta":{"footnotes":""},"categories":[76],"tags":[1591,1927,1928],"class_list":["post-13161","post","type-post","status-publish","format-standard","has-post-thumbnail","hentry","category-news-archiv","tag-bundesverband","tag-hinterbliebenenversorgung","tag-strukturaenderungen-conterganstiftung"],"publishpress_future_action":{"enabled":false,"date":"2026-09-13 15:36:45","action":"change-status","newStatus":"draft","terms":[],"taxonomy":"category","extraData":[]},"publishpress_future_workflow_manual_trigger":{"enabledWorkflows":[]},"_links":{"self":[{"href":"https:\/\/www.contergan-nrw.eu\/index.php?rest_route=\/wp\/v2\/posts\/13161","targetHints":{"allow":["GET"]}}],"collection":[{"href":"https:\/\/www.contergan-nrw.eu\/index.php?rest_route=\/wp\/v2\/posts"}],"about":[{"href":"https:\/\/www.contergan-nrw.eu\/index.php?rest_route=\/wp\/v2\/types\/post"}],"author":[{"embeddable":true,"href":"https:\/\/www.contergan-nrw.eu\/index.php?rest_route=\/wp\/v2\/users\/1"}],"replies":[{"embeddable":true,"href":"https:\/\/www.contergan-nrw.eu\/index.php?rest_route=%2Fwp%2Fv2%2Fcomments&post=13161"}],"version-history":[{"count":3,"href":"https:\/\/www.contergan-nrw.eu\/index.php?rest_route=\/wp\/v2\/posts\/13161\/revisions"}],"predecessor-version":[{"id":13163,"href":"https:\/\/www.contergan-nrw.eu\/index.php?rest_route=\/wp\/v2\/posts\/13161\/revisions\/13163"}],"wp:featuredmedia":[{"embeddable":true,"href":"https:\/\/www.contergan-nrw.eu\/index.php?rest_route=\/wp\/v2\/media\/12965"}],"wp:attachment":[{"href":"https:\/\/www.contergan-nrw.eu\/index.php?rest_route=%2Fwp%2Fv2%2Fmedia&parent=13161"}],"wp:term":[{"taxonomy":"category","embeddable":true,"href":"https:\/\/www.contergan-nrw.eu\/index.php?rest_route=%2Fwp%2Fv2%2Fcategories&post=13161"},{"taxonomy":"post_tag","embeddable":true,"href":"https:\/\/www.contergan-nrw.eu\/index.php?rest_route=%2Fwp%2Fv2%2Ftags&post=13161"}],"curies":[{"name":"wp","href":"https:\/\/api.w.org\/{rel}","templated":true}]}}