{"id":13153,"date":"2024-06-28T20:23:31","date_gmt":"2024-06-28T18:23:31","guid":{"rendered":"https:\/\/www.contergan-nrw.eu\/?p=13153"},"modified":"2025-12-03T21:26:27","modified_gmt":"2025-12-03T20:26:27","slug":"frauentreff-am-10-07-24-per-zoom","status":"publish","type":"post","link":"https:\/\/www.contergan-nrw.eu\/?p=13153","title":{"rendered":"Frauentreff am 10.07.24 per zoom"},"content":{"rendered":"<div>\n<div>\n<div>\n<div>\n<div dir=\"auto\">\n<div dir=\"ltr\">\n<div dir=\"ltr\">\n<div>\n<div dir=\"ltr\">\n<div lang=\"DE\">\n<div>\n<div><u><span style=\"font-family: Arial;\">Hallo\u00a0liebe interessierte\u00a0Teilnehmerinnen an einem ZOOM-Frauentreff<\/span><\/u><\/div>\n<\/div>\n<\/div>\n<\/div>\n<\/div>\n<\/div>\n<\/div>\n<\/div>\n<\/div>\n<\/div>\n<\/div>\n<\/div>\n<div>\n<div dir=\"auto\">\n<div dir=\"ltr\">\n<div dir=\"ltr\">\n<div dir=\"ltr\">\n<div lang=\"DE\">\n<div>\n<div><span style=\"font-family: Arial;\">w\u00e4hrend unseres letzten Frauentreffens haben wir viele\u00a0interessante\u00a0Themen angesprochen und \u00fcberlegt, welche Themen f\u00fcr uns zun\u00e4chst spannend sein k\u00f6nnten und teilweise terminiert!\u00a0<\/span><\/div>\n<\/div>\n<\/div>\n<\/div>\n<div dir=\"ltr\">\n<div lang=\"DE\">\n<div>\n<div>Hier unsere Zeitplanung:<\/div>\n<\/div>\n<\/div>\n<\/div>\n<p><span style=\"font-family: Arial;\">10.07.34 Input Heidi zum Thema Abschied\/ Trauer &#8211; wie gehe ich damit um \u2026 Tipps\u00a0<\/span><\/p>\n<div>\n<p><span style=\"font-family: Arial;\">08.08.24 Hilfsmittel, frauenspezifisch und allgemein mit Nina S\u00f6rensen<\/span><\/p>\n<p>&nbsp;<\/p>\n<\/div>\n<div><span style=\"font-family: Arial;\">28.09.24 auf der Rehacare in Pr\u00e4senz<\/span><\/div>\n<div>\n<div><span style=\"font-family: Arial;\">30.10.24<\/span><\/div>\n<div><\/div>\n<div><span style=\"font-family: Arial;\">27.11.24\u00a0<\/span>Thema Pflege, frauenspezifisch und allgemein mit Nicole Soppa<\/div>\n<div><span style=\"font-family: Arial;\">19.12.24\u00a0<\/span><\/div>\n<div><span style=\"font-family: Arial;\"><br \/>\nAuch wollen wir gezielt z.B. \u00fcber das Altern sprechen, Depressionen, Panik, Isolation, m\u00f6gliche Aktivit\u00e4ten und Sport, uns informieren gegebenenfalls mit Fachvortr\u00e4gen und uns austauschen, welche Erfahrungen wir gemacht haben und voneinander lernen.\u00a0<\/span><\/div>\n<div>\n<div dir=\"ltr\">\n<div lang=\"DE\">\n<div><\/div>\n<\/div>\n<\/div>\n<p><span style=\"font-family: Arial;\">So k\u00f6nnten wir virtuell etwas n\u00e4her r\u00fccken und uns kennen lernen und unterst\u00fctzen.\u00a0<\/span><\/p>\n<\/div>\n<div>Wir k\u00f6nnten uns grunds\u00e4tzlich auch ein \u201eThemenwochenende\u201c vorstellen, indem\u00a0wir gemeinsam\u00a0ein von euch ausgew\u00e4hltes Thema behandeln.<\/div>\n<div>Das k\u00f6nnen\u00a0psychologische Themen sein,\u00a0wie\u00a0\u00c4ngste, Depressionen, auch medizinische Themen, die nun in unserem Alter aufkommen k\u00f6nnen, aber auch Lebensziele im Alter\u00a0oder praktische Themen, wie Handy-Bedienung, hygienische Hilfsmittel, r\u00e4umliche Ver\u00e4nderung?\u00a0\u00a0usw.<\/div>\n<div>\n<div dir=\"ltr\">\n<div lang=\"DE\">\n<div>\n<div><u><span style=\"font-family: Arial;\">Darum laden wir euch herzlich ein am<\/span><\/u><\/div>\n<div><\/div>\n<div><strong><span style=\"font-family: Arial;\">10.07.24 , 16.00 Uhr (2 Std)<\/span><\/strong><\/div>\n<div>\n<div><strong><span style=\"font-family: Arial;\">zum<\/span><\/strong><\/div>\n<div><strong><span style=\"font-family: Arial;\">2. ZOOM-Frauentreffen 2024<\/span><\/strong><\/div>\n<div><\/div>\n<div>\n<div><span style=\"font-family: Arial;\">Wir hoffen, ihr seid dabei!\u00a0<\/span><\/div>\n<\/div>\n<div>\n<div><span style=\"font-family: Arial;\">Wir freuen uns auf euch.<\/span><\/div>\n<div><\/div>\n<\/div>\n<div><span style=\"font-family: Arial;\">Herzliche Gr\u00fc\u00dfe\u00a0<\/span><\/div>\n<div><span style=\"font-family: Arial;\">eure<\/span><\/div>\n<div><span style=\"font-family: Arial;\"> \u00a0<\/span><\/div>\n<div><span style=\"font-family: Arial;\">Heidi und \u00a0Claudia<\/span><\/div>\n<div><\/div>\n<\/div>\n<div>\n<div><span style=\"font-family: Arial;\">Bitte meldet Euch mit Angabe Eurer Email-Adresse an\u00a0<\/span><\/div>\n<\/div>\n<div>\n<div><span style=\"font-family: Arial;\">bei Barbara Wenzel-Heyberg, damit wir Euch den Link zusenden k\u00f6nnen!\u00a0<\/span><\/div>\n<div><\/div>\n<\/div>\n<div>\n<div><span style=\"font-family: Arial;\">Barbara Wenzel-Heyberg<\/span><\/div>\n<\/div>\n<div>\n<div><span style=\"font-family: Arial;\">Festnetz.\u00a0<span dir=\"ltr\">02268 9094288<\/span><\/span><\/div>\n<\/div>\n<div>\n<div><span style=\"font-family: Arial;\">Mobil.\u00a0<span dir=\"ltr\">0151 70200999<\/span><\/span><\/div>\n<\/div>\n<div>\n<div><span style=\"font-family: Arial;\">Fax.\u00a0<span dir=\"ltr\">02268 9094287<\/span><\/span><\/div>\n<\/div>\n<\/div>\n<\/div>\n<\/div>\n<\/div>\n<\/div>\n<\/div>\n<\/div>\n<\/div>\n<\/div>\n<div>\n<div>\n<div>\n<div>\n<div dir=\"auto\">\n<div dir=\"ltr\">\n<div dir=\"ltr\">\n<div>\n<div>\n<div>\n<div dir=\"ltr\">\n<div lang=\"DE\">\n<div>\n<div><span style=\"font-family: Arial;\">E-Mail:\u00a0<a href=\"mailto:bwh@contergan-nrw-peer-to-peer.eu\" target=\"_blank\" rel=\"noopener\">bwh@contergan-nrw-<wbr \/>peer-to-peer.eu<\/a><\/span><\/div>\n<\/div>\n<\/div>\n<\/div>\n<\/div>\n<\/div>\n<\/div>\n<\/div>\n<\/div>\n<\/div>\n<\/div>\n<\/div>\n<\/div>\n<\/div>\n","protected":false},"excerpt":{"rendered":"<p>Hallo\u00a0liebe interessierte\u00a0Teilnehmerinnen an einem ZOOM-Frauentreff w\u00e4hrend unseres letzten Frauentreffens haben wir viele\u00a0interessante\u00a0Themen angesprochen und \u00fcberlegt, welche Themen f\u00fcr uns zun\u00e4chst spannend sein k\u00f6nnten und teilweise terminiert!\u00a0 Hier unsere Zeitplanung: 10.07.34 Input Heidi zum Thema Abschied\/ Trauer &#8211; wie gehe ich damit um \u2026 Tipps\u00a0 08.08.24 Hilfsmittel, frauenspezifisch und allgemein mit Nina S\u00f6rensen &nbsp; 28.09.24 auf [&hellip;]<\/p>\n","protected":false},"author":1,"featured_media":12965,"comment_status":"closed","ping_status":"open","sticky":false,"template":"","format":"standard","meta":{"footnotes":""},"categories":[389],"tags":[1926],"class_list":["post-13153","post","type-post","status-publish","format-standard","has-post-thumbnail","hentry","category-veranstaltungs-archiv","tag-frauentreff"],"publishpress_future_action":{"enabled":false,"date":"2026-09-13 14:29:22","action":"change-status","newStatus":"draft","terms":[],"taxonomy":"category","extraData":[]},"publishpress_future_workflow_manual_trigger":{"enabledWorkflows":[]},"_links":{"self":[{"href":"https:\/\/www.contergan-nrw.eu\/index.php?rest_route=\/wp\/v2\/posts\/13153","targetHints":{"allow":["GET"]}}],"collection":[{"href":"https:\/\/www.contergan-nrw.eu\/index.php?rest_route=\/wp\/v2\/posts"}],"about":[{"href":"https:\/\/www.contergan-nrw.eu\/index.php?rest_route=\/wp\/v2\/types\/post"}],"author":[{"embeddable":true,"href":"https:\/\/www.contergan-nrw.eu\/index.php?rest_route=\/wp\/v2\/users\/1"}],"replies":[{"embeddable":true,"href":"https:\/\/www.contergan-nrw.eu\/index.php?rest_route=%2Fwp%2Fv2%2Fcomments&post=13153"}],"version-history":[{"count":6,"href":"https:\/\/www.contergan-nrw.eu\/index.php?rest_route=\/wp\/v2\/posts\/13153\/revisions"}],"predecessor-version":[{"id":13156,"href":"https:\/\/www.contergan-nrw.eu\/index.php?rest_route=\/wp\/v2\/posts\/13153\/revisions\/13156"}],"wp:featuredmedia":[{"embeddable":true,"href":"https:\/\/www.contergan-nrw.eu\/index.php?rest_route=\/wp\/v2\/media\/12965"}],"wp:attachment":[{"href":"https:\/\/www.contergan-nrw.eu\/index.php?rest_route=%2Fwp%2Fv2%2Fmedia&parent=13153"}],"wp:term":[{"taxonomy":"category","embeddable":true,"href":"https:\/\/www.contergan-nrw.eu\/index.php?rest_route=%2Fwp%2Fv2%2Fcategories&post=13153"},{"taxonomy":"post_tag","embeddable":true,"href":"https:\/\/www.contergan-nrw.eu\/index.php?rest_route=%2Fwp%2Fv2%2Ftags&post=13153"}],"curies":[{"name":"wp","href":"https:\/\/api.w.org\/{rel}","templated":true}]}}