{"id":12969,"date":"2024-04-22T15:36:00","date_gmt":"2024-04-22T13:36:00","guid":{"rendered":"https:\/\/www.contergan-nrw.eu\/?p=12969"},"modified":"2025-12-03T21:20:07","modified_gmt":"2025-12-03T20:20:07","slug":"ja-wir-sind-mit-dem-radel-da-einladung-radtour-rund-um-den-halterner-see","status":"publish","type":"post","link":"https:\/\/www.contergan-nrw.eu\/?p=12969","title":{"rendered":"Ja, wir sind mit dem Radel da&#8230; Einladung Radtour rund um den Halterner See"},"content":{"rendered":"<p style=\"font-weight: 400; text-align: center;\"><strong><em>Ja, wir sind mit dem Radel da\u2026.<\/em><\/strong><\/p>\n<p style=\"font-weight: 400; text-align: center;\"><strong><em>Tour rund um den Halterner See<\/em><\/strong><\/p>\n<p style=\"font-weight: 400; text-align: center;\"><strong><em>am 6.6.2024<\/em><\/strong><\/p>\n<p style=\"text-align: center;\"><img loading=\"lazy\" decoding=\"async\" class=\"aligncenter size-medium wp-image-12970\" src=\"http:\/\/2026.contergan-nrw.eu\/wp-content\/uploads\/2024\/04\/image002-2-300x162.png\" alt=\"\" width=\"300\" height=\"162\" srcset=\"https:\/\/www.contergan-nrw.eu\/wp-content\/uploads\/2024\/04\/image002-2-300x162.png 300w, https:\/\/www.contergan-nrw.eu\/wp-content\/uploads\/2024\/04\/image002-2-768x416.png 768w, https:\/\/www.contergan-nrw.eu\/wp-content\/uploads\/2024\/04\/image002-2-705x382.png 705w, https:\/\/www.contergan-nrw.eu\/wp-content\/uploads\/2024\/04\/image002-2-450x244.png 450w, https:\/\/www.contergan-nrw.eu\/wp-content\/uploads\/2024\/04\/image002-2.png 920w\" sizes=\"auto, (max-width: 300px) 100vw, 300px\" \/><\/p>\n<p style=\"font-weight: 400;\"><strong>Geeignet f\u00fcr<\/strong>:<\/p>\n<ul style=\"font-weight: 400;\">\n<li>nicht motorisierte R\u00e4der<\/li>\n<li>sportliche Handbiker<\/li>\n<li>Sitz-Segways<\/li>\n<li>E-Bikes<\/li>\n<\/ul>\n<p style=\"font-weight: 400;\">(Fahrradverleih ist in Haltern am See m\u00f6glich.)<\/p>\n<p style=\"font-weight: 400;\"><strong>2 Routenoptionen:<\/strong> (jede Strecke wird begleitet)<\/p>\n<ul style=\"font-weight: 400;\">\n<li>ca.18 km oder<\/li>\n<li>ca. 9 km<\/li>\n<li>Alternativ f\u00fcr beide Routen:<br \/>\neinen Teil der Strecke mit dem Fahrgastschiff M\u00f6ve \u00fcber den See abk\u00fcrzen.<\/li>\n<\/ul>\n<p style=\"font-weight: 400;\"><strong>Geplanter Ablauf des Tages:<\/strong><\/p>\n<p style=\"font-weight: 400;\"><strong>Treffen:\u00a0\u00a0\u00a0\u00a0\u00a0\u00a0\u00a0 <\/strong>10:00 Uhr am Parkplatz Kletterwald 45721 Haltern am See,<\/p>\n<p style=\"font-weight: 400;\"><strong>Route:<\/strong>\u00a0\u00a0\u00a0\u00a0\u00a0\u00a0\u00a0\u00a0 gem\u00fctliches Radeln um den Haltern See (9 km) bzw.<br \/>\nauch um den Hullerner Stausee (18 km)<\/p>\n<p style=\"font-weight: 400;\">\u00a0\u00a0\u00a0\u00a0\u00a0\u00a0\u00a0\u00a0\u00a0\u00a0\u00a0\u00a0\u00a0\u00a0\u00a0\u00a0\u00a0\u00a0\u00a0 Pausen werden individuell eingeplant<\/p>\n<p style=\"font-weight: 400;\">\u00a0\u00a0\u00a0\u00a0\u00a0\u00a0\u00a0\u00a0\u00a0\u00a0\u00a0\u00a0\u00a0\u00a0\u00a0\u00a0\u00a0\u00a0\u00a0 gem\u00fctlicher Abschluss mit allen Teilnehmern in Jupp\u2019s Biergarten mit leckerem Essen und Trinken (<a href=\"https:\/\/www.juppamsee.net\/\" data-saferedirecturl=\"https:\/\/www.google.com\/url?q=https:\/\/www.juppamsee.net\/&amp;source=gmail&amp;ust=1713879202235000&amp;usg=AOvVaw0TFjo6NjdnciIMSN3rp6EK\">https:\/\/www.juppamsee.net\/<\/a> )<\/p>\n<p style=\"font-weight: 400;\"><strong>Ende<\/strong> (offiziell): 18:00 Uhr<\/p>\n<p style=\"font-weight: 400;\">Wer mag, kann gern schon einen Tag fr\u00fcher anreisen und erst am Tag danach abreisen. Informationen zu Hotels erhaltet ihr bei Barbara Wenzel-Heyberg.<\/p>\n<p style=\"font-weight: 400;\">Anmeldegeb\u00fchr: 10,- \u20ac<\/p>\n<p style=\"font-weight: 400;\"><strong>Anmeldung bitte an<\/strong>:<\/p>\n<p style=\"font-weight: 400;\">Barbara Wenzel-Heyberg<\/p>\n<p style=\"font-weight: 400;\">Telefon 02268 \u2013 909 42 88 Telefax 02268 \u2013 909 42 87<\/p>\n<p style=\"font-weight: 400;\">Mail: <a href=\"mailto:bwh@contergan-nrw-peer-to-peer.eu\">bwh@contergan-nrw-peer-to-peer.eu<\/a><\/p>\n<p style=\"font-weight: 400;\"><strong><br \/>\nInformation:<br \/>\n<\/strong>Sabine G\u00f6bber<br \/>\nMobil:\u00a0 +49 171-3080816 Tel.: +49 2428-9021470<br \/>\nMail: <a href=\"mailto:s.goebber@contergan-\">s.goebber@contergan-<\/a> <a href=\"http:\/\/nrw-peer-to-peer.eu\/\" data-saferedirecturl=\"https:\/\/www.google.com\/url?q=http:\/\/nrw-peer-to-peer.eu&amp;source=gmail&amp;ust=1713879202235000&amp;usg=AOvVaw2njhUvNyeMbUDP89LaKYty\">nrw-peer-to-peer.eu<\/a><\/p>\n<p style=\"font-weight: 400;\">Interessenverband Contergangesch\u00e4digter<\/p>\n<p style=\"font-weight: 400;\">Nordrhein-Westfalen e.V.<\/p>\n<p style=\"font-weight: 400;\">Hilfswerk f\u00fcr vorgeburtlich Gesch\u00e4digte<\/p>\n<p style=\"font-weight: 400;\">Peer- to-Peer-Beratungsangebot<\/p>\n<p style=\"font-weight: 400;\">Sabine G\u00f6bber<\/p>\n<p style=\"font-weight: 400;\">Diplom-Sozialp\u00e4dagogin<\/p>\n<p style=\"font-weight: 400;\">Krankenschwester<\/p>\n<p style=\"font-weight: 400;\">Ref. f\u00fcr Gesundheits- und Sozialmanagement<\/p>\n<p style=\"font-weight: 400;\">Mobil:\u00a0 +49 171-3080816<\/p>\n<p style=\"font-weight: 400;\">Tel.: \u00a0\u00a0\u00a0\u00a0\u00a0 \u00a0+49 2428-9021470<\/p>\n<p style=\"font-weight: 400;\">Fax:\u00a0\u00a0\u00a0\u00a0\u00a0\u00a0\u00a0 +49 2428-9021480<\/p>\n<p style=\"font-weight: 400;\">Mail:\u00a0\u00a0\u00a0\u00a0\u00a0\u00a0 <a href=\"mailto:s.goebber@contergan-nrw-peer-to-peer.eu\">s.goebber@contergan-nrw-peer-to-peer.eu<\/a><\/p>\n<p style=\"font-weight: 400;\"><a href=\"http:\/\/2026.contergan-nrw.eu\/\" data-saferedirecturl=\"https:\/\/www.google.com\/url?q=http:\/\/2026.contergan-nrw.eu\/&amp;source=gmail&amp;ust=1713879202235000&amp;usg=AOvVaw10pLccTQGvfV9w3ss4GE40\">www.contergan-nrw.eu<\/a><\/p>\n","protected":false},"excerpt":{"rendered":"<p>Ja, wir sind mit dem Radel da\u2026. Tour rund um den Halterner See am 6.6.2024 Geeignet f\u00fcr: nicht motorisierte R\u00e4der sportliche Handbiker Sitz-Segways E-Bikes (Fahrradverleih ist in Haltern am See m\u00f6glich.) 2 Routenoptionen: (jede Strecke wird begleitet) ca.18 km oder ca. 9 km Alternativ f\u00fcr beide Routen: einen Teil der Strecke mit dem Fahrgastschiff M\u00f6ve [&hellip;]<\/p>\n","protected":false},"author":1,"featured_media":12965,"comment_status":"closed","ping_status":"open","sticky":false,"template":"","format":"standard","meta":{"footnotes":""},"categories":[389],"tags":[800,1901,1902],"class_list":["post-12969","post","type-post","status-publish","format-standard","has-post-thumbnail","hentry","category-veranstaltungs-archiv","tag-fahrrad","tag-rad","tag-radtour"],"publishpress_future_action":{"enabled":false,"date":"2026-09-13 16:52:33","action":"change-status","newStatus":"draft","terms":[],"taxonomy":"category","extraData":[]},"publishpress_future_workflow_manual_trigger":{"enabledWorkflows":[]},"_links":{"self":[{"href":"https:\/\/www.contergan-nrw.eu\/index.php?rest_route=\/wp\/v2\/posts\/12969","targetHints":{"allow":["GET"]}}],"collection":[{"href":"https:\/\/www.contergan-nrw.eu\/index.php?rest_route=\/wp\/v2\/posts"}],"about":[{"href":"https:\/\/www.contergan-nrw.eu\/index.php?rest_route=\/wp\/v2\/types\/post"}],"author":[{"embeddable":true,"href":"https:\/\/www.contergan-nrw.eu\/index.php?rest_route=\/wp\/v2\/users\/1"}],"replies":[{"embeddable":true,"href":"https:\/\/www.contergan-nrw.eu\/index.php?rest_route=%2Fwp%2Fv2%2Fcomments&post=12969"}],"version-history":[{"count":3,"href":"https:\/\/www.contergan-nrw.eu\/index.php?rest_route=\/wp\/v2\/posts\/12969\/revisions"}],"predecessor-version":[{"id":12972,"href":"https:\/\/www.contergan-nrw.eu\/index.php?rest_route=\/wp\/v2\/posts\/12969\/revisions\/12972"}],"wp:featuredmedia":[{"embeddable":true,"href":"https:\/\/www.contergan-nrw.eu\/index.php?rest_route=\/wp\/v2\/media\/12965"}],"wp:attachment":[{"href":"https:\/\/www.contergan-nrw.eu\/index.php?rest_route=%2Fwp%2Fv2%2Fmedia&parent=12969"}],"wp:term":[{"taxonomy":"category","embeddable":true,"href":"https:\/\/www.contergan-nrw.eu\/index.php?rest_route=%2Fwp%2Fv2%2Fcategories&post=12969"},{"taxonomy":"post_tag","embeddable":true,"href":"https:\/\/www.contergan-nrw.eu\/index.php?rest_route=%2Fwp%2Fv2%2Ftags&post=12969"}],"curies":[{"name":"wp","href":"https:\/\/api.w.org\/{rel}","templated":true}]}}