{"id":12962,"date":"2024-04-17T17:12:40","date_gmt":"2024-04-17T15:12:40","guid":{"rendered":"https:\/\/www.contergan-nrw.eu\/?p=12962"},"modified":"2025-12-03T21:19:20","modified_gmt":"2025-12-03T20:19:20","slug":"autoboerse-aktuell-einige-gebrauchte-mit-fusslenkung","status":"publish","type":"post","link":"https:\/\/www.contergan-nrw.eu\/?p=12962","title":{"rendered":"Autob\u00f6rse &#8211; aktuell einige Gebrauchte mit Fusslenkung"},"content":{"rendered":"<p>Weitergeleitet vom IV NW e.V.:<\/p>\n<p><a href=\"https:\/\/www.contergan-baden.de\/autoborse\" data-saferedirecturl=\"https:\/\/www.google.com\/url?q=https:\/\/www.contergan-baden.de\/autoborse&amp;source=gmail&amp;ust=1713453043611000&amp;usg=AOvVaw1hwWVmkcMht9hGIjKuGuaU\">https:\/\/www.contergan-baden.de\/autoborse<\/a><\/p>\n<p>In der Aut\u00f6b\u00f6rse gibt es aktuell einige Gebrauchtfahrzeuge mit Fusslenkung!<br \/>\nEinfach mal reinschauen!<br \/>\nBei Bedarf melden!<\/p>\n<p>&nbsp;<\/p>\n<p>Freundliche Gr\u00fc\u00dfe<\/p>\n<p>&nbsp;<\/p>\n<p>Martin Dre\u00dfler<br \/>\n1. Vorsitzender<br \/>\nInteressenverband K\u00f6rpergesch\u00e4digter e.V.<br \/>\nForstgarten 15, 74858 Aglasterhausen<br \/>\nFon 0 62 62\/ 32 06<\/p>\n<p>E-Mail: <a href=\"mailto:info@contergan-baden.de\">info@contergan-baden.de<\/a><\/p>\n<p>homepage: <a href=\"http:\/\/www.contergan-baden.de\/\" data-saferedirecturl=\"https:\/\/www.google.com\/url?q=http:\/\/www.contergan-baden.de\/&amp;source=gmail&amp;ust=1713453043611000&amp;usg=AOvVaw2RFMnUMBpuCnZjIT9hsD39\">www.contergan-baden.de<\/a><\/p>\n<p>Gebrauchtwagenb\u00f6rse f\u00fcr Behinderte<br \/>\nAutob\u00f6rse &#8211; <a href=\"https:\/\/www.contergan-baden.de\/autoborse\" data-saferedirecturl=\"https:\/\/www.google.com\/url?q=https:\/\/www.contergan-baden.de\/autoborse&amp;source=gmail&amp;ust=1713453043611000&amp;usg=AOvVaw1hwWVmkcMht9hGIjKuGuaU\">https:\/\/www.contergan-baden.de\/autoborse<\/a><\/p>\n","protected":false},"excerpt":{"rendered":"<p>Weitergeleitet vom IV NW e.V.: https:\/\/www.contergan-baden.de\/autoborse In der Aut\u00f6b\u00f6rse gibt es aktuell einige Gebrauchtfahrzeuge mit Fusslenkung! Einfach mal reinschauen! Bei Bedarf melden! &nbsp; Freundliche Gr\u00fc\u00dfe &nbsp; Martin Dre\u00dfler 1. Vorsitzender Interessenverband K\u00f6rpergesch\u00e4digter e.V. Forstgarten 15, 74858 Aglasterhausen Fon 0 62 62\/ 32 06 E-Mail: info@contergan-baden.de homepage: www.contergan-baden.de Gebrauchtwagenb\u00f6rse f\u00fcr Behinderte Autob\u00f6rse &#8211; https:\/\/www.contergan-baden.de\/autoborse<\/p>\n","protected":false},"author":1,"featured_media":5687,"comment_status":"closed","ping_status":"open","sticky":false,"template":"","format":"standard","meta":{"footnotes":""},"categories":[76],"tags":[499,1808,1900],"class_list":["post-12962","post","type-post","status-publish","format-standard","has-post-thumbnail","hentry","category-news-archiv","tag-auto","tag-autoboerse","tag-fusslenkung"],"publishpress_future_action":{"enabled":false,"date":"2026-09-13 17:25:14","action":"change-status","newStatus":"draft","terms":[],"taxonomy":"category","extraData":[]},"publishpress_future_workflow_manual_trigger":{"enabledWorkflows":[]},"_links":{"self":[{"href":"https:\/\/www.contergan-nrw.eu\/index.php?rest_route=\/wp\/v2\/posts\/12962","targetHints":{"allow":["GET"]}}],"collection":[{"href":"https:\/\/www.contergan-nrw.eu\/index.php?rest_route=\/wp\/v2\/posts"}],"about":[{"href":"https:\/\/www.contergan-nrw.eu\/index.php?rest_route=\/wp\/v2\/types\/post"}],"author":[{"embeddable":true,"href":"https:\/\/www.contergan-nrw.eu\/index.php?rest_route=\/wp\/v2\/users\/1"}],"replies":[{"embeddable":true,"href":"https:\/\/www.contergan-nrw.eu\/index.php?rest_route=%2Fwp%2Fv2%2Fcomments&post=12962"}],"version-history":[{"count":2,"href":"https:\/\/www.contergan-nrw.eu\/index.php?rest_route=\/wp\/v2\/posts\/12962\/revisions"}],"predecessor-version":[{"id":12964,"href":"https:\/\/www.contergan-nrw.eu\/index.php?rest_route=\/wp\/v2\/posts\/12962\/revisions\/12964"}],"wp:featuredmedia":[{"embeddable":true,"href":"https:\/\/www.contergan-nrw.eu\/index.php?rest_route=\/wp\/v2\/media\/5687"}],"wp:attachment":[{"href":"https:\/\/www.contergan-nrw.eu\/index.php?rest_route=%2Fwp%2Fv2%2Fmedia&parent=12962"}],"wp:term":[{"taxonomy":"category","embeddable":true,"href":"https:\/\/www.contergan-nrw.eu\/index.php?rest_route=%2Fwp%2Fv2%2Fcategories&post=12962"},{"taxonomy":"post_tag","embeddable":true,"href":"https:\/\/www.contergan-nrw.eu\/index.php?rest_route=%2Fwp%2Fv2%2Ftags&post=12962"}],"curies":[{"name":"wp","href":"https:\/\/api.w.org\/{rel}","templated":true}]}}