{"id":12131,"date":"2023-09-10T14:51:38","date_gmt":"2023-09-10T12:51:38","guid":{"rendered":"https:\/\/www.contergan-nrw.eu\/?p=12131"},"modified":"2025-12-03T21:10:23","modified_gmt":"2025-12-03T20:10:23","slug":"dringend-bitte-unbedingt-jetzt-anmelden-meilenstein-60-jahre-bundesverband-contergangeschaedigter-e-v-wir-machen-party-23-24-september-2023-im-koelner-zoo-schon-mehr-als-350-anmeld","status":"publish","type":"post","link":"https:\/\/www.contergan-nrw.eu\/?p=12131","title":{"rendered":"Dringend!!! Bitte unbedingt jetzt anmelden: Meilenstein \u2013 60 Jahre Bundesverband Contergangesch\u00e4digter e.V., Wir machen Party! 23.\/24. September 2023, im K\u00f6lner Zoo-schon mehr als 350 Anmeldungen"},"content":{"rendered":"<p>Hallo zusammen,<\/p>\n<p>nun gehen wir mit gro\u00dfen Schritten auf unseren gro\u00dfen Event im K\u00f6lner Zoo in K\u00f6ln zu.<\/p>\n<p>Inzwischen sind wir mehr als \u00a0fast 400 Teilnehmerinnen und Teilnehmer und haben immer noch Nachfragen, ob man sich noch anmelden kann.<\/p>\n<p>Wir haben zwar einen Anmeldeschluss vom 2. September vorsichtshalber in die Einladung geschrieben, m\u00f6chten allerdings keinen, der gerne kommen m\u00f6chte, ausschlie\u00dfen. Aus diesem Grund schreiben wir Euch jetzt noch einmal.<\/p>\n<p>&nbsp;<\/p>\n<p>Wenn Ihr wollt, k\u00f6nnt Ihr Euch auch \u00a0jetzt noch f\u00fcr die Veranstaltung anmelden und das bitte bei Andrea Engel. Die Adresse und alle Informationen findet Ihr unten in den E-Mails, die wir vorher verschickt haben.<\/p>\n<p>&nbsp;<\/p>\n<p>Die Details zum Ablauf, den R\u00e4umlichkeiten, den Parkm\u00f6glichkeiten etc. werden wir circa eine Woche vor der Veranstaltung versenden.<\/p>\n<p>Wir hoffen, dass Ihr alle einen sch\u00f6nen Sommer erleben konntet und vielleicht sehen wir uns ja schon recht bald auf der Rehacare Messe in D\u00fcsseldorf (Ich bin auf dem Stand in Halle 6 C10) vom 13. bis 16. September oder am 23.09. oder\/und 24.09.23 in K\u00f6ln.<\/p>\n<p>Wir freuen uns<\/p>\n<p>&nbsp;<\/p>\n<p>Udo Herterich<\/p>\n<p>&nbsp;<\/p>\n<p>&nbsp;<\/p>\n<p>Bundesverband Contergangesch\u00e4digter e.V.<\/p>\n<p>&nbsp;<\/p>\n<p>Udo Herterich<\/p>\n<p>Vorsitzender<\/p>\n<p>&nbsp;<\/p>\n<p>Maternusstr. 9<\/p>\n<p>50996 K\u00f6ln<\/p>\n<p>0152 34 34 25 04<\/p>\n<p><a href=\"mailto:udo.herterich@contergan.de\">udo.herterich@contergan.de<\/a><\/p>\n<p><a href=\"http:\/\/www.contergan.de\/\" data-saferedirecturl=\"https:\/\/www.google.com\/url?q=http:\/\/www.contergan.de&amp;source=gmail&amp;ust=1694436592871000&amp;usg=AOvVaw1zI-SOs9FnXFt-IEzw8Kgv\">www.contergan.de<\/a><\/p>\n<p>&nbsp;<\/p>\n<p>&nbsp;<\/p>\n<p>&nbsp;<\/p>\n<p>Hallo zusammen,<\/p>\n<p>wir freuen uns sehr auf unser Jubil\u00e4um im September, denn wir haben viele Anmeldungen von Contergangesch\u00e4digten Menschen, die wir schon lange nicht mehr getroffen haben, und von anderen, mit denen wir uns sehr verbunden f\u00fchlen, die unser aller Weg sehr stark beeinflusst haben und auch von denjenigen, die sich intensiv um unsere Gesundheit heute k\u00fcmmern.<\/p>\n<p>Auch werden einige Eltern dabei sein k\u00f6nnen, auch einige (Protagonisten), die in dem Film \u201eContergan: Die Eltern\u201c von 2003 mitgemacht haben, initiiert und herausgegeben vom Bundesverband und umgesetzt von Andreas Fischer, (der vielleicht auch kommen kann?).<\/p>\n<p>&nbsp;<\/p>\n<p>Auch die Kunstausstellung nimmt Gestalt an.<\/p>\n<p>&nbsp;<\/p>\n<p>Zugesagt haben unter anderem<\/p>\n<p>&#8211; Herr Eberhard Franz, Erfinder des Franz Systems (Fu\u00dflenkung), dessen innovative Erfindung vielen geholfen hat, einen gro\u00dfen Schritt in die \u201e Freiheit \u201c oder \u201eUnabh\u00e4ngigkeit\u201c bzw. Mobilit\u00e4t zu machen.<\/p>\n<p>&nbsp;<\/p>\n<p>&#8211; der Filmemacher und Produzent Herr Michael Souvignier\u00a0von dem zweiteiligen TV Film \u201eeine einzige Tablette\u201c, der eine Initialz\u00fcndung f\u00fcr die gro\u00dfen u.a. finanziellen Verbesserungen \u00a0war;<\/p>\n<p>&nbsp;<\/p>\n<p>&#8211; Herr Prof. Kruse, sicherlich vielen bekannt (s.u.)<\/p>\n<p>Und diverse Kompetenzzentren haben sich angesagt.<\/p>\n<p>&nbsp;<\/p>\n<p>Wir warten noch auf diverse Zusagen, auch von Politikern, die uns im letzten Jahrzehnt begleitet haben. Da es Urlaubszeit ist, kann das aber noch 2-3 Wochen dauern.<\/p>\n<p>&nbsp;<\/p>\n<p>Wenn Ihr kommen wollt und k\u00f6nnt, meldet Euch baldm\u00f6glichst an, da wir inzwischen schon bei 275 Teilnehmer:innen sind und es werden mehr \u2026.<\/p>\n<p>Au\u00dferdem erleichtert uns Eure fr\u00fche Anmeldung die Planung!!!<\/p>\n<p>&nbsp;<\/p>\n<p><strong>Anmeldung:<\/strong><\/p>\n<p>Andrea Engel<\/p>\n<p>Telefon:\u00a0<u>02241 23 57 461<\/u><\/p>\n<p>E-Mail:\u00a0<u><a href=\"mailto:a.engel@contergan-nrw.eu\">a.engel@contergan-nrw.eu<\/a><\/u><\/p>\n<p>&nbsp;<\/p>\n<p>Bitte gebt unbedingt an, ob Ihr an beiden oder nur an einem Tag dabei sein k\u00f6nnt; und wir brauchen Eure kompletten Kontaktdaten (auch der \u00a0Begleiter). Nach der Anmeldung erfahrt Ihr auch die Kontodaten f\u00fcr die \u00dcberweisung der Selbstbeteiligung!<\/p>\n<p>Wir freuen uns, mit Euch allen gemeinsam eine richtig sch\u00f6ne Zeit zu verbringen.<\/p>\n<p>Mit sommerlichen Gr\u00fc\u00dfen<\/p>\n<p>Udo Herterich<\/p>\n<p>Bundesverband Contergangesch\u00e4digter e.V.<\/p>\n<p>Udo Herterich<\/p>\n<p>Vorsitzender<\/p>\n<p><u>Maternusstr. 9<\/u><\/p>\n<p><u>50996 K\u00f6ln<\/u><\/p>\n<p><u><a href=\"http:\/\/www.contergan.de\/\" data-saferedirecturl=\"https:\/\/www.google.com\/url?q=http:\/\/www.contergan.de&amp;source=gmail&amp;ust=1694436592871000&amp;usg=AOvVaw1zI-SOs9FnXFt-IEzw8Kgv\">www.contergan.de<\/a><\/u><\/p>\n<p>&nbsp;<\/p>\n<p>&nbsp;<\/p>\n<p>&nbsp;<\/p>\n<p>Fr\u00fchere Infos:<\/p>\n<p>&nbsp;<\/p>\n<p>&nbsp;<\/p>\n<p>Ein Hallo an alle Interessierte,<\/p>\n<p>die Vorbereitungen f\u00fcr unseren gro\u00dfen Event kommen gut voran.<\/p>\n<p>Ein \u201eElefantenteam\u201c hat sich zusammengefunden, um die Logistik, die Versorgung, die Musik, die Sicherheit, das vorhanden sein, von speziellen Toiletten, ein Rahmenprogramm und vieles mehr f\u00fcr uns m\u00f6glich zu machen.<\/p>\n<p>Wir haben inzwischen die 200- Marke geknackt!!! Toll!<br \/>\nBei den Anmeldungen sind auch Eltern dabei. Und das freut uns ganz besonders, denn sie haben alle daf\u00fcr gesorgt, dass wir sowohl im Verband als auch im Alltag soweit gekommen sind.<br \/>\nAlso, wenn es geht: bringt Eure Eltern mit.<\/p>\n<p>F\u00fcr die Kunstausstellung haben sich schon 6 K\u00fcnstler gemeldet, deren Exponate wir in der Villa Bolinius und im Bauernhaus ausstellen werden.<br \/>\nFalls Ihr auch dabei sein wollt, meldet Euch schnell bei mir, Udo Herterich. (<a href=\"mailto:Udo.Herterich@contergan.de\">Udo.Herterich@contergan.de<\/a>)<\/p>\n<p>Wir hoffen, dass viele unserer Vorg\u00e4nger des Vorstands des Bundesverbandes kommen k\u00f6nnen. Wir alle gemeinsam haben diesen Verband gepr\u00e4gt und das gilt es zu feiern.<\/p>\n<p>Ganz besonders stolz sind wir \u00a0\u00fcber die Zusage von Herrn Professor Dr. Kruse, Emeritus der Universit\u00e4t Heidelberg.<br \/>\nIhm und seinem Team haben wir alle es zu verdanken, dass durch seine Studie in 2012 zu unserer Lebenssituation, endlich unsere Renten um das sechsfache angehoben worden sind. Er kommt auch, weil es ihm wichtig ist, zu und mit uns zu sprechen.<br \/>\nWir freuen uns sehr \u00fcber seine Zusage! So k\u00f6nnen wir alle auch unseren Dank zum Ausdruck bringen!<\/p>\n<p>Und schlie\u00dflich: auf Wunsch mehrerer Kompetenzzentren, haben wir nun die M\u00f6glichkeit er\u00f6ffnet, dass in der Villa Bolinius und im Bauernhaus am Samstagnachmittag die M\u00f6glichkeit gegeben wird, dass sie f\u00fcr Euch f\u00fcr Fragen und Gespr\u00e4che \u00a0zur Verf\u00fcgung stehen.<\/p>\n<p>Das waren kurz die Infos von heute\u2026 bald mehr!<\/p>\n<p>Meldet Euch an, dann wird ein gro\u00dfes Wiedersehen und Kennenlernen!<br \/>\nWer sich anmelden m\u00f6chte:<\/p>\n<p>&nbsp;<\/p>\n<p><strong>Anmeldung:<\/strong><\/p>\n<p>Andrea Engel<\/p>\n<p>Telefon:\u00a0<u>02241 23 57 461<\/u><\/p>\n<p>E-Mail:\u00a0<u><a href=\"mailto:a.engel@contergan-nrw.eu\">a.engel@contergan-nrw.eu<\/a><\/u><\/p>\n<p>&nbsp;<\/p>\n<p>Bitte gebt unbedingt an, ob Ihr an beiden oder nur an einem Tag dabei sein k\u00f6nnt; und wir brauchen Eure kompletten Kontaktdaten (auch der \u00a0Begleiter). Nach der Anmeldung erfahrt Ihr auch die Kontodaten f\u00fcr die \u00dcberweisung der Selbstbeteiligung!<\/p>\n<p>Wir freuen uns sehr darauf, mit Euch allen gemeinsam eine richtig sch\u00f6ne Zeit zu verbringen.<\/p>\n<p>Mit sommerlichen Gr\u00fc\u00dfen<\/p>\n<p>&nbsp;<\/p>\n<p>Udo Herterich<\/p>\n<p>&nbsp;<\/p>\n<p>Bundesverband Contergangesch\u00e4digter e.V.<\/p>\n<p>Udo Herterich<\/p>\n<p>Vorsitzender<\/p>\n<p><u>Maternusstr. 9<\/u><\/p>\n<p><u>50996 K\u00f6ln<\/u><\/p>\n<p><u><a href=\"http:\/\/www.contergan.de\/\" data-saferedirecturl=\"https:\/\/www.google.com\/url?q=http:\/\/www.contergan.de&amp;source=gmail&amp;ust=1694436592871000&amp;usg=AOvVaw1zI-SOs9FnXFt-IEzw8Kgv\">www.contergan.de<\/a><\/u><\/p>\n<p>&nbsp;<\/p>\n<p><strong>Meilenstein\u00a0\u2013 60 Jahre Bundesverband Contergangesch\u00e4digter e.V.<\/strong><\/p>\n<p><strong>Wir machen Party!<\/strong><\/p>\n<p><strong>Am 23. und\u00a0<u>24. September 2023<\/u>, jeweils voraussichtlich\u00a0<u>ab 10:00 Uhr<\/u><\/strong><\/p>\n<p><strong>im K\u00f6lner Zoo,\u00a0<u>Riehler Stra\u00dfe\u00a0173,\u00a050735 K\u00f6ln<\/u><\/strong><\/p>\n<p>Feiere mit!<\/p>\n<p>Der Bundesverband Contergangesch\u00e4digter e.V. l\u00e4dt Dich herzlich ein!<\/p>\n<p>&nbsp;<\/p>\n<p>Wir haben viel Zeit zum \u201eWiedersehen oder Kennenlernen\u201c eingeplant, aber es\u00a0erwartet\u00a0Dich\u00a0auch ein buntes Programm, eine kleine Kunstausstellung, Filmvorf\u00fchrungen (von uns\/\u00fcber uns) in diversen R\u00e4umen, und Samstagabend eine gro\u00dfe Party mit DJ.<\/p>\n<p>Am Sonntag brunchen wir zusammen und werden durch den Zoo gef\u00fchrt. Dabei werden wir nat\u00fcrlich mit \u201eSpeis\u2018 und Trank\u201c verw\u00f6hnt.<\/p>\n<p>&nbsp;<\/p>\n<p>Die Selbstbeteiligung f\u00fcr beide Tage ist insgesamt 60 \u20ac.<\/p>\n<p>&nbsp;<\/p>\n<p>Wir haben Platz f\u00fcr max. 500 G\u00e4ste und hoffen, dass Ihr auch zahlreich die Gelegenheit nutzen k\u00f6nnt und das Miteinander geniesst.<\/p>\n<p>Eine weitere Einladung\u00a0per Email\u00a0mit detailliertem Programm folgt.<\/p>\n<p><u>Dennoch: Die Anmeldung zur Teilnahme ist bereits ab sofort\u00a0bis zum\u00a02. September 2023\u00a0m\u00f6glich!<\/u><\/p>\n<p>&nbsp;<\/p>\n<p><strong>Anmeldung:<\/strong><\/p>\n<p>Andrea Engel<\/p>\n<p>Telefon:\u00a0<u>02241 23 57 461<\/u><\/p>\n<p>E-Mail:\u00a0<u><a href=\"mailto:a.engel@contergan-nrw.eu\">a.engel@contergan-nrw.eu<\/a><\/u><\/p>\n<p>&nbsp;<\/p>\n<p>Bitte gebt unbedingt an, ob Ihr an beiden oder nur an einem Tag dabei sein k\u00f6nnt; und wir brauchen Eure kompletten Kontaktdaten (auch der \u00a0Begleiter). Nach der Anmeldung erfahrt Ihr auch die Kontodaten f\u00fcr die \u00dcberweisung der Selbstbeteiligung!<\/p>\n<p>In den n\u00e4chsten Wochen verhandeln wir noch mit diversen Hotels und werden Euch dann eine Liste schicken mit Hotels, die rollstuhlgerechte Zimmer haben und auch Hotels, die g\u00fcnstigere Preise f\u00fcr uns anbieten. Ein Stellplatz f\u00fcr Wohnmobile ist um die Ecke:\u00a0<a href=\"http:\/\/www.reisemobilhafen-koeln.de\/\" data-saferedirecturl=\"https:\/\/www.google.com\/url?q=http:\/\/www.reisemobilhafen-koeln.de\/&amp;source=gmail&amp;ust=1694436592872000&amp;usg=AOvVaw3ro8DV5QDfSH6VvmWEdKSm\">http:\/\/www.reisemobilhafen-koeln.de\/<\/a><\/p>\n<p>Wer Interesse hat, eigene Kunst auszustellen (Gem\u00e4lde werden auf Staffeleien gestellt), wendet sich bitte direkt per Email an Udo Herterich (<u><a href=\"mailto:udo.herterich@contergan.de\">udo.herterich@contergan.de<\/a><\/u>).<\/p>\n<p><strong>\u00a0<\/strong><\/p>\n<p><strong>f\u00fcr inhaltliche Fragen:<\/strong><\/p>\n<p>Udo Herterich,<\/p>\n<p>Vorsitzender<\/p>\n<p>Bundesverband\u00a0Contergangesch\u00e4digter e.V.<\/p>\n<p>E-Mail:\u00a0<a href=\"mailto:bundesverband@contergan.de\">bundesverband@contergan.de<\/a><\/p>\n<p>Wir freuen uns auf Euch.<\/p>\n<p>Bundesverband Contergangesch\u00e4digter e.V.<\/p>\n<p>Udo Herterich<\/p>\n<p>Vorsitzender<\/p>\n<p><u>Maternusstr. 9<\/u><\/p>\n<p><u>50996 K\u00f6ln<\/u><\/p>\n<p><u><a href=\"http:\/\/www.contergan.de\/\" data-saferedirecturl=\"https:\/\/www.google.com\/url?q=http:\/\/www.contergan.de&amp;source=gmail&amp;ust=1694436592872000&amp;usg=AOvVaw13TxoqkaAL2OD6IvEYH5nN\">www.contergan.de<\/a><\/u><\/p>\n","protected":false},"excerpt":{"rendered":"<p>Hallo zusammen, nun gehen wir mit gro\u00dfen Schritten auf unseren gro\u00dfen Event im K\u00f6lner Zoo in K\u00f6ln zu. Inzwischen sind wir mehr als \u00a0fast 400 Teilnehmerinnen und Teilnehmer und haben immer noch Nachfragen, ob man sich noch anmelden kann. Wir haben zwar einen Anmeldeschluss vom 2. September vorsichtshalber in die Einladung geschrieben, m\u00f6chten allerdings keinen, [&hellip;]<\/p>\n","protected":false},"author":1,"featured_media":5687,"comment_status":"closed","ping_status":"open","sticky":false,"template":"","format":"standard","meta":{"footnotes":""},"categories":[389],"tags":[1847],"class_list":["post-12131","post","type-post","status-publish","format-standard","has-post-thumbnail","hentry","category-veranstaltungs-archiv","tag-feier"],"publishpress_future_action":{"enabled":false,"date":"2026-09-13 18:07:33","action":"change-status","newStatus":"draft","terms":[],"taxonomy":"category","extraData":[]},"publishpress_future_workflow_manual_trigger":{"enabledWorkflows":[]},"_links":{"self":[{"href":"https:\/\/www.contergan-nrw.eu\/index.php?rest_route=\/wp\/v2\/posts\/12131","targetHints":{"allow":["GET"]}}],"collection":[{"href":"https:\/\/www.contergan-nrw.eu\/index.php?rest_route=\/wp\/v2\/posts"}],"about":[{"href":"https:\/\/www.contergan-nrw.eu\/index.php?rest_route=\/wp\/v2\/types\/post"}],"author":[{"embeddable":true,"href":"https:\/\/www.contergan-nrw.eu\/index.php?rest_route=\/wp\/v2\/users\/1"}],"replies":[{"embeddable":true,"href":"https:\/\/www.contergan-nrw.eu\/index.php?rest_route=%2Fwp%2Fv2%2Fcomments&post=12131"}],"version-history":[{"count":2,"href":"https:\/\/www.contergan-nrw.eu\/index.php?rest_route=\/wp\/v2\/posts\/12131\/revisions"}],"predecessor-version":[{"id":12134,"href":"https:\/\/www.contergan-nrw.eu\/index.php?rest_route=\/wp\/v2\/posts\/12131\/revisions\/12134"}],"wp:featuredmedia":[{"embeddable":true,"href":"https:\/\/www.contergan-nrw.eu\/index.php?rest_route=\/wp\/v2\/media\/5687"}],"wp:attachment":[{"href":"https:\/\/www.contergan-nrw.eu\/index.php?rest_route=%2Fwp%2Fv2%2Fmedia&parent=12131"}],"wp:term":[{"taxonomy":"category","embeddable":true,"href":"https:\/\/www.contergan-nrw.eu\/index.php?rest_route=%2Fwp%2Fv2%2Fcategories&post=12131"},{"taxonomy":"post_tag","embeddable":true,"href":"https:\/\/www.contergan-nrw.eu\/index.php?rest_route=%2Fwp%2Fv2%2Ftags&post=12131"}],"curies":[{"name":"wp","href":"https:\/\/api.w.org\/{rel}","templated":true}]}}