{"id":12088,"date":"2023-07-17T16:20:49","date_gmt":"2023-07-17T14:20:49","guid":{"rendered":"https:\/\/www.contergan-nrw.eu\/?p=12088"},"modified":"2025-12-03T21:09:39","modified_gmt":"2025-12-03T20:09:39","slug":"maennergruppe-nun-live-und-in-farbe","status":"publish","type":"post","link":"https:\/\/www.contergan-nrw.eu\/?p=12088","title":{"rendered":"M\u00e4nnergruppe &#8211; nun live und in Farbe"},"content":{"rendered":"<p style=\"font-weight: 400;\">Hallo liebe M\u00e4nner,<br \/>\nes ist in den letzten Monaten etwas ruhiger geworden um die M\u00e4nnergruppe. Das lag daran, dass wir uns nur sporadisch online getroffen haben. Doch nun wollen wir uns in Zukunft pers\u00f6nlich treffen und unsere Themen von Angesicht zu Angesicht zu besprechen.<\/p>\n<p style=\"font-weight: 400;\">Der erste Termin der M\u00e4nnergruppe soll am Samstag, den 19.08.23 ab 17:30 Uhr, in Herne stattfinden. Dort haben wir im Haus Galland (<a href=\"http:\/\/www.haus-galland.de\/3-2\/\" target=\"_blank\" rel=\"noopener\" data-saferedirecturl=\"https:\/\/www.google.com\/url?q=http:\/\/www.haus-galland.de\/3-2\/&amp;source=gmail&amp;ust=1689689460932000&amp;usg=AOvVaw3FZYBmJs-g92KiuPz5ppij\">http:\/\/www.haus-galland.de\/3-2\/<\/a>) einen eigenen Raum f\u00fcr uns, um auch ungest\u00f6rt reden zu k\u00f6nnen. Gleichzeitig werden wir dort wunderbar verk\u00f6stigt und der Verband \u00fcbernimmt die Kosten f\u00fcr das Essen und die Getr\u00e4nke.<\/p>\n<p style=\"font-weight: 400;\">Wer Interesse hat daran teilzunehmen, meldet sich bitte bis 07.08. bei Barbara Wenzel-Heyberg:<\/p>\n<p style=\"font-weight: 400;\">Telefon: 02268\/9094288<\/p>\n<p style=\"font-weight: 400;\">E-Mail:\u00a0 <a href=\"mailto:bwh@contergan-nrw-peer-to-peer.eu\">bwh@contergan-nrw-peer-to-peer.eu<\/a><\/p>\n<p style=\"font-weight: 400;\">Ich kann euch auch passende Hotels in der N\u00e4he nennen, falls das von Interesse sein sollte.<\/p>\n<p style=\"font-weight: 400;\">Gru\u00df Christoph Soppa<\/p>\n<p>Interessenverband Contergangesch\u00e4digter<\/p>\n<p>Nordrhein-Westfalen e.V.<\/p>\n<p>Hilfswerk f\u00fcr vorgeburtlich Gesch\u00e4digte<\/p>\n<p>&nbsp;<\/p>\n<p>&nbsp;<\/p>\n<p>Peer-to-Peer-Beratungsangebot<\/p>\n<p>Koordinator Peer-Support<\/p>\n<p>Wissensch. Rehabilitations-Berater<\/p>\n<p>Christoph Soppa<\/p>\n<p>Tel: 0151 1676 3122<\/p>\n<p>Mail: <a href=\"mailto:c.soppa@contergan-nrw-peer-to-peer.eu\">c.soppa@contergan-nrw-peer-to-peer.eu<\/a><\/p>\n<p>Web: <a href=\"http:\/\/2026.contergan-nrw.eu\/\" data-saferedirecturl=\"https:\/\/www.google.com\/url?q=http:\/\/2026.contergan-nrw.eu\/&amp;source=gmail&amp;ust=1689689460933000&amp;usg=AOvVaw2yTRbig_3kpUq8uw8-vlSj\">http:\/\/2026.contergan-nrw.eu\/<\/a><\/p>\n","protected":false},"excerpt":{"rendered":"<p>Hallo liebe M\u00e4nner, es ist in den letzten Monaten etwas ruhiger geworden um die M\u00e4nnergruppe. Das lag daran, dass wir uns nur sporadisch online getroffen haben. Doch nun wollen wir uns in Zukunft pers\u00f6nlich treffen und unsere Themen von Angesicht zu Angesicht zu besprechen. Der erste Termin der M\u00e4nnergruppe soll am Samstag, den 19.08.23 ab [&hellip;]<\/p>\n","protected":false},"author":1,"featured_media":5687,"comment_status":"closed","ping_status":"open","sticky":false,"template":"","format":"standard","meta":{"footnotes":""},"categories":[389],"tags":[667,668],"class_list":["post-12088","post","type-post","status-publish","format-standard","has-post-thumbnail","hentry","category-veranstaltungs-archiv","tag-maenner","tag-maennergruppe"],"publishpress_future_action":{"enabled":false,"date":"2026-09-13 19:12:58","action":"change-status","newStatus":"draft","terms":[],"taxonomy":"category","extraData":[]},"publishpress_future_workflow_manual_trigger":{"enabledWorkflows":[]},"_links":{"self":[{"href":"https:\/\/www.contergan-nrw.eu\/index.php?rest_route=\/wp\/v2\/posts\/12088","targetHints":{"allow":["GET"]}}],"collection":[{"href":"https:\/\/www.contergan-nrw.eu\/index.php?rest_route=\/wp\/v2\/posts"}],"about":[{"href":"https:\/\/www.contergan-nrw.eu\/index.php?rest_route=\/wp\/v2\/types\/post"}],"author":[{"embeddable":true,"href":"https:\/\/www.contergan-nrw.eu\/index.php?rest_route=\/wp\/v2\/users\/1"}],"replies":[{"embeddable":true,"href":"https:\/\/www.contergan-nrw.eu\/index.php?rest_route=%2Fwp%2Fv2%2Fcomments&post=12088"}],"version-history":[{"count":3,"href":"https:\/\/www.contergan-nrw.eu\/index.php?rest_route=\/wp\/v2\/posts\/12088\/revisions"}],"predecessor-version":[{"id":12090,"href":"https:\/\/www.contergan-nrw.eu\/index.php?rest_route=\/wp\/v2\/posts\/12088\/revisions\/12090"}],"wp:featuredmedia":[{"embeddable":true,"href":"https:\/\/www.contergan-nrw.eu\/index.php?rest_route=\/wp\/v2\/media\/5687"}],"wp:attachment":[{"href":"https:\/\/www.contergan-nrw.eu\/index.php?rest_route=%2Fwp%2Fv2%2Fmedia&parent=12088"}],"wp:term":[{"taxonomy":"category","embeddable":true,"href":"https:\/\/www.contergan-nrw.eu\/index.php?rest_route=%2Fwp%2Fv2%2Fcategories&post=12088"},{"taxonomy":"post_tag","embeddable":true,"href":"https:\/\/www.contergan-nrw.eu\/index.php?rest_route=%2Fwp%2Fv2%2Ftags&post=12088"}],"curies":[{"name":"wp","href":"https:\/\/api.w.org\/{rel}","templated":true}]}}