{"id":12069,"date":"2023-07-07T19:47:58","date_gmt":"2023-07-07T17:47:58","guid":{"rendered":"https:\/\/www.contergan-nrw.eu\/?p=12069"},"modified":"2025-12-03T21:02:27","modified_gmt":"2025-12-03T20:02:27","slug":"info-endlich-haben-die-contergangeschaedigten-spanier-auch-eine-loesung","status":"publish","type":"post","link":"https:\/\/www.contergan-nrw.eu\/?p=12069","title":{"rendered":"Info &#8211; Endlich haben die Contergangesch\u00e4digten Spanier auch eine L\u00f6sung!!!!"},"content":{"rendered":"<p>Hallo zusammen,<\/p>\n<p>heute teile ich euch gerne mit, dass endlich nach Jahre langem Kampf und vielen R\u00fcckschl\u00e4gen und viel Krafteinsatz die Regierung in Spanien eingeknickt ist und die Spanischen Contergangesch\u00e4digten Menschen mit einer Einmalzahlung \u00a0eine Entsch\u00e4digung erhalten.<\/p>\n<p>Sicherlich k\u00f6nnten wir uns alle f\u00fcr unsere Freunde in Spanien mehr w\u00fcnschen, aber es ist ein Meilenstein auf dem Weg, den sie erreicht haben. Nutzt diesen Link!<\/p>\n<table width=\"300\">\n<tbody>\n<tr>\n<td><\/td>\n<\/tr>\n<tr>\n<td>\n<table width=\"300\">\n<tbody>\n<tr>\n<td><strong><a href=\"https:\/\/www.nau.ch\/news\/europa\/endlich-spanische-contergan-opfer-bekommen-hilfe-vom-staat-66536749\" target=\"_blank\" rel=\"noopener\" data-saferedirecturl=\"https:\/\/www.google.com\/url?q=https:\/\/www.nau.ch\/news\/europa\/endlich-spanische-contergan-opfer-bekommen-hilfe-vom-staat-66536749&amp;source=gmail&amp;ust=1688838300868000&amp;usg=AOvVaw0Hh3XFPQeeGhuteUbdob7r\">\u00abEndlich\u00bb: Spanische Contergan-Opfer bekommen Hilfe vom Staat<\/a><\/strong><\/p>\n<p><strong><a href=\"https:\/\/www.nau.ch\/news\/europa\/endlich-spanische-contergan-opfer-bekommen-hilfe-vom-staat-66536749\" data-saferedirecturl=\"https:\/\/www.google.com\/url?q=https:\/\/www.nau.ch\/news\/europa\/endlich-spanische-contergan-opfer-bekommen-hilfe-vom-staat-66536749&amp;source=gmail&amp;ust=1688838300868000&amp;usg=AOvVaw0Hh3XFPQeeGhuteUbdob7r\">nau.ch<\/a><\/strong><\/td>\n<\/tr>\n<\/tbody>\n<\/table>\n<\/td>\n<\/tr>\n<\/tbody>\n<\/table>\n<p>&nbsp;<\/p>\n<p>&nbsp;<\/p>\n<p>Wir freuen uns sehr mit unseren Freunden in Spanien und hoffen, dass die Feststellung der Schwere der Sch\u00e4digung f\u00fcr alle Beteiligten zufriedenstellend ablaufen kann.<\/p>\n<p>Euch noch einen sch\u00f6nen sonnigen Tag.<\/p>\n<p>Udo Herterich<\/p>\n<p>&nbsp;<\/p>\n<p style=\"font-weight: 400;\">&#8212;<\/p>\n<p>Interessenverband Contergangesch\u00e4digter<\/p>\n<p>Nordrhein-Westfalen e.V.<\/p>\n<p>Hilfswerk f\u00fcr vorgeburtlich Gesch\u00e4digte<\/p>\n<p>&nbsp;<\/p>\n<p>Udo Herterich<\/p>\n<ol>\n<li>Vorsitzender<\/li>\n<\/ol>\n<p>&nbsp;<\/p>\n<p>Maternusstr. 9<\/p>\n<p>50996 K\u00f6ln<\/p>\n<p>Telefon 0152 34 34 25 04<\/p>\n<p><a href=\"mailto:herterich@contergan-nrw.eu\">herterich@contergan-nrw.eu<\/a><\/p>\n<p><a href=\"http:\/\/2026.contergan-nrw.eu\/\" data-saferedirecturl=\"https:\/\/www.google.com\/url?q=http:\/\/2026.contergan-nrw.eu&amp;source=gmail&amp;ust=1688838300868000&amp;usg=AOvVaw2a2qmWFIXxMqIIgLijJOiQ\">www.contergan-nrw.eu<\/a><\/p>\n","protected":false},"excerpt":{"rendered":"<p>Hallo zusammen, heute teile ich euch gerne mit, dass endlich nach Jahre langem Kampf und vielen R\u00fcckschl\u00e4gen und viel Krafteinsatz die Regierung in Spanien eingeknickt ist und die Spanischen Contergangesch\u00e4digten Menschen mit einer Einmalzahlung \u00a0eine Entsch\u00e4digung erhalten. Sicherlich k\u00f6nnten wir uns alle f\u00fcr unsere Freunde in Spanien mehr w\u00fcnschen, aber es ist ein Meilenstein auf [&hellip;]<\/p>\n","protected":false},"author":1,"featured_media":5687,"comment_status":"closed","ping_status":"open","sticky":false,"template":"","format":"standard","meta":{"footnotes":""},"categories":[76],"tags":[1857,1858,1856],"class_list":["post-12069","post","type-post","status-publish","format-standard","has-post-thumbnail","hentry","category-news-archiv","tag-einmalzahlung","tag-entschaedigung","tag-spanien"],"publishpress_future_action":{"enabled":false,"date":"2026-09-13 19:48:32","action":"change-status","newStatus":"draft","terms":[],"taxonomy":"category","extraData":[]},"publishpress_future_workflow_manual_trigger":{"enabledWorkflows":[]},"_links":{"self":[{"href":"https:\/\/www.contergan-nrw.eu\/index.php?rest_route=\/wp\/v2\/posts\/12069","targetHints":{"allow":["GET"]}}],"collection":[{"href":"https:\/\/www.contergan-nrw.eu\/index.php?rest_route=\/wp\/v2\/posts"}],"about":[{"href":"https:\/\/www.contergan-nrw.eu\/index.php?rest_route=\/wp\/v2\/types\/post"}],"author":[{"embeddable":true,"href":"https:\/\/www.contergan-nrw.eu\/index.php?rest_route=\/wp\/v2\/users\/1"}],"replies":[{"embeddable":true,"href":"https:\/\/www.contergan-nrw.eu\/index.php?rest_route=%2Fwp%2Fv2%2Fcomments&post=12069"}],"version-history":[{"count":3,"href":"https:\/\/www.contergan-nrw.eu\/index.php?rest_route=\/wp\/v2\/posts\/12069\/revisions"}],"predecessor-version":[{"id":12071,"href":"https:\/\/www.contergan-nrw.eu\/index.php?rest_route=\/wp\/v2\/posts\/12069\/revisions\/12071"}],"wp:featuredmedia":[{"embeddable":true,"href":"https:\/\/www.contergan-nrw.eu\/index.php?rest_route=\/wp\/v2\/media\/5687"}],"wp:attachment":[{"href":"https:\/\/www.contergan-nrw.eu\/index.php?rest_route=%2Fwp%2Fv2%2Fmedia&parent=12069"}],"wp:term":[{"taxonomy":"category","embeddable":true,"href":"https:\/\/www.contergan-nrw.eu\/index.php?rest_route=%2Fwp%2Fv2%2Fcategories&post=12069"},{"taxonomy":"post_tag","embeddable":true,"href":"https:\/\/www.contergan-nrw.eu\/index.php?rest_route=%2Fwp%2Fv2%2Ftags&post=12069"}],"curies":[{"name":"wp","href":"https:\/\/api.w.org\/{rel}","templated":true}]}}