{"id":12019,"date":"2023-06-18T18:53:54","date_gmt":"2023-06-18T16:53:54","guid":{"rendered":"https:\/\/www.contergan-nrw.eu\/?p=12019"},"modified":"2025-12-03T21:43:16","modified_gmt":"2025-12-03T20:43:16","slug":"12019","status":"publish","type":"post","link":"https:\/\/www.contergan-nrw.eu\/?p=12019","title":{"rendered":"Bundesverband Contergangesch\u00e4digter e.V. &#8211; Einladung zum 60j\u00e4hrigen Jubil\u00e4um 23.\/24.09.23"},"content":{"rendered":"<p><strong><em>Der Countdown l\u00e4uft:\u00a0<\/em><\/strong><\/p>\n<p>Das gro\u00dfe Fest, zu dem wir bis zu 500 Menschen erwarten und einladen k\u00f6nnen, nimmt langsam Gestalt an.<\/p>\n<p>&nbsp;<\/p>\n<p>Die Einladungskarten sind \u00a0im Druck, das Programm bekommt Kontur\u2026<\/p>\n<p>Gerne k\u00f6nnen die K\u00fcnstler*innen unter uns sich noch melden, um bei der Kunstausstellung dabei sein zu k\u00f6nnen. Wir pr\u00e4sentieren die Werke auf Staffeleien.<\/p>\n<p>&nbsp;<\/p>\n<p>Wir konnten Frau Wieseler vom WDR als Moderatorin gewinnen.<\/p>\n<p>&nbsp;<\/p>\n<p>Anbei schon einmal ein vorl\u00e4ufiges Programm, das st\u00e4ndig aktualisiert wird. Wir halten Euch auf dem Laufenden.<\/p>\n<p>&nbsp;<\/p>\n<p>Der Selbstkostenpreis f\u00fcr beide Tage ist 60\u20ac.<\/p>\n<p>Diese sind nach der Anmeldung bei Andrea Engel zu \u00fcberweisen. Andrea Engel gibt Euch die Kontodaten dann bekannt.<\/p>\n<p><strong>Anmeldung auch jetzt schon m\u00f6glich bei:\u00a0<\/strong><\/p>\n<p>&nbsp;<\/p>\n<p>Andrea Engel<\/p>\n<p>Telefon: 02241 23 57 461<\/p>\n<p>E-Mail: <a href=\"mailto:a.engel@contergan-nrw.eu\">a.engel@contergan-nrw.eu<\/a><\/p>\n<p>&nbsp;<\/p>\n<p>&nbsp;<\/p>\n<p>Hier h\u00e4ngt auch eine Liste mit Hotels in K\u00f6ln an, die auch barrierefreie Zimmer haben. Bitte bucht Euch eigenst\u00e4ndig auf Eure Kosten ein. Wenn es Schwierigkeiten dabei gibt, sind Andrea Engel und Kolleginnen gerne bereit, Euch zu unterst\u00fctzen.<\/p>\n<p>&nbsp;<\/p>\n<p>Und nun die (vorl\u00e4ufige) Einladung:<\/p>\n<p>&nbsp;<\/p>\n<p>Hallo zusammen!<\/p>\n<p>&nbsp;<\/p>\n<p>Der Bundesverband Contergangesch\u00e4digter e. V. wird in diesem Jahr 60 Jahre alt. Das Engagement unserer Eltern, unserer Angeh\u00f6rigen und unser eigenes\u00a0Durchhalteverm\u00f6gen m\u00f6chten wir\u00a0gern zusammen mit Euch\u00a0feiern.<\/p>\n<p>&nbsp;<\/p>\n<p>Wir laden Dich herzlich ein\u00a0zum Fest \u201eMeilensteine\u201c, am 23. und 24. September 2023, in den K\u00f6lner Zoo. Das Programm wird regelm\u00e4\u00dfig aktualisiert\u00a0auf der Website des Bundesverbands Contergangesch\u00e4diger e.\u00a0V.\u00a0in K\u00fcrze zu finden\u00a0unter:\u00a0<a href=\"https:\/\/www.contergan.de\/\" data-saferedirecturl=\"https:\/\/www.google.com\/url?q=https:\/\/www.contergan.de&amp;source=gmail&amp;ust=1687193059234000&amp;usg=AOvVaw3-tI5rxcl4_i3egntCpZhm\">https:\/\/www.contergan.de<\/a>.<\/p>\n<p>&nbsp;<\/p>\n<p>Wir freuen uns sehr auf ein Wiedersehen!<\/p>\n<p>&nbsp;<\/p>\n<p>Liebe Gr\u00fc\u00dfe<\/p>\n<p>Udo Herterich<\/p>\n<p>&nbsp;<\/p>\n<p>&#8212;<\/p>\n<p>Bundesverband Contergangesch\u00e4digter e.\u00a0V.<\/p>\n<p>Udo Herterich\u00a0(Vorsitzender)<\/p>\n<p>Maternusstra\u00dfe 9<\/p>\n<p>50996 K\u00f6ln<\/p>\n<p>Mobil: 0152. 34 34 25 04<\/p>\n<p><a href=\"mailto:udo.herterich@contergan.de\">udo.herterich@contergan.de<\/a><\/p>\n<p><a href=\"http:\/\/www.contergan.de\/\" data-saferedirecturl=\"https:\/\/www.google.com\/url?q=http:\/\/www.contergan.de\/&amp;source=gmail&amp;ust=1687193059235000&amp;usg=AOvVaw2OKSvpFMQ06fNSJgo7QTeN\">www.contergan.de<\/a><\/p>\n<p>&nbsp;<\/p>\n<p>&nbsp;<\/p>\n<p><strong>Vorl\u00e4ufiges PROGRAMM -\u00c4nderungen m\u00f6glich\u00a0<\/strong><\/p>\n<p>&nbsp;<\/p>\n<p>MEILENSTEINE<\/p>\n<p>60 JAHRE BUNDESVERBAND CONTERGANGESCH\u00c4DIGTER E. V.<\/p>\n<p>&nbsp;<\/p>\n<p>&nbsp;<\/p>\n<ol start=\"23\">\n<li>September 2023<\/li>\n<\/ol>\n<p>&nbsp;<\/p>\n<p>10:30 Uhr bis 13:00 Uhr<\/p>\n<p>Ort: Nashornwiese im K\u00f6lner Zoo, Eingang: Riehler Stra\u00dfe<\/p>\n<p>&nbsp;<\/p>\n<p>10:30 Uhr Empfang<\/p>\n<p>&nbsp;<\/p>\n<p>Musik zum Empfang<\/p>\n<p>&nbsp;<\/p>\n<p>11:10 Uhr Gru\u00dfworte<\/p>\n<p>Udo Herterich (Vorsitzender des Bundesverbands Contergangesch\u00e4diger e. V.)<\/p>\n<p>Theo Pagel (Direktor des K\u00f6lner Zoos)<\/p>\n<ol>\n<li>N. (B\u00fcrgermeister*in der Stadt K\u00f6ln)<\/li>\n<\/ol>\n<p>&nbsp;<\/p>\n<p>11:30 Uhr Retrospektive: Meilensteine der Geschichte<\/p>\n<p>Talkrunde zu den vergangenen 60 Jahren Bundesverband Contergangesch\u00e4digter e. V.<\/p>\n<p>&nbsp;<\/p>\n<p>12:00 Uhr Tatsachen: B\u00fcrgerschaftliches Engagement als Pionierarbeit<\/p>\n<p>Lob und Dank an Akteur*innen und Wegbegleiter*innen<\/p>\n<p>&nbsp;<\/p>\n<p>12:15 Uhr Im Hier und Jetzt: Das Leben mit Contergansch\u00e4digung<\/p>\n<p>Die Situation heute<\/p>\n<p>&nbsp;<\/p>\n<p>12:35 Uhr Perspektiven: Blick in die Zukunft<\/p>\n<p>&nbsp;<\/p>\n<p>12:55 Uhr Abschlussworte<\/p>\n<p>Udo Herterich (Vorsitzender des Bundesverbands Contergangesch\u00e4digter e. V.)<\/p>\n<p>&nbsp;<\/p>\n<p>Musikalischer Ausklang<\/p>\n<p>&nbsp;<\/p>\n<p>13:00 Uhr Mittagsb\u00fcfett<\/p>\n<p>&nbsp;<\/p>\n<p>Moderation: Susanne Wieseler (TV-Journalistin)<\/p>\n<p>&nbsp;<\/p>\n<p><strong>Rahmenprogramm\u00a0<\/strong><\/p>\n<p><strong>siehe unten\u00a0<\/strong><\/p>\n<p><strong>und Zeit f\u00fcreinander oder zum Ausruhen\/Entspannen<\/strong><\/p>\n<p>&nbsp;<\/p>\n<p>Abendprogramm<\/p>\n<p>&nbsp;<\/p>\n<ol start=\"23\">\n<li>September<\/li>\n<\/ol>\n<p>18:30 bis 1:00 Uhr<\/p>\n<p>&nbsp;<\/p>\n<p>Ort: Zoo Zelt, K\u00f6lner Zoo, Eingang: Alter Stammheimer Weg<\/p>\n<p>&nbsp;<\/p>\n<p>18:30 Uhr Einlass<\/p>\n<p>&nbsp;<\/p>\n<p>19:00 Uhr Begr\u00fc\u00dfungsworte<\/p>\n<p>Udo Herterich (Vorsitzender des Bundesverbands Contergangesch\u00e4digter)<\/p>\n<p>&nbsp;<\/p>\n<p>19:10 Uhr Big Five op K\u00f6lsch<\/p>\n<p>&nbsp;<\/p>\n<p>20:00 Uhr B\u00fcfett und Party mit DJ<\/p>\n<p>&nbsp;<\/p>\n<p>&nbsp;<\/p>\n<ol start=\"24\">\n<li>September 2023<\/li>\n<\/ol>\n<p>&nbsp;<\/p>\n<p>10:00 Uhr<\/p>\n<p>Ort: Nashornwiese im K\u00f6lner Zoo<\/p>\n<p>&nbsp;<\/p>\n<p>Brunch und F\u00fchrungen durch den Zoo<\/p>\n<p>&nbsp;<\/p>\n<p><strong>Mit viel Zeit f\u00fcr Begegnung und Gespr\u00e4che \u00a0<\/strong><\/p>\n<p>&nbsp;<\/p>\n<p>RAHMENPROGRAMM<\/p>\n<p>&nbsp;<\/p>\n<ol start=\"23\">\n<li>September 2023<\/li>\n<\/ol>\n<p>&nbsp;<\/p>\n<p>ab 9:00 Einlass<\/p>\n<p>&nbsp;<\/p>\n<p>13:00 bis 18:00 Uhr<\/p>\n<p>&nbsp;<\/p>\n<p>Kunstausstellung<\/p>\n<p>Arbeiten der Malerei<\/p>\n<p>&nbsp;<\/p>\n<p>Kino: Vorf\u00fchrung vieler z.B.- Tv Ver\u00f6ffentlichungen \u00a0der letzten 50 Jahre<\/p>\n<p>(Wer noch Filme hat, gerne Bescheid geben)<\/p>\n<p>&nbsp;<\/p>\n<p>Ort: Villa Bodinius<\/p>\n<p>&nbsp;<\/p>\n<p>&nbsp;<\/p>\n<p>Kino: Vorf\u00fchrung verschiedener TV-Ver\u00f6ffentlichungen in Dauerschleife, unter anderem \u201eContergan: Die Eltern\u201c von Andreas Fischer, \u201eArme, Beine. Ich hab keine. Du hast zwei, und ich bin frei\u201c, eine WDR-Produktion und \u201eStimmen gegen das Vergessen\u201c von Rainer Jagusch<\/p>\n<p>&nbsp;<\/p>\n<p>Ort: Bauernstube<\/p>\n<p>&nbsp;<\/p>\n<p><a href=\"http:\/\/2026.contergan-nrw.eu\/wp-content\/uploads\/2023\/06\/hotelliste623.docx\" target=\"_blank\" rel=\"noopener\">hotelliste623<\/a><\/p>\n<p><a href=\"http:\/\/2026.contergan-nrw.eu\/wp-content\/uploads\/2023\/06\/Hotel-Info-Zoo-Event.docx\" target=\"_blank\" rel=\"noopener\">Hotel Info Zoo Event<\/a><\/p>\n","protected":false},"excerpt":{"rendered":"<p>Der Countdown l\u00e4uft:\u00a0 Das gro\u00dfe Fest, zu dem wir bis zu 500 Menschen erwarten und einladen k\u00f6nnen, nimmt langsam Gestalt an. &nbsp; Die Einladungskarten sind \u00a0im Druck, das Programm bekommt Kontur\u2026 Gerne k\u00f6nnen die K\u00fcnstler*innen unter uns sich noch melden, um bei der Kunstausstellung dabei sein zu k\u00f6nnen. Wir pr\u00e4sentieren die Werke auf Staffeleien. &nbsp; [&hellip;]<\/p>\n","protected":false},"author":1,"featured_media":5687,"comment_status":"closed","ping_status":"open","sticky":false,"template":"","format":"standard","meta":{"footnotes":""},"categories":[76],"tags":[1846,1847,1845],"class_list":["post-12019","post","type-post","status-publish","format-standard","has-post-thumbnail","hentry","category-news-archiv","tag-60-jahre","tag-feier","tag-jubilaeum"],"publishpress_future_action":{"enabled":false,"date":"2026-09-13 16:52:47","action":"change-status","newStatus":"draft","terms":[],"taxonomy":"category","extraData":[]},"publishpress_future_workflow_manual_trigger":{"enabledWorkflows":[]},"_links":{"self":[{"href":"https:\/\/www.contergan-nrw.eu\/index.php?rest_route=\/wp\/v2\/posts\/12019","targetHints":{"allow":["GET"]}}],"collection":[{"href":"https:\/\/www.contergan-nrw.eu\/index.php?rest_route=\/wp\/v2\/posts"}],"about":[{"href":"https:\/\/www.contergan-nrw.eu\/index.php?rest_route=\/wp\/v2\/types\/post"}],"author":[{"embeddable":true,"href":"https:\/\/www.contergan-nrw.eu\/index.php?rest_route=\/wp\/v2\/users\/1"}],"replies":[{"embeddable":true,"href":"https:\/\/www.contergan-nrw.eu\/index.php?rest_route=%2Fwp%2Fv2%2Fcomments&post=12019"}],"version-history":[{"count":3,"href":"https:\/\/www.contergan-nrw.eu\/index.php?rest_route=\/wp\/v2\/posts\/12019\/revisions"}],"predecessor-version":[{"id":13932,"href":"https:\/\/www.contergan-nrw.eu\/index.php?rest_route=\/wp\/v2\/posts\/12019\/revisions\/13932"}],"wp:featuredmedia":[{"embeddable":true,"href":"https:\/\/www.contergan-nrw.eu\/index.php?rest_route=\/wp\/v2\/media\/5687"}],"wp:attachment":[{"href":"https:\/\/www.contergan-nrw.eu\/index.php?rest_route=%2Fwp%2Fv2%2Fmedia&parent=12019"}],"wp:term":[{"taxonomy":"category","embeddable":true,"href":"https:\/\/www.contergan-nrw.eu\/index.php?rest_route=%2Fwp%2Fv2%2Fcategories&post=12019"},{"taxonomy":"post_tag","embeddable":true,"href":"https:\/\/www.contergan-nrw.eu\/index.php?rest_route=%2Fwp%2Fv2%2Ftags&post=12019"}],"curies":[{"name":"wp","href":"https:\/\/api.w.org\/{rel}","templated":true}]}}