{"id":12011,"date":"2023-06-13T17:00:03","date_gmt":"2023-06-13T15:00:03","guid":{"rendered":"https:\/\/www.contergan-nrw.eu\/?p=12011"},"modified":"2025-12-03T21:02:49","modified_gmt":"2025-12-03T20:02:49","slug":"einladung-kurzurlaub-entspannung-fuer-seele-geist-und-koerper","status":"publish","type":"post","link":"https:\/\/www.contergan-nrw.eu\/?p=12011","title":{"rendered":"Einladung Kurzurlaub: Entspannung f\u00fcr Seele , Geist und K\u00f6rper"},"content":{"rendered":"<p style=\"font-weight: 400; text-align: center;\"><em>Urlaub f\u00fcr K\u00f6rper, Geist und Seele<\/em><\/p>\n<p style=\"font-weight: 400; text-align: center;\"><em>Lasst Euch ein <\/em><\/p>\n<p style=\"font-weight: 400; text-align: center;\"><em>auf Entspannung f\u00fcr den K\u00f6rper, <\/em><\/p>\n<p style=\"font-weight: 400; text-align: center;\"><em>Erholung f\u00fcr die Seele <\/em><\/p>\n<p style=\"font-weight: 400; text-align: center;\"><em>und Wellness f\u00fcr den Geist.<\/em><\/p>\n<p>&nbsp;<\/p>\n<p style=\"font-weight: 400;\"><em>Herzliche Einladung zu unserem zweiten Kurzurlaub. Diesmal im wundersch\u00f6nen Bonn am Rhein.<\/em><\/p>\n<p style=\"font-weight: 400;\"><em>Zusammen mit unserer Yoga-Trainerin Sabine Thoma werden wir uns mit einfachen K\u00f6rper\u00fcbungen aus dem Yoga und Pilates vom Alltag entspannen.<\/em><\/p>\n<p style=\"font-weight: 400;\"><em>Wieder bietet Sabine auch Einzelbehandlungen, z. B. Massagen an. Die Terminierung dazu erfolgt vor Ort.<\/em><\/p>\n<p style=\"font-weight: 400;\"><em>Neben Yolates und Meditation besteht die M\u00f6glichkeit, an verschiedenen kulturellen Angeboten, Ausfl\u00fcgen und anderen Aktivit\u00e4ten teilzunehmen.<br \/>\nSelbstverst\u00e4ndlich bekommt auch das Nichtstun, allein oder gemeinschaftlich, einen Raum.<\/em><\/p>\n<p style=\"font-weight: 400;\"><em>Wir m\u00f6chten gern das GOP- Variet\u00e9 Theater zusammen besuchen. Bei Interesse bitte bis 23.06.2023 melden.<\/em><\/p>\n<p style=\"font-weight: 400;\"><strong>Wann:\u00a0\u00a0\u00a0\u00a0\u00a0\u00a0\u00a0\u00a0\u00a0 9.August. 2023<\/strong>, 18:00 Uhr (Anreise m\u00f6glich ab 16:00 Uhr)<br \/>\nbis<br \/>\n<strong>14.August 2023<\/strong>, nach dem Fr\u00fchst\u00fcck<\/p>\n<p>&nbsp;<\/p>\n<p><img loading=\"lazy\" decoding=\"async\" class=\"aligncenter size-full wp-image-12012\" src=\"http:\/\/2026.contergan-nrw.eu\/wp-content\/uploads\/2023\/06\/image001-6.jpg\" alt=\"\" width=\"412\" height=\"568\" srcset=\"https:\/\/www.contergan-nrw.eu\/wp-content\/uploads\/2023\/06\/image001-6.jpg 412w, https:\/\/www.contergan-nrw.eu\/wp-content\/uploads\/2023\/06\/image001-6-218x300.jpg 218w\" sizes=\"auto, (max-width: 412px) 100vw, 412px\" \/><\/p>\n<p style=\"font-weight: 400;\"><strong>Wo:<\/strong> \u00a0\u00a0\u00a0 \u00a0\u00a0\u00a0\u00a0\u00a0\u00a0\u00a0\u00a0\u00a0\u00a0\u00a0 Marriott Hotel Bonn<br \/>\nPlatz der Vereinten Nationen 4<br \/>\n53113 Bonn<br \/>\n0228\/280 500<\/p>\n<p style=\"font-weight: 400;\"><strong>Teilnehmerbetrag 1<\/strong><strong>50,-\u20ac\/ pro Person<\/strong><\/p>\n<p style=\"font-weight: 400;\"><strong>Falls der Besuch des GOP- Variete gew\u00fcnscht ist, <\/strong><\/p>\n<p style=\"font-weight: 400;\"><strong>betr\u00e4gt der Teilnehmerbetrag 180,-\u20ac.<\/strong><\/p>\n<p style=\"font-weight: 400;\"><strong>Begrenzte Teilnehmerzahl, Teilnahme nach Anmeldeeingang<\/strong><\/p>\n<p style=\"font-weight: 400;\"><strong>Anmeldeschlu\u00df 20.07.2023<\/strong><\/p>\n<p style=\"font-weight: 400;\"><strong>\u00a0<\/strong><\/p>\n<p style=\"font-weight: 400;\"><strong>\u00a0<\/strong><\/p>\n<p style=\"font-weight: 400;\"><strong>Anmeldung bitte an<\/strong>:<\/p>\n<p style=\"font-weight: 400;\">Barbara Wenzel-Heyberg<\/p>\n<p style=\"font-weight: 400;\">Telefon 02268 \u2013 909 42 88<br \/>\nTelefax 02268 \u2013 909 42 87<\/p>\n<p style=\"font-weight: 400;\">Mail: <a href=\"mailto:bwh@contergan-nrw-peer-to-peer.eu\">bwh@contergan-nrw-peer-to-peer.eu<\/a><\/p>\n<p style=\"font-weight: 400;\"><em>\u00a0<\/em><\/p>\n<p style=\"font-weight: 400;\"><strong>Informationen: <\/strong><\/p>\n<p style=\"font-weight: 400;\">Sabine G\u00f6bber<br \/>\nMobil:\u00a0 +49 171-3080816<br \/>\nTel.: \u00a0\u00a0\u00a0\u00a0\u00a0 \u00a0+49 2428-9021470<br \/>\nMail: <a href=\"mailto:s.goebber@contergan-\">s.goebber@contergan-<\/a> <a href=\"http:\/\/nrw-peer-to-peer.eu\/\" data-saferedirecturl=\"https:\/\/www.google.com\/url?q=http:\/\/nrw-peer-to-peer.eu&amp;source=gmail&amp;ust=1686754520150000&amp;usg=AOvVaw1-32khTT51BNX4PDnxfexe\">nrw-peer-to-peer.eu<\/a><\/p>\n<p style=\"font-weight: 400;\"><em>\u00a0<\/em><\/p>\n<p style=\"font-weight: 400;\"><em>\u00a0<\/em><\/p>\n<p style=\"font-weight: 400;\">Interessenverband Contergangesch\u00e4digter<\/p>\n<p style=\"font-weight: 400;\">Nordrhein-Westfalen e.V.<\/p>\n<p style=\"font-weight: 400;\">Hilfswerk f\u00fcr vorgeburtlich Gesch\u00e4digte<\/p>\n<p style=\"font-weight: 400;\">Peer- to-Peer-Beratungsangebot<\/p>\n<p style=\"font-weight: 400;\">Sabine G\u00f6bber<\/p>\n<p style=\"font-weight: 400;\">Diplom-Sozialp\u00e4dagogin<\/p>\n<p style=\"font-weight: 400;\">Krankenschwester<\/p>\n<p style=\"font-weight: 400;\">Ref. f\u00fcr Gesundheits- und Sozialmanagement<\/p>\n<p style=\"font-weight: 400;\">Mobil:\u00a0 +49 171-3080816<\/p>\n<p style=\"font-weight: 400;\">Tel.: \u00a0\u00a0\u00a0\u00a0\u00a0 \u00a0+49 2428-9021470<\/p>\n<p style=\"font-weight: 400;\">Fax:\u00a0\u00a0\u00a0\u00a0\u00a0\u00a0\u00a0 +49 2428-9021480<\/p>\n<p style=\"font-weight: 400;\">Mail:\u00a0\u00a0\u00a0\u00a0\u00a0\u00a0 <a href=\"mailto:s.goebber@contergan-nrw-peer-to-peer.eu\">s.goebber@contergan-nrw-peer-to-peer.eu<\/a><\/p>\n<p style=\"font-weight: 400;\">\n","protected":false},"excerpt":{"rendered":"<p>Urlaub f\u00fcr K\u00f6rper, Geist und Seele Lasst Euch ein auf Entspannung f\u00fcr den K\u00f6rper, Erholung f\u00fcr die Seele und Wellness f\u00fcr den Geist. &nbsp; Herzliche Einladung zu unserem zweiten Kurzurlaub. Diesmal im wundersch\u00f6nen Bonn am Rhein. Zusammen mit unserer Yoga-Trainerin Sabine Thoma werden wir uns mit einfachen K\u00f6rper\u00fcbungen aus dem Yoga und Pilates vom Alltag [&hellip;]<\/p>\n","protected":false},"author":1,"featured_media":5687,"comment_status":"closed","ping_status":"open","sticky":false,"template":"","format":"standard","meta":{"footnotes":""},"categories":[389],"tags":[535,1844,1260,510,1472],"class_list":["post-12011","post","type-post","status-publish","format-standard","has-post-thumbnail","hentry","category-veranstaltungs-archiv","tag-bonn","tag-kurzurlaub","tag-meditation","tag-urlaub","tag-yolates"],"publishpress_future_action":{"enabled":false,"date":"2026-09-13 16:13:40","action":"change-status","newStatus":"draft","terms":[],"taxonomy":"category","extraData":[]},"publishpress_future_workflow_manual_trigger":{"enabledWorkflows":[]},"_links":{"self":[{"href":"https:\/\/www.contergan-nrw.eu\/index.php?rest_route=\/wp\/v2\/posts\/12011","targetHints":{"allow":["GET"]}}],"collection":[{"href":"https:\/\/www.contergan-nrw.eu\/index.php?rest_route=\/wp\/v2\/posts"}],"about":[{"href":"https:\/\/www.contergan-nrw.eu\/index.php?rest_route=\/wp\/v2\/types\/post"}],"author":[{"embeddable":true,"href":"https:\/\/www.contergan-nrw.eu\/index.php?rest_route=\/wp\/v2\/users\/1"}],"replies":[{"embeddable":true,"href":"https:\/\/www.contergan-nrw.eu\/index.php?rest_route=%2Fwp%2Fv2%2Fcomments&post=12011"}],"version-history":[{"count":3,"href":"https:\/\/www.contergan-nrw.eu\/index.php?rest_route=\/wp\/v2\/posts\/12011\/revisions"}],"predecessor-version":[{"id":12014,"href":"https:\/\/www.contergan-nrw.eu\/index.php?rest_route=\/wp\/v2\/posts\/12011\/revisions\/12014"}],"wp:featuredmedia":[{"embeddable":true,"href":"https:\/\/www.contergan-nrw.eu\/index.php?rest_route=\/wp\/v2\/media\/5687"}],"wp:attachment":[{"href":"https:\/\/www.contergan-nrw.eu\/index.php?rest_route=%2Fwp%2Fv2%2Fmedia&parent=12011"}],"wp:term":[{"taxonomy":"category","embeddable":true,"href":"https:\/\/www.contergan-nrw.eu\/index.php?rest_route=%2Fwp%2Fv2%2Fcategories&post=12011"},{"taxonomy":"post_tag","embeddable":true,"href":"https:\/\/www.contergan-nrw.eu\/index.php?rest_route=%2Fwp%2Fv2%2Ftags&post=12011"}],"curies":[{"name":"wp","href":"https:\/\/api.w.org\/{rel}","templated":true}]}}