{"id":11899,"date":"2023-03-04T12:32:11","date_gmt":"2023-03-04T11:32:11","guid":{"rendered":"https:\/\/www.contergan-nrw.eu\/?p=11899"},"modified":"2025-12-03T20:58:51","modified_gmt":"2025-12-03T19:58:51","slug":"besuch-der-ausstellung-monet-rebell-und-genie-am-28-3-23","status":"publish","type":"post","link":"https:\/\/www.contergan-nrw.eu\/?p=11899","title":{"rendered":"Besuch der Ausstellung \u201eMonet-Rebell und Genie\u201c am 28.3.23"},"content":{"rendered":"<p>Hallo zusammen,<\/p>\n<p>gerne wollten wir (Udo, Claudia und Thomas Stein) noch in diesem Fr\u00fchjahr mit Euch die Monet-Ausstellung in Wuppertal besuchen.<br \/>\nAber der Andrang ist sehr gro\u00df und wir haben bef\u00fcrchtet, dass wir das nicht mehr hinkriegen!<\/p>\n<p>Und heute hat es tats\u00e4chlich doch geklappt!!!<\/p>\n<p>\u00b7 Wir k\u00f6nnen gemeinsam nach Wuppertal ins Visiodrom gehen, die Monet -Ausstellung exklusiv mit F\u00fchrung genie\u00dfen, ein Angebot \u201eMalen wie Monet\u201c vor Ort wahrnehmen und schlie\u00dflich gemeinsam etwas essen dort(Pizzeria).<\/p>\n<p>Klingt das nicht toll?<\/p>\n<p>Wir besuchen das Visiodrom an einem Tag, an dem es nicht f\u00fcr alle ge\u00f6ffnet hat, sondern nur f\u00fcr gebuchte Gruppen von mindestens 20 Teilnehmern.<\/p>\n<p>Der Termin: 28. M\u00e4rz 2023<br \/>\nwo: Wuppertal, Gaskessel Wuppertal:Mohrestr. 3, 42289 Wuppertal<\/p>\n<p>Wir treffen uns alle vor Ort (eigene Anreise) um 14.30 Uhr. Parkpl\u00e4tze (nicht \u00fcberdacht, wohl aber befestigt) sind hinter der Schranke reichlich vorhanden.<br \/>\nUm 15 Uhr werden wir durch die Ausstellung gef\u00fchrt und im Anschluss kann jeder, der m\u00f6chte, (maximal 15 Teilnehmer oder mehrere Malen an einem Bild gemeinsam) mit dem Solinger K\u00fcnstler Andr\u00e9 Peer malen (Malutensilien werden gestellt).<\/p>\n<p>Bitte nehmt warme Kleidung mit, denn der Gaskessel ist hier und da offen und nicht geheizt!<br \/>\nDie Ausstellung ist weitgehendst barrierefrei!<\/p>\n<p>Wer einen Geb\u00e4rdensprach\u00fcbersetzung ben\u00f6tigt, sagt bitte sehr zeitnah Bescheid. Wir k\u00fcmmern uns dann darum.<\/p>\n<p>Wer Lust und Zeit hat\u2026.<\/p>\n<p>Anmeldung bitte zeitnah (sp\u00e4testens bis zum 20.3.23) an:<br \/>\nBarbara Wenzel-Heyberg<br \/>\nTelefon 02268 \u2013 909 42 88<br \/>\nTelefax 02268 \u2013 909 42 87<br \/>\nE-Mail: bwh@contergan-nrw-peer-to-peer.eu<\/p>\n<p><a href=\"http:\/\/2026.contergan-nrw.eu\/wp-content\/uploads\/2023\/03\/Einladung-Monet.pdf\">Einladung Monet<\/a><\/p>\n<p>Bitte gebt unbedingt vorher an, ob Ihr auch malen m\u00f6chtet und ob Ihr abends mitessen m\u00f6chtet.<br \/>\nWenn der Andrang zu gro\u00df ist, gehen wir nach Eingang der Anmeldung vor.<\/p>\n<p>Kosten (mit F\u00fchrung, Malevent und Essen): 30 \u20ac<\/p>\n<p>Und Informationen:<br \/>\nUdo Herterich<br \/>\nMaternusstr. 9<br \/>\n50996 K\u00f6ln<br \/>\nTelefon 0152 34 34 25 04<br \/>\nherterich@contergan-nrw.eu<br \/>\nwww.contergan-nrw.eu<\/p>\n<p>Wir freuen uns auf Euch und die Ausstellung!<\/p>\n<p>Zur Ausstellung:<\/p>\n<p>\u201eMONET \u2013 REBELL UND GENIE\u201c<br \/>\nDaten und Fakten zur neuen Dimension:<\/p>\n<p>\u00b7 immersive Projektionsshow auf Europas gr\u00f6\u00dfter 360\u00b0-Leinwand<br \/>\n\u00b7 6.500 m\u00b2 Projektionsfl\u00e4che (mehr als ein Fu\u00dfballfeld)<br \/>\n\u00b7 47 m hohe Leinwand<br \/>\n\u00b7 33 Hochleistungs-Laser-Projektoren<br \/>\n\u00b7 \u00fcber 250 Werke aus Monets umfangreichem Gesamtwerk<br \/>\n\u00b7 auf 6 Projektionsfl\u00e4chen inklusive Boden- und Deckenprojektion<br \/>\n\u00b7 mehr als 65 Millionen native Pixel<br \/>\n\u00b7 22 Minuten Hauptprogramm mit zwei weiteren Kurzshows<\/p>\n<p>\u201eMonet \u2013 Rebell und Genie<\/p>\n<p>Eine fantastische Show auf Europas gr\u00f6\u00dfter 360\u00b0-Leinwand<br \/>\n\u201eMonet \u2013 Rebell und Genie\u201c ist ein immersives Erlebnis der Extraklasse. Die Show sticht mit ihren vielen Details und den gekonnten Arrangements ber\u00fchmter Gem\u00e4lde weit aus der Masse der \u00fcblichen immersiven Angebote hervor. Mit Respekt vor dem Werk des Vaters des Impressionismus einf\u00fchlsam speziell f\u00fcr die R\u00e4ume des Visiodroms komponiert, erweckt \u201eMonet \u2013 Rebell und Genie\u201c die meisterhaften Gem\u00e4lde von Claude Monet zum Leben. Reisen Sie auf den Spuren des Malers durch Frankreich und erleben Sie Monets gr\u00f6\u00dfte malerische Momente hautnah mit. Die begleitende Ausstellung gibt zudem tiefe Einblicke in das st\u00fcrmische Leben Monets und seine Zeit.<br \/>\nMonet f\u00fcr alle!<br \/>\nOb mit der ganzen Familie, als Paar, mit dem Verein oder als Schulklasse \u2013 das Visiodrom macht bis 16. April 2023 den franz\u00f6sischen Malerf\u00fcrsten f\u00fcr alle auf eine ganz neue Weise erfahr- und erlebbar.<br \/>\nReisen Sie auf den Spuren des Malers durch Frankreich und erleben Sie Monets gr\u00f6\u00dfte malerische Momente hautnah mit. Erleben Sie selbst am Ort des Geschehens, wie seine Bilder entstehen. Das immersive Multi-Media-Spektakel f\u00fcr die ganze Familie pr\u00e4sentiert \u00fcber 250 bedeutende Werke des franz\u00f6sischen Meisters. Die einzigartige Verbindung von Bild- und Soundwelten l\u00e4sst im Visiodrom einen impressionistischen Traum entstehen. Der Gast bewegt sich durch Monets lebendige Bildwelt. Die Kunst wird hier unmittelbar sp\u00fcr- und erlebbar \u2013 Kunst mit allen Sinnen begreifen.<br \/>\nDie begleitende Ausstellung gibt tiefe Einblicke in das st\u00fcrmische Leben Monets und seine Zeit. Viele der heute selbstverst\u00e4ndlichen technischen Neuerungen wurden zu Monets Zeiten erfunden und entwickelt. Telefon, Automobil und auch der Eiffelturm erreichten zu Lebzeiten Monets ihren Durchbruch.\u201c<\/p>\n<p>Wer mehr Infos m\u00f6chte , kann gerne unter https:\/\/visiodrom.de\/show-ausstellungen\/monet-2022\/<br \/>\ngoogeln.<\/p>\n","protected":false},"excerpt":{"rendered":"<p>Hallo zusammen, gerne wollten wir (Udo, Claudia und Thomas Stein) noch in diesem Fr\u00fchjahr mit Euch die Monet-Ausstellung in Wuppertal besuchen. Aber der Andrang ist sehr gro\u00df und wir haben bef\u00fcrchtet, dass wir das nicht mehr hinkriegen! Und heute hat es tats\u00e4chlich doch geklappt!!! \u00b7 Wir k\u00f6nnen gemeinsam nach Wuppertal ins Visiodrom gehen, die Monet [&hellip;]<\/p>\n","protected":false},"author":1,"featured_media":5687,"comment_status":"closed","ping_status":"open","sticky":false,"template":"","format":"standard","meta":{"footnotes":""},"categories":[389],"tags":[1810,1809],"class_list":["post-11899","post","type-post","status-publish","format-standard","has-post-thumbnail","hentry","category-veranstaltungs-archiv","tag-ausstellung","tag-monet"],"publishpress_future_action":{"enabled":false,"date":"2026-09-13 18:41:12","action":"change-status","newStatus":"draft","terms":[],"taxonomy":"category","extraData":[]},"publishpress_future_workflow_manual_trigger":{"enabledWorkflows":[]},"_links":{"self":[{"href":"https:\/\/www.contergan-nrw.eu\/index.php?rest_route=\/wp\/v2\/posts\/11899","targetHints":{"allow":["GET"]}}],"collection":[{"href":"https:\/\/www.contergan-nrw.eu\/index.php?rest_route=\/wp\/v2\/posts"}],"about":[{"href":"https:\/\/www.contergan-nrw.eu\/index.php?rest_route=\/wp\/v2\/types\/post"}],"author":[{"embeddable":true,"href":"https:\/\/www.contergan-nrw.eu\/index.php?rest_route=\/wp\/v2\/users\/1"}],"replies":[{"embeddable":true,"href":"https:\/\/www.contergan-nrw.eu\/index.php?rest_route=%2Fwp%2Fv2%2Fcomments&post=11899"}],"version-history":[{"count":3,"href":"https:\/\/www.contergan-nrw.eu\/index.php?rest_route=\/wp\/v2\/posts\/11899\/revisions"}],"predecessor-version":[{"id":11902,"href":"https:\/\/www.contergan-nrw.eu\/index.php?rest_route=\/wp\/v2\/posts\/11899\/revisions\/11902"}],"wp:featuredmedia":[{"embeddable":true,"href":"https:\/\/www.contergan-nrw.eu\/index.php?rest_route=\/wp\/v2\/media\/5687"}],"wp:attachment":[{"href":"https:\/\/www.contergan-nrw.eu\/index.php?rest_route=%2Fwp%2Fv2%2Fmedia&parent=11899"}],"wp:term":[{"taxonomy":"category","embeddable":true,"href":"https:\/\/www.contergan-nrw.eu\/index.php?rest_route=%2Fwp%2Fv2%2Fcategories&post=11899"},{"taxonomy":"post_tag","embeddable":true,"href":"https:\/\/www.contergan-nrw.eu\/index.php?rest_route=%2Fwp%2Fv2%2Ftags&post=11899"}],"curies":[{"name":"wp","href":"https:\/\/api.w.org\/{rel}","templated":true}]}}