{"id":11881,"date":"2023-01-28T14:14:29","date_gmt":"2023-01-28T13:14:29","guid":{"rendered":"https:\/\/www.contergan-nrw.eu\/?p=11881"},"modified":"2025-12-03T20:57:24","modified_gmt":"2025-12-03T19:57:24","slug":"einladung-zum-fussballtalk-30-01-2023","status":"publish","type":"post","link":"https:\/\/www.contergan-nrw.eu\/?p=11881","title":{"rendered":"Einladung zum Fu\u00dfballtalk 30.01.2023"},"content":{"rendered":"<p style=\"text-align: center;\"><img loading=\"lazy\" decoding=\"async\" class=\"aligncenter size-full wp-image-11882\" src=\"http:\/\/2026.contergan-nrw.eu\/wp-content\/uploads\/2023\/01\/image001-5.jpg\" alt=\"\" width=\"450\" height=\"253\" srcset=\"https:\/\/www.contergan-nrw.eu\/wp-content\/uploads\/2023\/01\/image001-5.jpg 450w, https:\/\/www.contergan-nrw.eu\/wp-content\/uploads\/2023\/01\/image001-5-300x169.jpg 300w\" sizes=\"auto, (max-width: 450px) 100vw, 450px\" \/><\/p>\n<p style=\"font-weight: 400; text-align: center;\">Einladung zum w\u00f6chentlichen Fu\u00dfballtalk<\/p>\n<p style=\"font-weight: 400; text-align: center;\">Bundesliga 22\/23<\/p>\n<p style=\"font-weight: 400; text-align: center;\">Hallo liebe Fu\u00dfballfreunde! Endlich ist sie zur\u00fcck!<\/p>\n<p style=\"font-weight: 400; text-align: center;\">Nach der l\u00e4ngsten Winterpause, die wir jemals aushalten mussten, ist die Bundesliga furios ins neue Jahr (und jetzt in die zweite Saisonh\u00e4lfte) gestartet.<\/p>\n<p style=\"font-weight: 400; text-align: center;\">41 (!!!) Tore gab es am ersten Spieltag zu sehen, 29 am zweiten. Wenn dass so weitergeht steht uns einiges bevor.<\/p>\n<p style=\"font-weight: 400; text-align: center;\">Bayern f\u00fchrt die Bundesliga wie gewohnt an, hat aber zuletzt einige Federn gelassen und daf\u00fcr gesorgt, dass praktisch alle Verfolger aufholen konnten. Spannender k\u00f6nnte es nicht sein.<\/p>\n<p style=\"font-weight: 400; text-align: center;\">\u00dcber all das und noch viel mehr m\u00f6chten wir auch im Kalenderjahr 2023 mit euch sprechen, und laden euch daher wieder zu unserem Fu\u00dfballtalk ein!<\/p>\n<p style=\"font-weight: 400; text-align: center;\">__________________________________________________________________________________<\/p>\n<p style=\"font-weight: 400; text-align: center;\"><strong>\u00a0<\/strong><\/p>\n<p style=\"font-weight: 400; text-align: center;\"><strong>Wann:\u00a0\u00a0<\/strong><em>Montag, 30.01.23 um 15:30 Uhr.<\/em><\/p>\n<p style=\"font-weight: 400; text-align: center;\"><strong>Wo: <\/strong>Online per Videochat Zoom!<\/p>\n<p style=\"font-weight: 400; text-align: center;\">\u00dcber den unten beigef\u00fcgten Zoom-Link k\u00f6nnt ihr am Montag direkt teilnehmen.<\/p>\n<p style=\"font-weight: 400; text-align: center;\"><strong><em>&#8211;<\/em><\/strong><em>Wer noch keine Erfahrung mit Zoom-Meetings hat, dem k\u00f6nnen wir gerne behilflich sein<strong>&#8211;<\/strong><\/em><\/p>\n<p style=\"font-weight: 400; text-align: center;\">Bis Montag, mit sportlichen Gr\u00fc\u00dfen<\/p>\n<p style=\"font-weight: 400; text-align: center;\">Thomas u. Joshua<\/p>\n<p style=\"font-weight: 400; text-align: center;\">Thema: IVC-NRW Fu\u00dfballtalk<\/p>\n<p style=\"font-weight: 400; text-align: center;\"><strong>Zoom-Meeting beitreten:<\/strong><\/p>\n<p style=\"font-weight: 400; text-align: center;\"><a href=\"https:\/\/us06web.zoom.us\/j\/83738124716?pwd=Y29jWmpBRXhMcDhrYkovVWt4bWF0UT09\" data-saferedirecturl=\"https:\/\/www.google.com\/url?q=https:\/\/us06web.zoom.us\/j\/83738124716?pwd%3DY29jWmpBRXhMcDhrYkovVWt4bWF0UT09&amp;source=gmail&amp;ust=1674997790888000&amp;usg=AOvVaw1Kscujnqy9_atUhaNxw4wK\">https:\/\/us06web.zoom.us\/j\/83738124716?pwd=Y29jWmpBRXhMcDhrYkovVWt4bWF0UT09<\/a><\/p>\n<p style=\"font-weight: 400; text-align: center;\">______________________________________________________________________________________________<\/p>\n<p style=\"font-weight: 400; text-align: center;\"><strong>Kontakt:<\/strong><\/p>\n<p style=\"font-weight: 400; text-align: center;\">Thomas Stein:\u00a0\u00a0\u00a0\u00a0\u00a0\u00a0\u00a0\u00a0\u00a0\u00a0 Mail:\u00a0 <a href=\"mailto:t.stein@contergan-nrw-peer-to-peer.eu\">t.stein@contergan-nrw-peer-to-peer.eu<\/a><\/p>\n<p style=\"font-weight: 400; text-align: center;\">Tel : 0160 96889705<\/p>\n<p style=\"font-weight: 400; text-align: center;\">Joshua Zurheiden:\u00a0\u00a0\u00a0 Mail: <a href=\"mailto:j.zurheiden@contergan-nrw-peer-to-peer.eu\">j.zurheiden@contergan-nrw-peer-to-peer.eu<\/a><\/p>\n<p style=\"font-weight: 400; text-align: center;\">Tel: 0160 93056492<\/p>\n","protected":false},"excerpt":{"rendered":"<p>Einladung zum w\u00f6chentlichen Fu\u00dfballtalk Bundesliga 22\/23 Hallo liebe Fu\u00dfballfreunde! Endlich ist sie zur\u00fcck! Nach der l\u00e4ngsten Winterpause, die wir jemals aushalten mussten, ist die Bundesliga furios ins neue Jahr (und jetzt in die zweite Saisonh\u00e4lfte) gestartet. 41 (!!!) Tore gab es am ersten Spieltag zu sehen, 29 am zweiten. Wenn dass so weitergeht steht uns [&hellip;]<\/p>\n","protected":false},"author":1,"featured_media":5687,"comment_status":"closed","ping_status":"open","sticky":false,"template":"","format":"standard","meta":{"footnotes":""},"categories":[389],"tags":[],"class_list":["post-11881","post","type-post","status-publish","format-standard","has-post-thumbnail","hentry","category-veranstaltungs-archiv"],"publishpress_future_action":{"enabled":false,"date":"2026-09-13 17:25:25","action":"change-status","newStatus":"draft","terms":[],"taxonomy":"category","extraData":[]},"publishpress_future_workflow_manual_trigger":{"enabledWorkflows":[]},"_links":{"self":[{"href":"https:\/\/www.contergan-nrw.eu\/index.php?rest_route=\/wp\/v2\/posts\/11881","targetHints":{"allow":["GET"]}}],"collection":[{"href":"https:\/\/www.contergan-nrw.eu\/index.php?rest_route=\/wp\/v2\/posts"}],"about":[{"href":"https:\/\/www.contergan-nrw.eu\/index.php?rest_route=\/wp\/v2\/types\/post"}],"author":[{"embeddable":true,"href":"https:\/\/www.contergan-nrw.eu\/index.php?rest_route=\/wp\/v2\/users\/1"}],"replies":[{"embeddable":true,"href":"https:\/\/www.contergan-nrw.eu\/index.php?rest_route=%2Fwp%2Fv2%2Fcomments&post=11881"}],"version-history":[{"count":3,"href":"https:\/\/www.contergan-nrw.eu\/index.php?rest_route=\/wp\/v2\/posts\/11881\/revisions"}],"predecessor-version":[{"id":11884,"href":"https:\/\/www.contergan-nrw.eu\/index.php?rest_route=\/wp\/v2\/posts\/11881\/revisions\/11884"}],"wp:featuredmedia":[{"embeddable":true,"href":"https:\/\/www.contergan-nrw.eu\/index.php?rest_route=\/wp\/v2\/media\/5687"}],"wp:attachment":[{"href":"https:\/\/www.contergan-nrw.eu\/index.php?rest_route=%2Fwp%2Fv2%2Fmedia&parent=11881"}],"wp:term":[{"taxonomy":"category","embeddable":true,"href":"https:\/\/www.contergan-nrw.eu\/index.php?rest_route=%2Fwp%2Fv2%2Fcategories&post=11881"},{"taxonomy":"post_tag","embeddable":true,"href":"https:\/\/www.contergan-nrw.eu\/index.php?rest_route=%2Fwp%2Fv2%2Ftags&post=11881"}],"curies":[{"name":"wp","href":"https:\/\/api.w.org\/{rel}","templated":true}]}}