{"id":11761,"date":"2022-10-24T20:19:21","date_gmt":"2022-10-24T18:19:21","guid":{"rendered":"https:\/\/www.contergan-nrw.eu\/?p=11761"},"modified":"2025-12-03T20:55:34","modified_gmt":"2025-12-03T19:55:34","slug":"einladung-zum-fotoshooting","status":"publish","type":"post","link":"https:\/\/www.contergan-nrw.eu\/?p=11761","title":{"rendered":"Einladung zum Fotoshooting"},"content":{"rendered":"<p style=\"font-weight: 400;\"><strong>Erz\u00e4hle uns deine Geschichte \u2013 f\u00fcr das Buch \u201eStimmen gegen das Vergessen\u201c!<\/strong><\/p>\n<p style=\"font-weight: 400;\">Hallo zusammen,<\/p>\n<p style=\"font-weight: 400;\">komm zum Weihnachtsmarkt nach K\u00f6ln und lasse dich zwischendurch portr\u00e4tieren \u2013 f\u00fcr das Buch \u201eStimmen gegen das Vergessen\u201c! Denn: Deine Geschichte fehlt noch \u2026<\/p>\n<p style=\"font-weight: 400;\">Der Bildband \u201eStimmen gegen das Vergessen\u201c ist bereits in Mache. Zu sehen und zu lesen sind Portr\u00e4ts und Lebensgeschichten von durch Contergan gesch\u00e4digte Menschen. Knapp 50 G\u00e4ste haben sich bislang von dem Fotografen Andreas Biesenbach portr\u00e4tieren lassen. Sie haben offen mit dem K\u00f6lner Redaktionsteam Maya H\u00e4ssig und Helga Bergers dar\u00fcber gesprochen, was sie in ihrem Leben am meisten bewegt. Erscheinen wird das Buch im Herbst 2023. Doch schon jetzt k\u00f6nnen wir sagen: Es wird ein Werk, das die Herzen ber\u00fchren wird.<\/p>\n<p style=\"font-weight: 400;\">All jene, die sich (noch) nicht haben portr\u00e4tieren lassen (k\u00f6nnen), haben demn\u00e4chst Gelegenheit dazu!<\/p>\n<p style=\"font-weight: 400;\"><strong>Am 26. oder 27. November 2022<\/strong><\/p>\n<p style=\"font-weight: 400;\"><strong>im Stadthotel am R\u00f6merturm, Sankt-Apern-Stra\u00dfe 32 in K\u00f6ln<\/strong><\/p>\n<p style=\"font-weight: 400;\">(barrierefreie \u00dcbernachtungsm\u00f6glichkeiten sind im Hotel vorhanden)<\/p>\n<p style=\"font-weight: 400;\"><strong>Der Ablauf:<\/strong><\/p>\n<p style=\"font-weight: 400;\">Die Fotoshootings finden im Stadthotel am R\u00f6merturm statt. F\u00fcr jedes Portr\u00e4t sind ca. 30 Minuten eingeplant. W\u00e4hrend des Fotoshootings wird eine Visagistin und bei Bedarf ein Geb\u00e4rdendolmetscher anwesend sein. Alle Fotos und Texte (Zitate und Gespr\u00e4chsausz\u00fcge) entstehen im gesch\u00fctzten Rahmen und werden mit absoluter Sorgfalt behandelt. Vor Drucklegung hast du selbstverst\u00e4ndlich Gelegenheit, Bild und Text noch einmal zu pr\u00fcfen und freizugeben.<\/p>\n<p style=\"font-weight: 400;\"><strong>Anmeldungen zum Mitmachen:<\/strong><\/p>\n<p style=\"font-weight: 400;\">Ab sofort (<strong>bis zum 15. November 2022<\/strong>) sind Anmeldungen zum Fotoshooting m\u00f6glich. Sende deine Anmeldung bitte an Barbara Wenzel-Heyberg, <a href=\"mailto:bwh@contergan-nrw-peer-to-peer.eu\">bwh@contergan-nrw-peer-to-peer.eu<\/a>, oder melde dich telefonisch an unter: 02268 909 42 88.<\/p>\n<p style=\"font-weight: 400;\">Bitte gib deinen favorisierten Termin und die ungef\u00e4hre Uhrzeit bei der Anmeldung zum Shooting an. Wir werden versuchen, die W\u00fcnsche bei der Planung zu ber\u00fccksichtigen.<\/p>\n<p style=\"font-weight: 400;\">Wir freuen uns schon sehr auf ein Wiedersehen! Freu du dich schon jetzt auf ausdrucksstarke Portr\u00e4ts!<\/p>\n<p style=\"font-weight: 400;\">Liebe Gr\u00fc\u00dfe<\/p>\n<p style=\"font-weight: 400;\">Udo Herterich<\/p>\n<ol>\n<li style=\"font-weight: 400;\">S.: Das Fotoshooting l\u00e4sst sich perfekt mit einem Wochenendtrip nach K\u00f6ln verbinden \u2013 Museumsbesuch, Stadtbummel oder Weihnachtsmarkt(!) oder, oder, oder \u2026<\/li>\n<\/ol>\n<p style=\"font-weight: 400;\">&#8212;<\/p>\n<p style=\"font-weight: 400;\">Interessenverband Contergangesch\u00e4digter<\/p>\n<p style=\"font-weight: 400;\">Nordrhein-Westfalen e. V.<\/p>\n<p style=\"font-weight: 400;\">Hilfswerk f\u00fcr vorgeburtlich Gesch\u00e4digte<\/p>\n<p style=\"font-weight: 400;\">Udo Herterich<\/p>\n<ol>\n<li style=\"font-weight: 400;\">Vorsitzender<\/li>\n<\/ol>\n<p style=\"font-weight: 400;\">Maternusstr. 9<\/p>\n<p style=\"font-weight: 400;\">50996 K\u00f6ln<\/p>\n<p style=\"font-weight: 400;\">Telefon 0152 34 34 25 04<\/p>\n<p style=\"font-weight: 400;\"><a href=\"mailto:herterich@contergan-nrw.eu\">herterich@contergan-nrw.eu<\/a><\/p>\n<p style=\"font-weight: 400;\"><a href=\"http:\/\/2026.contergan-nrw.eu\/\" data-saferedirecturl=\"https:\/\/www.google.com\/url?q=http:\/\/2026.contergan-nrw.eu&amp;source=gmail&amp;ust=1666721831707000&amp;usg=AOvVaw1d93nkOlM00pDrIlUHc9lM\">www.contergan-nrw.eu<\/a><\/p>\n","protected":false},"excerpt":{"rendered":"<p>Erz\u00e4hle uns deine Geschichte \u2013 f\u00fcr das Buch \u201eStimmen gegen das Vergessen\u201c! Hallo zusammen, komm zum Weihnachtsmarkt nach K\u00f6ln und lasse dich zwischendurch portr\u00e4tieren \u2013 f\u00fcr das Buch \u201eStimmen gegen das Vergessen\u201c! Denn: Deine Geschichte fehlt noch \u2026 Der Bildband \u201eStimmen gegen das Vergessen\u201c ist bereits in Mache. Zu sehen und zu lesen sind Portr\u00e4ts [&hellip;]<\/p>\n","protected":false},"author":1,"featured_media":5687,"comment_status":"closed","ping_status":"open","sticky":false,"template":"","format":"standard","meta":{"footnotes":""},"categories":[389],"tags":[1759,1769,1760],"class_list":["post-11761","post","type-post","status-publish","format-standard","has-post-thumbnail","hentry","category-veranstaltungs-archiv","tag-foto","tag-fotoprojekt","tag-fotoshooting"],"publishpress_future_action":{"enabled":false,"date":"2026-09-13 18:07:33","action":"change-status","newStatus":"draft","terms":[],"taxonomy":"category","extraData":[]},"publishpress_future_workflow_manual_trigger":{"enabledWorkflows":[]},"_links":{"self":[{"href":"https:\/\/www.contergan-nrw.eu\/index.php?rest_route=\/wp\/v2\/posts\/11761","targetHints":{"allow":["GET"]}}],"collection":[{"href":"https:\/\/www.contergan-nrw.eu\/index.php?rest_route=\/wp\/v2\/posts"}],"about":[{"href":"https:\/\/www.contergan-nrw.eu\/index.php?rest_route=\/wp\/v2\/types\/post"}],"author":[{"embeddable":true,"href":"https:\/\/www.contergan-nrw.eu\/index.php?rest_route=\/wp\/v2\/users\/1"}],"replies":[{"embeddable":true,"href":"https:\/\/www.contergan-nrw.eu\/index.php?rest_route=%2Fwp%2Fv2%2Fcomments&post=11761"}],"version-history":[{"count":3,"href":"https:\/\/www.contergan-nrw.eu\/index.php?rest_route=\/wp\/v2\/posts\/11761\/revisions"}],"predecessor-version":[{"id":11763,"href":"https:\/\/www.contergan-nrw.eu\/index.php?rest_route=\/wp\/v2\/posts\/11761\/revisions\/11763"}],"wp:featuredmedia":[{"embeddable":true,"href":"https:\/\/www.contergan-nrw.eu\/index.php?rest_route=\/wp\/v2\/media\/5687"}],"wp:attachment":[{"href":"https:\/\/www.contergan-nrw.eu\/index.php?rest_route=%2Fwp%2Fv2%2Fmedia&parent=11761"}],"wp:term":[{"taxonomy":"category","embeddable":true,"href":"https:\/\/www.contergan-nrw.eu\/index.php?rest_route=%2Fwp%2Fv2%2Fcategories&post=11761"},{"taxonomy":"post_tag","embeddable":true,"href":"https:\/\/www.contergan-nrw.eu\/index.php?rest_route=%2Fwp%2Fv2%2Ftags&post=11761"}],"curies":[{"name":"wp","href":"https:\/\/api.w.org\/{rel}","templated":true}]}}