{"id":11705,"date":"2022-09-29T15:22:28","date_gmt":"2022-09-29T13:22:28","guid":{"rendered":"https:\/\/www.contergan-nrw.eu\/?p=11705"},"modified":"2025-12-03T20:53:25","modified_gmt":"2025-12-03T19:53:25","slug":"einladung-entspannungswochenende-21-10-24-10-2022","status":"publish","type":"post","link":"https:\/\/www.contergan-nrw.eu\/?p=11705","title":{"rendered":"Einladung Entspannungswochenende 21.10-24.10.2022"},"content":{"rendered":"<p style=\"font-weight: 400; text-align: center;\"><em>Urlaub f\u00fcr K\u00f6rper, Geist und Seele<\/em><\/p>\n<p style=\"font-weight: 400; text-align: center;\"><em>Lasst Euch ein <\/em><\/p>\n<p style=\"font-weight: 400; text-align: center;\"><em>auf Entspannung f\u00fcr den K\u00f6rper, <\/em><\/p>\n<p style=\"font-weight: 400; text-align: center;\"><em>Erholung f\u00fcr die Seele <\/em><\/p>\n<p style=\"font-weight: 400; text-align: center;\"><em>und Wellness f\u00fcr den Geist.<\/em><\/p>\n<p>&nbsp;<\/p>\n<p style=\"font-weight: 400;\"><em>Unter Anleitung der erfahrenen Reiki-Meisterin Sabine Thoma werden wir in den Kurzurlaub mit einfachen Yoga- und Pilates-\u00dcbungen einsteigen und versuchen, dem Alltagsstress zu entkommen.<\/em><\/p>\n<p style=\"font-weight: 400;\"><em>Und da Urlaub nicht nur Ruhe und Entspannung ist, wird es neben der Entspannung, Zeit f\u00fcr Aktivit\u00e4ten und Ausfl\u00fcge geben.<\/em><\/p>\n<p style=\"font-weight: 400;\"><em>Je nach Interesse k\u00f6nnten das sein: <\/em><\/p>\n<ul style=\"font-weight: 400;\">\n<li><em>Besuch von Schloss Drachenburg mit F\u00fchrung <\/em><\/li>\n<li><em>Kunstmuseum Bonn<\/em><\/li>\n<li><em>Sealife K\u00f6nigswinter<\/em><\/li>\n<li><em>Entspannungsmassagen<\/em><\/li>\n<li><em>Meditation<\/em><\/li>\n<\/ul>\n<p style=\"font-weight: 400;\"><em>\u00a0<\/em><\/p>\n<p style=\"font-weight: 400;\"><em>Das Ringhotel Oberwinter verf\u00fcgt \u00fcber einen ausgezeichneten Wellnessbereich. Deshalb unbedingt die Badehose, Bikini, etc. nicht vergessen.<\/em><\/p>\n<p style=\"font-weight: 400;\"><em>\u00a0<\/em><\/p>\n<p style=\"font-weight: 400;\"><em>Und nat\u00fcrlich wird viel Zeit sein, f\u00fcrs Nichtstun, Kaffeetrinken, Kl\u00f6nen, gem\u00fctliches Miteinander&#8230;<\/em><\/p>\n<p>&nbsp;<\/p>\n<p style=\"font-weight: 400;\"><strong>Wann:\u00a0\u00a0\u00a0\u00a0\u00a0\u00a0\u00a0\u00a0\u00a0 <\/strong>21.10.2022, 18:00 Uhr<br \/>\nbis<br \/>\n24.10.2022 nach dem Fr\u00fchst\u00fcck<\/p>\n<p><img loading=\"lazy\" decoding=\"async\" class=\"aligncenter size-full wp-image-11706\" src=\"http:\/\/2026.contergan-nrw.eu\/wp-content\/uploads\/2022\/09\/image001-3.jpg\" alt=\"\" width=\"412\" height=\"568\" srcset=\"https:\/\/www.contergan-nrw.eu\/wp-content\/uploads\/2022\/09\/image001-3.jpg 412w, https:\/\/www.contergan-nrw.eu\/wp-content\/uploads\/2022\/09\/image001-3-218x300.jpg 218w\" sizes=\"auto, (max-width: 412px) 100vw, 412px\" \/><\/p>\n<p style=\"font-weight: 400;\"><strong>Wo:<\/strong> \u00a0\u00a0\u00a0\u00a0\u00a0\u00a0\u00a0\u00a0\u00a0\u00a0\u00a0\u00a0 Ringhotel Oberwinter<br \/>\nAm Unkelstein 1a<br \/>\n53424 Remagen-Oberwinter<\/p>\n<p style=\"font-weight: 400;\">\u00a0\u00a0\u00a0\u00a0\u00a0\u00a0\u00a0\u00a0\u00a0\u00a0\u00a0\u00a0\u00a0\u00a0\u00a0\u00a0\u00a0\u00a0\u00a0 <a href=\"http:\/\/www.haus-oberwinter.de\/\" data-saferedirecturl=\"https:\/\/www.google.com\/url?q=http:\/\/www.haus-oberwinter.de&amp;source=gmail&amp;ust=1664543910104000&amp;usg=AOvVaw1JtYtGoxq0vclGJsEOpOd8\">www.haus-oberwinter.de<\/a><\/p>\n<p style=\"font-weight: 400;\"><em>\u00a0<\/em><\/p>\n<p style=\"font-weight: 400;\"><strong>Teilnehmergeb\u00fchr pro Person:<\/strong> 150,- \u20ac (pro Person, inkl. Hotel \u2013<\/p>\n<p style=\"font-weight: 400;\">\u00a0\u00a0\u00a0\u00a0\u00a0\u00a0\u00a0\u00a0\u00a0\u00a0\u00a0\u00a0\u00a0\u00a0\u00a0\u00a0\u00a0\u00a0\u00a0\u00a0\u00a0\u00a0\u00a0\u00a0\u00a0\u00a0\u00a0\u00a0\u00a0\u00a0\u00a0\u00a0\u00a0\u00a0\u00a0\u00a0\u00a0\u00a0\u00a0\u00a0\u00a0\u00a0 \u00a0\u00a0\u00a0\u00a0\u00a0\u00a0\u00a0\u00a0\u00a0\u00a0\u00a0\u00a0\u00a0\u00a0\u00a0\u00a0\u00a0\u00a0\u00a0\u00a0\u00a0\u00a0\u00a0und Ausflugskosten)<\/p>\n<p style=\"font-weight: 400;\"><strong>Begrenzte Teilnehmerzahl, Teilnahme nach Anmeldeeingang<\/strong><\/p>\n<p style=\"font-weight: 400;\"><strong>Bitte bei der Anmeldung Ausflugswunsch angeben<\/strong><\/p>\n<p style=\"font-weight: 400;\"><strong>Anmeldung bitte an<\/strong>:<\/p>\n<p style=\"font-weight: 400;\">Barbara Wenzel-Heyberg<\/p>\n<p style=\"font-weight: 400;\">Telefon 02268 \u2013 909 42 88<br \/>\nTelefax 02268 \u2013 909 42 87<\/p>\n<p style=\"font-weight: 400;\">E-Mail: <a href=\"mailto:bwh@contergan-nrw-peer-to-peer.eu\">bwh@contergan-nrw-peer-to-peer.eu<\/a><\/p>\n<p style=\"font-weight: 400;\"><strong>Informationen: <\/strong><\/p>\n<p style=\"font-weight: 400;\">Sabine G\u00f6bber<br \/>\nMobil:\u00a0 \u00a0\u00a0\u00a0\u00a0\u00a0\u00a0\u00a0\u00a0\u00a0 +49 171-3080816<br \/>\nTel.: \u00a0\u00a0\u00a0\u00a0\u00a0 \u00a0\u00a0\u00a0\u00a0\u00a0\u00a0\u00a0\u00a0 +49 2428-9021470<br \/>\nMail: <a href=\"mailto:s.goebber@contergan-nrw-peer-to-peer.eu\">s.goebber@contergan-nrw-peer-to-peer.eu<\/a><\/p>\n<p style=\"font-weight: 400;\">Interessenverband Contergangesch\u00e4digter<\/p>\n<p style=\"font-weight: 400;\">Nordrhein-Westfalen e.V.<\/p>\n<p style=\"font-weight: 400;\">Hilfswerk f\u00fcr vorgeburtlich Gesch\u00e4digte<\/p>\n<p style=\"font-weight: 400;\">Peer- to-Peer-Beratungsangebot<\/p>\n<p style=\"font-weight: 400;\">Sabine G\u00f6bber<\/p>\n<p style=\"font-weight: 400;\">Diplom-Sozialp\u00e4dagogin<\/p>\n<p style=\"font-weight: 400;\">Krankenschwester<\/p>\n<p style=\"font-weight: 400;\">Ref. f\u00fcr Gesundheits- und Sozialmanagement<\/p>\n<p style=\"font-weight: 400;\">Mobil:\u00a0 +49 171-3080816<\/p>\n<p style=\"font-weight: 400;\">Tel.: \u00a0\u00a0\u00a0\u00a0\u00a0 \u00a0+49 2428-9021470<\/p>\n<p style=\"font-weight: 400;\">Fax:\u00a0\u00a0\u00a0\u00a0\u00a0\u00a0\u00a0 +49 2428-9021480<\/p>\n<p style=\"font-weight: 400;\">Mail:\u00a0\u00a0\u00a0\u00a0\u00a0\u00a0 <a href=\"mailto:s.goebber@contergan-nrw-peer-to-peer.eu\">s.goebber@contergan-nrw-peer-to-peer.eu<\/a><\/p>\n<p style=\"font-weight: 400;\"><a href=\"http:\/\/2026.contergan-nrw.eu\/\" data-saferedirecturl=\"https:\/\/www.google.com\/url?q=http:\/\/2026.contergan-nrw.eu\/&amp;source=gmail&amp;ust=1664543910104000&amp;usg=AOvVaw34u_t06acYGecwwqdtxGcn\">www.contergan-nrw.eu<\/a><\/p>\n","protected":false},"excerpt":{"rendered":"<p>Urlaub f\u00fcr K\u00f6rper, Geist und Seele Lasst Euch ein auf Entspannung f\u00fcr den K\u00f6rper, Erholung f\u00fcr die Seele und Wellness f\u00fcr den Geist. &nbsp; Unter Anleitung der erfahrenen Reiki-Meisterin Sabine Thoma werden wir in den Kurzurlaub mit einfachen Yoga- und Pilates-\u00dcbungen einsteigen und versuchen, dem Alltagsstress zu entkommen. Und da Urlaub nicht nur Ruhe und [&hellip;]<\/p>\n","protected":false},"author":1,"featured_media":5687,"comment_status":"closed","ping_status":"open","sticky":false,"template":"","format":"standard","meta":{"footnotes":""},"categories":[389],"tags":[1712,550,1771,1379],"class_list":["post-11705","post","type-post","status-publish","format-standard","has-post-thumbnail","hentry","category-veranstaltungs-archiv","tag-entspannung","tag-pilates","tag-reki","tag-yoga"],"publishpress_future_action":{"enabled":false,"date":"2026-09-13 16:13:16","action":"change-status","newStatus":"draft","terms":[],"taxonomy":"category","extraData":[]},"publishpress_future_workflow_manual_trigger":{"enabledWorkflows":[]},"_links":{"self":[{"href":"https:\/\/www.contergan-nrw.eu\/index.php?rest_route=\/wp\/v2\/posts\/11705","targetHints":{"allow":["GET"]}}],"collection":[{"href":"https:\/\/www.contergan-nrw.eu\/index.php?rest_route=\/wp\/v2\/posts"}],"about":[{"href":"https:\/\/www.contergan-nrw.eu\/index.php?rest_route=\/wp\/v2\/types\/post"}],"author":[{"embeddable":true,"href":"https:\/\/www.contergan-nrw.eu\/index.php?rest_route=\/wp\/v2\/users\/1"}],"replies":[{"embeddable":true,"href":"https:\/\/www.contergan-nrw.eu\/index.php?rest_route=%2Fwp%2Fv2%2Fcomments&post=11705"}],"version-history":[{"count":3,"href":"https:\/\/www.contergan-nrw.eu\/index.php?rest_route=\/wp\/v2\/posts\/11705\/revisions"}],"predecessor-version":[{"id":11708,"href":"https:\/\/www.contergan-nrw.eu\/index.php?rest_route=\/wp\/v2\/posts\/11705\/revisions\/11708"}],"wp:featuredmedia":[{"embeddable":true,"href":"https:\/\/www.contergan-nrw.eu\/index.php?rest_route=\/wp\/v2\/media\/5687"}],"wp:attachment":[{"href":"https:\/\/www.contergan-nrw.eu\/index.php?rest_route=%2Fwp%2Fv2%2Fmedia&parent=11705"}],"wp:term":[{"taxonomy":"category","embeddable":true,"href":"https:\/\/www.contergan-nrw.eu\/index.php?rest_route=%2Fwp%2Fv2%2Fcategories&post=11705"},{"taxonomy":"post_tag","embeddable":true,"href":"https:\/\/www.contergan-nrw.eu\/index.php?rest_route=%2Fwp%2Fv2%2Ftags&post=11705"}],"curies":[{"name":"wp","href":"https:\/\/api.w.org\/{rel}","templated":true}]}}