{"id":11694,"date":"2022-09-23T14:33:39","date_gmt":"2022-09-23T12:33:39","guid":{"rendered":"https:\/\/www.contergan-nrw.eu\/?p=11694"},"modified":"2025-12-03T20:53:02","modified_gmt":"2025-12-03T19:53:02","slug":"einladung-selbstverteidigung-15-10-22","status":"publish","type":"post","link":"https:\/\/www.contergan-nrw.eu\/?p=11694","title":{"rendered":"Einladung Selbstverteidigung 15.10.22"},"content":{"rendered":"<h2 style=\"font-weight: 400; text-align: center;\">Nicht mit mir!!!<\/h2>\n<h4 style=\"font-weight: 400; text-align: center;\">Selbstverteidigung und Selbstbehauptung im Alltag<\/h4>\n<p style=\"font-weight: 400;\">\u201e<em>Der beste Kampf ist der, der nicht gek\u00e4mpft wurde\u201c<\/em><\/p>\n<p style=\"font-weight: 400;\">Unter diesem Leitspruch treffen wir uns auch in diesem Jahr zum Workshop<\/p>\n<p style=\"font-weight: 400;\"><em>Selbstverteidigung und Selbstbehauptung im Alltag.<\/em><\/p>\n<p style=\"font-weight: 400;\">Jeder verf\u00fcgt \u00fcber Begabungen, um m\u00f6gliche Gefahrensituationen zu erkennen, zu vermeiden oder auch unverletzt aus ihnen herauszukommen.<\/p>\n<p style=\"font-weight: 400;\">Leider kennen wir unsere F\u00e4higkeiten oft nicht. Wir sehen uns selbst in der Rolle des Schw\u00e4cheren, des m\u00f6glichen Opfers.<\/p>\n<p style=\"font-weight: 400;\">Mittels K\u00f6rper\u00fcbungen und Ein\u00fcben von Selbstverteidigungsstrategien werden wir in diesem Seminar zwar nicht zu Kampfmaschinen, k\u00f6nnen jedoch unsere F\u00e4higkeiten entdecken und unsere eigenen Bodyguards werden!<\/p>\n<p style=\"font-weight: 400;\">Unterst\u00fctzt werden wir dabei wieder von der Karatetrainerin Sonja Abels.<\/p>\n<p style=\"font-weight: 400;\">Empfohlen werden bequeme Stra\u00dfenkleidung und Hallenschuhe. Ein Handtuch ist empfehlenswert. Es besteht die M\u00f6glichkeit zu duschen.<\/p>\n<p style=\"font-weight: 400;\">W\u00e4hrend des Seminars werden kleine Snacks und Getr\u00e4nke gereicht. Bitte eine eigene Kaffeetasse mitbringen.<\/p>\n<p style=\"font-weight: 400;\">Im Anschlu\u00df an die Trainingseinheiten werden wir in gem\u00fctlicher Runde bei einem gemeinsamen Abendessen die Erfahrungen des Tages austauschen.<\/p>\n<p style=\"font-weight: 400;\">Willkommen, ist grunds\u00e4tzlich jede\/r. Auch wer die Kurse in den letzten Jahren besucht hat, ist herzlich eingeladen, das Erlernte aufzufrischen bzw. zu vertiefen.<\/p>\n<p><img loading=\"lazy\" decoding=\"async\" class=\"aligncenter size-full wp-image-11695\" src=\"http:\/\/2026.contergan-nrw.eu\/wp-content\/uploads\/2022\/09\/image001-2.jpg\" alt=\"\" width=\"312\" height=\"287\" srcset=\"https:\/\/www.contergan-nrw.eu\/wp-content\/uploads\/2022\/09\/image001-2.jpg 312w, https:\/\/www.contergan-nrw.eu\/wp-content\/uploads\/2022\/09\/image001-2-300x276.jpg 300w\" sizes=\"auto, (max-width: 312px) 100vw, 312px\" \/><\/p>\n<p style=\"font-weight: 400;\"><strong>Rollstuhlfahrende Personen vermerken dies bitte bei der Anmeldung, damit das Programm auf sie abgestimmt werden kann.<\/strong><\/p>\n<p style=\"font-weight: 400;\"><strong>Die R\u00e4umlichkeiten sind barrierearm. Parkpl\u00e4tze sind in <\/strong><\/p>\n<p style=\"font-weight: 400;\"><strong>unmittelbarer N\u00e4he und ausreichend vorhanden. <\/strong><\/p>\n<p style=\"font-weight: 400;\"><strong>\u00a0<\/strong><\/p>\n<p style=\"font-weight: 400;\"><strong>Wir freuen uns auf rege Teilnahme!<\/strong><\/p>\n<p style=\"font-weight: 400;\"><strong>Sabine G\u00f6bber und Wolfgang Schmidt<\/strong><\/p>\n<p style=\"font-weight: 400;\"><strong>\u00a0<\/strong><\/p>\n<p style=\"font-weight: 400;\"><strong>\u00a0<\/strong><strong>WAS? WANN? WO?<\/strong><\/p>\n<p style=\"font-weight: 400;\"><strong>Was: Selbstverteidigung und Selbstbehauptung im Alltag<\/strong><\/p>\n<p style=\"font-weight: 400;\"><strong>\u00a0<\/strong><\/p>\n<p style=\"font-weight: 400;\">Wann: \u00a0\u00a0\u00a0\u00a0\u00a0\u00a0\u00a0\u00a0\u00a0\u00a0\u00a0 15.10.2022 \u00a0\u00a0\u00a0\u00a0 10:30h-17:30h<\/p>\n<p style=\"font-weight: 400;\">Wo:\u00a0\u00a0\u00a0\u00a0\u00a0\u00a0\u00a0\u00a0\u00a0\u00a0\u00a0\u00a0\u00a0\u00a0\u00a0\u00a0\u00a0\u00a0\u00a0Sporthalle Ellen\u00a0\u00a0\u00a0\u00a0\u00a0\u00a0\u00a0\u00a0\u00a0\u00a0\u00a0\u00a0\u00a0\u00a0\u00a0\u00a0\u00a0\u00a0\u00a0\u00a0\u00a0\u00a0\u00a0\u00a0\u00a0\u00a0\u00a0\u00a0\u00a0\u00a0\u00a0\u00a0\u00a0\u00a0\u00a0\u00a0\u00a0\u00a0 Achtung ge\u00e4nderter Veranstaltungsort!<br \/>\nMorschenicher Str. 33a\u00a0\u00a0\u00a0\u00a0\u00a0\u00a0\u00a0\u00a0\u00a0\u00a0 \u00a0\u00a0\u00a0\u00a0\u00a0 Shuttle ab BF D\u00fcren oder Merzenich m\u00f6gli<\/p>\n<p style=\"font-weight: 400;\">\u00a0 \u00a0 \u00a0 \u00a0 \u00a0 \u00a0 \u00a0 \u00a0 \u00a0 \u00a0 \u00a0 \u00a0 \u00a0 \u00a052382 Niederzier<\/p>\n<p style=\"font-weight: 400;\">\u00a0\u00a0\u00a0\u00a0\u00a0\u00a0\u00a0\u00a0\u00a0\u00a0\u00a0\u00a0\u00a0 Kostenbeitrag: 30,-\u20ac (inklusive Getr\u00e4nke, Tagesverpflegung und Abendessen)<\/p>\n<p style=\"font-weight: 400;\">Die R\u00e4umlichkeiten sind barrierearm. Parkpl\u00e4tze sind in unmittelbarer N\u00e4he und ausreichend vorhanden.<\/p>\n<p style=\"font-weight: 400;\">Alle Teilnehmer werden gebeten sich Tagesaktuell zu testen. Selbsttest gen\u00fcgt.<\/p>\n<p style=\"font-weight: 400;\">Anmeldung bitte an:<\/p>\n<p style=\"font-weight: 400;\">Barbara Wenzel-Heyberg<\/p>\n<p style=\"font-weight: 400;\">\u00a0\u00a0\u00a0\u00a0\u00a0\u00a0\u00a0\u00a0\u00a0\u00a0\u00a0\u00a0\u00a0 Telefon:\u00a0\u00a0\u00a0\u00a0\u00a0\u00a0\u00a0\u00a0\u00a0\u00a0\u00a0\u00a0 02268 \u2013 909 42 88<\/p>\n<p style=\"font-weight: 400;\">\u00a0\u00a0\u00a0\u00a0\u00a0\u00a0\u00a0\u00a0\u00a0\u00a0\u00a0\u00a0\u00a0 Telefax:\u00a0\u00a0\u00a0\u00a0\u00a0\u00a0\u00a0\u00a0\u00a0\u00a0\u00a0\u00a0\u00a0 02268 \u2013 909 42 87<\/p>\n<p style=\"font-weight: 400;\">\u00a0\u00a0\u00a0\u00a0\u00a0\u00a0\u00a0\u00a0\u00a0\u00a0\u00a0\u00a0\u00a0 E-Mail: <a href=\"mailto:bwh@contergan-nrw-peer-to-peer.eu\">bwh@contergan-nrw-peer-to-peer.eu<\/a><\/p>\n<p style=\"font-weight: 400;\">\u00a0\u00a0\u00a0\u00a0\u00a0\u00a0\u00a0\u00a0\u00a0\u00a0\u00a0\u00a0\u00a0 Fragen zum Kurs bitte an:<\/p>\n<p style=\"font-weight: 400;\">\u00a0\u00a0\u00a0\u00a0\u00a0\u00a0\u00a0\u00a0\u00a0\u00a0\u00a0\u00a0\u00a0 Sabine G\u00f6bber Telefon: 02428 \u2013 9021470\u00a0\u00a0\u00a0\u00a0\u00a0\u00a0\u00a0\u00a0\u00a0 Handy:\u00a0 0171 \u2013 3080816<br \/>\nE-Mail: <a href=\"mailto:s.goebber@contergan-nrw-peer-to-peer.eu\">s.goebber@contergan-nrw-peer-to-peer.eu<\/a><\/p>\n","protected":false},"excerpt":{"rendered":"<p>Nicht mit mir!!! Selbstverteidigung und Selbstbehauptung im Alltag \u201eDer beste Kampf ist der, der nicht gek\u00e4mpft wurde\u201c Unter diesem Leitspruch treffen wir uns auch in diesem Jahr zum Workshop Selbstverteidigung und Selbstbehauptung im Alltag. Jeder verf\u00fcgt \u00fcber Begabungen, um m\u00f6gliche Gefahrensituationen zu erkennen, zu vermeiden oder auch unverletzt aus ihnen herauszukommen. Leider kennen wir unsere [&hellip;]<\/p>\n","protected":false},"author":1,"featured_media":5687,"comment_status":"closed","ping_status":"open","sticky":false,"template":"","format":"standard","meta":{"footnotes":""},"categories":[389],"tags":[1770,1576,491],"class_list":["post-11694","post","type-post","status-publish","format-standard","has-post-thumbnail","hentry","category-veranstaltungs-archiv","tag-sebstverteidigung","tag-selbstbehauptung","tag-workshop"],"publishpress_future_action":{"enabled":false,"date":"2026-09-13 16:13:25","action":"change-status","newStatus":"draft","terms":[],"taxonomy":"category","extraData":[]},"publishpress_future_workflow_manual_trigger":{"enabledWorkflows":[]},"_links":{"self":[{"href":"https:\/\/www.contergan-nrw.eu\/index.php?rest_route=\/wp\/v2\/posts\/11694","targetHints":{"allow":["GET"]}}],"collection":[{"href":"https:\/\/www.contergan-nrw.eu\/index.php?rest_route=\/wp\/v2\/posts"}],"about":[{"href":"https:\/\/www.contergan-nrw.eu\/index.php?rest_route=\/wp\/v2\/types\/post"}],"author":[{"embeddable":true,"href":"https:\/\/www.contergan-nrw.eu\/index.php?rest_route=\/wp\/v2\/users\/1"}],"replies":[{"embeddable":true,"href":"https:\/\/www.contergan-nrw.eu\/index.php?rest_route=%2Fwp%2Fv2%2Fcomments&post=11694"}],"version-history":[{"count":3,"href":"https:\/\/www.contergan-nrw.eu\/index.php?rest_route=\/wp\/v2\/posts\/11694\/revisions"}],"predecessor-version":[{"id":11698,"href":"https:\/\/www.contergan-nrw.eu\/index.php?rest_route=\/wp\/v2\/posts\/11694\/revisions\/11698"}],"wp:featuredmedia":[{"embeddable":true,"href":"https:\/\/www.contergan-nrw.eu\/index.php?rest_route=\/wp\/v2\/media\/5687"}],"wp:attachment":[{"href":"https:\/\/www.contergan-nrw.eu\/index.php?rest_route=%2Fwp%2Fv2%2Fmedia&parent=11694"}],"wp:term":[{"taxonomy":"category","embeddable":true,"href":"https:\/\/www.contergan-nrw.eu\/index.php?rest_route=%2Fwp%2Fv2%2Fcategories&post=11694"},{"taxonomy":"post_tag","embeddable":true,"href":"https:\/\/www.contergan-nrw.eu\/index.php?rest_route=%2Fwp%2Fv2%2Ftags&post=11694"}],"curies":[{"name":"wp","href":"https:\/\/api.w.org\/{rel}","templated":true}]}}