{"id":11233,"date":"2022-09-11T12:53:20","date_gmt":"2022-09-11T10:53:20","guid":{"rendered":"https:\/\/www.contergan-nrw.eu\/?p=11233"},"modified":"2025-12-03T20:51:50","modified_gmt":"2025-12-03T19:51:50","slug":"das-programm-rehacare-2022-stand-halle-6-c25","status":"publish","type":"post","link":"https:\/\/www.contergan-nrw.eu\/?p=11233","title":{"rendered":"Das Programm!! Rehacare 2022, Stand Halle 6 C25"},"content":{"rendered":"<p>Hallo zusammen,<br \/>\ndie diesj\u00e4hrige Rehacare Messe in D\u00fcsseldorf ist in 4 Tagen\u2026<br \/>\nUnser Stand ist in der Halle 6, gegen\u00fcber der Landesregierung NRW, 6 C25.<br \/>\nWir freuen uns \u00fcber viele nette Begegnungen und Gespr\u00e4che. Wir wollen zusammen lachen, miteinander quatschen, aber auch viele Infos weitergeben, Eure Fragen beantworten und Euch unterst\u00fctzen bei Euren Anliegen.<br \/>\nWenn Ihr noch Eintrittskarten braucht, dann wendet Euch an<br \/>\nFrau Barbara Wenzel-Heyberg<br \/>\nTelefon 02268 \u2013 909 42 88<br \/>\nTelefax 02268 \u2013 909 42 87<br \/>\neMail bwh@contergan-nrw-peer-to-peer.eu<br \/>\nIn diesem Jahr hat die Messe D\u00fcsseldorf Codes statt Tickets eingef\u00fchrt. Diese Codes m\u00fcsst Ihr unbedingt vorher online auf der Internetseite der Rehacare einl\u00f6sen. Das ist leider nicht ganz einfach, da das System Probleme hat. Bleibt unbedingt am Ball oder fragt nach Unterst\u00fctzung bei unseren Mitarbeiter_innen.<br \/>\nUnsere Mitarbeiter_innen werden w\u00e4hrend der Rehacare am Stand feste Beratungszeiten anbieten. Wann wer da ist, seht Ihr im Programm unten.<br \/>\nAnbei das aktualisierte Standprogramm.<br \/>\nGeb\u00e4rdensprach\u00fcbersetzung ist jeden Tag gew\u00e4hrleistet.<br \/>\nWir z\u00e4hlen auf Euch, und hoffen, dass Ihr Eure Hilfsmittel mitbringt, damit wir Euch im Umgang damit kurz filmen oder fotografieren k\u00f6nnen (gerne auch anonym). Mit Eurer Erlaubnis (schriftlich) werden wir den kurzen Film oder die Fotos mit Beschreibung auf unsere Homepage ver\u00f6ffentlichen. Das hilft anderen wiederrum, sich vorstellen zu k\u00f6nnen, ob sie das auch nutzen k\u00f6nnen und es hilfreich sein k\u00f6nnte, um dadurch den Alltag oder die Arbeit dadurch etwas zu erleichtern.<br \/>\nWir freuen uns auf ein zahlreiches Wiedersehen in D\u00fcsseldorf<br \/>\nUdo Herterich<br \/>\nInteressenverband Contergangesch\u00e4digter<br \/>\nNordrhein-Westfalen e.V.<br \/>\nHilfswerk f\u00fcr vorgeburtlich Gesch\u00e4digte<br \/>\nUdo Herterich<br \/>\n1. Vorsitzender<br \/>\nMaternusstr.9<br \/>\n50996 K\u00f6ln<br \/>\nTel. 015234342504<br \/>\nherterich@contergan-nrw.eu<br \/>\nwww.contergan-nrw.eu<\/p>\n<p>Vorl\u00e4ufiges Programm:<\/p>\n<p>Mittwoch, 14.09.2022:<br \/>\nGeb\u00e4rdensprachdolmetscherin am Stand<\/p>\n<p>10.00 &#8211; 18.00 Uhr<br \/>\nNina S\u00f6rensen, Medizinprodukteberaterin des IV Contergangesch\u00e4digter NRW e.V. wird mit Lukas Hellwig das 3D Projekt vorstellen.<br \/>\nWir k\u00f6nnen mit dem Drucker kleinere Gegenst\u00e4nde entwickeln und \u201eDrucken\u201c, die im Alltag hilfreich f\u00fcr uns sind, so z.B. Tetra-Pak \u00d6ffnungshilfen. Schaut es Euch an! Das ist spannend!<br \/>\nWie komme ich an ein 3D Druck Projekt? Einfach anrufen! Problematik schildern und vielleicht auch schon, was ihr ausprobiert habt und was ihr denkt, was gehen k\u00f6nnte. Ihr m\u00fcsst keine L\u00f6sung haben und auch keine konkrete Vorstellung. Muss ich technisches Wissen haben oder technisch begabt sein? Nein. Wir finden die L\u00f6sung gemeinsam und k\u00f6nnen auf Experten aus der Technik und Mechanik an der Hochschule Bottrop zur\u00fcckgreifen, die uns in komplizierteren Projekten unterst\u00fctzen<br \/>\nWie l\u00e4uft so ein Projekt generell ab?<br \/>\nNachdem wir gemeinsam die erste Idee entwickelt haben, konstruieren wir diese und ihr bekommt sie zugeschickt. Dann setzen wir uns wieder zusammen (Videoschalte oder bei Euch zuhause) und besprechen, was ge\u00e4ndert werden muss. Die \u00c4nderungen bekommt ihr wieder zugeschickt. Und das wiederholen wir so oft, bis es passt. Welche Kosten kommen auf mich zu?<br \/>\nKeine, au\u00dfer eventuell Versandkosten.<br \/>\nWas geht und was geht nicht im 3D Druck?<br \/>\nEs gibt produktionsbedingte Einschr\u00e4nkungen und auch rechtliche Einschr\u00e4nkungen.<br \/>\nProduktionsbedingt: Die Maximale Gr\u00f6\u00dfe von Objekten gibt uns die Gr\u00f6\u00dfe des Druckers vor. Der liegt f\u00fcr uns bei 35cm x35cm x 40cm Da das Objekt in Schichten gedruckt wird, kann man keine sehr langen Gegenst\u00e4nde stabil drucken, die stark belastet werden. Also z.B. einen Anziehstab. Oder eine Gardinenstange oder eine Waschb\u00fcrste oder eine WC B\u00fcrstenverl\u00e4ngerung.<br \/>\nDiese Schichten ergeben eine ganz feinriffelige Oberfl\u00e4che. Das hei\u00dft: f\u00fcr Artikel, die hygienisch sauber gehalten werden m\u00fcssten, ist unser 3D Druck nicht geeignet. Also z.B. einen Kochl\u00f6ffel, oder Aufs\u00e4tze f\u00fcr die Toilette oder Wischhilfen.<br \/>\nRechtliches: Es ist nicht erlaubt, Gegenst\u00e4nde nachzudrucken, die es zu kaufen gibt oder gab. Wir k\u00f6nnen also nicht einen Flaschen\u00f6ffner oder eine Drehhilfe oder Ersatzteile f\u00fcr den Thermomix usw. einfach drucken. Das verst\u00f6\u00dft gegen das Urheberrecht. Wir k\u00f6nnen Euch nicht anbieten, dass ihr 3d Druck Dateien im Internet findet, die wir f\u00fcr auch ausdrucken. Quasi als Druckservice. Denn zu so einem Zweck wird das Projekt nicht gef\u00f6rdert. F\u00f6rderungsinhalt ist einzig die Entwicklung oder Anpassung von Hilfsmitteln.<\/p>\n<p>10.00 \u2013 18.00 Uhr<br \/>\nRainer Jagusch am Stand \u2013 unser \u201eFoto- und Filmemacher\u201c<br \/>\nmehr als ein halbes Jahr ist vergangen, seitdem der Film von Rainer Jagusch \u201eStimmen gegen das Vergessen\u201c Premiere beim \u201eLebensfest\u201c in K\u00f6ln feierte. Genug Zeit, um neue Ideen zu schmieden. Eine davon ist \u2013 und dabei folgen wir den zahlreichen auf dem \u201eLebensfest\u201c ge\u00e4u\u00dferten W\u00fcnschen \u2013 den Film als Reihe fortzusetzen.<br \/>\nW\u00e4hrend in dem ersten Film von Rainer Jagusch vor allem Eltern und von Contergan Betroffene zu Wort kamen, sollen nun die Geschwister in den Fokus r\u00fccken. Was hat sie in ihrer Kindheit bewegt? Was hat sie zusammengeschwei\u00dft \u2013 oder auseinandergebracht? Inwieweit wurden sie durch die Behinderung ihrer Schwester oder ihres Bruders gefordert, gest\u00e4rkt oder beeintr\u00e4chtigt? Wie sieht es aus in ihrer Gef\u00fchlswelt, wie steht es um ihre W\u00fcnsche? Und welchen Einfluss hatte Contergan auf das Familienleben, auf die Beziehung zu den Eltern und auf biografische Entscheidungen? Wie ist das Verh\u00e4ltnis heute untereinander, als Erwachsene? Was bestimmt das Geschwister-Dasein in der Gegenwart?<br \/>\n\u00dcber all das m\u00f6chte sich Filmemacher Rainer Jagusch mit Ihren\/euren Geschwistern und Ihnen\/euch im zweiten Teil seiner Dokumentation austauschen, um auch diese \u201eStimmen gegen das Vergessen\u201c einzufangen \u2013 und f\u00fcr die Nachwelt festzuhalten. Sollten sich Schwestern und\/oder Br\u00fcder bereit f\u00fchlen, von sich und Ihnen\/euch zu erz\u00e4hlen, freut sich Rainer Jagusch sehr \u00fcber die direkte Kontaktaufnahme. Er wird auf der Rehacare vom 14. bis 17. September 2022 in D\u00fcsseldorf ganzt\u00e4gig ansprechbar sein. Ansonsten gern auch telefonisch oder per Mail (Kontaktdaten s. unten).<br \/>\nDen Film \u201eStimmen gegen das Vergessen\u201c, Teil 1, k\u00f6nnen Sie sich\/k\u00f6nnt ihr euch unter folgendem Link anschauen: http:\/\/2026.contergan-nrw.eu\/?page_id=10851<br \/>\nVielen Dank f\u00fcr Ihre\/eure Zeit! Wir sind sehr gespannt auf zahlreiche Geschwister-Stimmen!<\/p>\n<p>11.00 \u2013 15.00 Uhr<br \/>\n\u201eFrau Schmitt-Degenhardt und Herr Thevis von der Gr\u00fcnenthal-Stiftung stehen gerne f\u00fcr Fragen und Anregungen zur Verf\u00fcgung. Bei sehr konkreten Fragen ist es hilfreich, diese schon vorab an die Mailadresse info@grunenthal-stiftung.com zu senden.\u201c<\/p>\n<p>11.00 \u2013 14.00 Uhr<br \/>\nStephan Hafeneth, Firma Paradicta. Es ist fast schon Tradition, dass Stephan bei uns am Stand ist, um uns die Sprachsteuerung n\u00e4her zu bringen. Er wird sicherlich alle Eure Fragen oder Anliegen rund um das Thema Sprachsteuerung mit Euch besprechen.<\/p>\n<p>11.00 \u2013 13.00 Uhr<br \/>\nAndrea Engel, Cerstin Mortsiefer und Anja Hartenfels, Zentrumskoordinatoren des Ambulanten Behandlungszentrums der Dr. Becker Rhein-Sieg-Kinik in N\u00fcmbrecht, MZEB, freuen sich darauf, mit Euch ins Gespr\u00e4ch zu kommen, Fragen zu beantworten und Euch die Leistungen des MZEB (medizinisches Zentrum f\u00fcr erwachsene behinderte Menschen) f\u00fcr Contergangesch\u00e4digte Menschen vorzustellen.<\/p>\n<p>14.00 &#8211; 16.00 Uhr<br \/>\nSabine G\u00f6bber (Mitarbeiterin Verband) freut sich darauf, mit Euch das Thema Bundesteilhabegesetz und Antragswesen, pers\u00f6nliches Budget zu besprechen.<br \/>\nHabt Ihr Fragen zu Antr\u00e4gen bei Sozialtr\u00e4gern, zum pers\u00f6nlichen Budget, Assistenz oder Rente \u2026. Sabine G\u00f6bber kann Euch helfen.<\/p>\n<p>14.00 \u2013 16.00 Uhr<br \/>\nJoshua Zurheiden und Cerstin Mortsiefer (Mitarbeiter des Verbandes) freuen sich, mit Euch \u00fcber das Thema Pflege (z.B. Pflege im Alltag oder w\u00e4hrend eines<br \/>\nKrankenhausaufenthalts) und Assistenz zu sprechen.<\/p>\n<p>15.00 \u2013 17.00 Uhr:<br \/>\nThomas Stein (Mitarbeiter Verband) freut sich darauf, mit Euch das Thema Wohnumfeldsteuerung und -anpassung<br \/>\n(z.B. vom Smartphone, Waschmaschine bis zum kompletten Wohnungsumbau) anzusprechen. Er steht Euch gerne mit Rat und Tat zur Seite.<\/p>\n<p>Im Laufe des Tages:<br \/>\nThomas Bonnen \u2013 Schreinerei Bonnen- M\u00f6bel nach Ma\u00df<br \/>\n\u201eSeit 1991 verwirklichen wir Ihre Vision von Ihrer individuellen Einrichtung. Wir begleiten Sie in allen Phasen der Umsetzung.<br \/>\nZusammen mit uns wird Ihre Einrichtung geplant, individuell angepasst und realisiert. Wir beziehen Sie in den gesamten Prozess mit ein.<br \/>\nDadurch wird sichergestellt, dass jeder Ihrer W\u00fcnsche direkt ber\u00fccksichtigt und umgesetzt wird. s kommt aus einer Hand<br \/>\nBei uns sind Ausstellung, Beratung und Herstellung unter einem Dach. Sonderw\u00fcnsche sind f\u00fcr uns kein Problem.<br \/>\nZus\u00e4tzlich beziehen wir auch hochwertige Serienprodukte, die wir f\u00fcr Sie anpassen und in die gesamte Einrichtung integrieren.<br \/>\nWir sind ein Familienbetrieb, deshalb geht bei uns auch alles sehr pers\u00f6nlich zu. Wir haben Zeit f\u00fcr Sie.<br \/>\nUnsere Einrichtungen finden Sie in keinem Katalog oder Kaufhaus denn sie haben den M\u00f6beln von der Stange eines voraus: Ihre unverwechselbare, pers\u00f6nliche Note.<br \/>\nDie Basis f\u00fcr ihr Entstehen ist Ihre Idee, das entscheidende Plus ist die handwerklich perfekte Machart.<br \/>\nDie hervorstechendsten Merkmale sind Sch\u00f6nheit und anspruchsvolle \u00c4sthetik.<br \/>\nSt\u00fcck f\u00fcr St\u00fcck ein Unikat, mit eigenem Charme und Stil. Individuell eben.<br \/>\nMit freundlichen Gr\u00fc\u00dfen Thomas Bonnen; Besuchen Sie unsere Ausstellung jederzeit online. http:\/\/www.bonnen-einrichtungen.de\u201c<\/p>\n<p>Donnerstag, 15.09.2022:<br \/>\nGeb\u00e4rdensprachdolmetscherin am Stand<br \/>\nGanztags<br \/>\nDer Vorstand des Bundesverbandes Contergabgesch\u00e4digte e.V. ist am Stand. Jeder ist willkommen, die Vorstandsmitglieder zu treffen und sich auszutauschen.<\/p>\n<p>Ganztags<br \/>\nist ein K\u00fcchenbauer von Marquardt K\u00fcchen mit Studio in M\u00fcnster und Marl am Stand. Der Gesch\u00e4ftsf\u00fchrer Herr Walker wird mit einem Mitarbeiter vor Ort sein, um individuelle Fragen zu beantworten. Herr Walker hat bereits einige K\u00fcchen f\u00fcr Klienten geplant und ausgef\u00fchrt, Standardk\u00fcchen mit handels\u00fcblichen spezifischen Anpassungen von exklusiv bis preiswert.<\/p>\n<p>Im Laufe des Tages:<br \/>\nAufzug Fa. Ango-Reha aus dem Sauerland mit einer Ausstellung in Sundern. Die Fa. Ango-Reha ist in NRW t\u00e4tig, jedoch teil eines Verbundsystems \u201eLift Union\u201c, also Deutschlandweit \u00fcber Partnerfirmen t\u00e4tig. Die Fa. Ango-Reha hat bereits einige Lifte und Aufz\u00fcge f\u00fcr unsere Klienten erstellt. Der Gesch\u00e4ftsf\u00fchrer Herr Heymer ist mit Ango-Reha und Lift Union auf der Messe mit einem Stand vertreten, kann also nicht dauerhaft anwesend sein. Bei Interesse w\u00fcrde Thomas Stein eine Beratung am Stand organisieren, ebenfalls Halle 6 .<\/p>\n<p>10.00 \u2013 12.00 Uhr und 14.00 \u2013 16.00 Uhr<br \/>\n\u201eder Beratungsbereich Conterganstiftung freut sich sehr \u00fcber die M\u00f6glichkeit, am Stand des Interessenverbands Contergangesch\u00e4digter NRW e.V.<br \/>\nauf der Rehacare am Donnerstag, den 15.09.2022 vertreten zu sein und endlich wieder einmal pers\u00f6nlich mit Ihnen in Kontakt zu treten.<br \/>\nGerne k\u00f6nnen Sie dort mit Ihren Beratungsfragen und -anliegen auf uns zukommen. In der Zeit von 10.00 bis 12.00 Uhr werden Frau Mirja Phull und Frau Claudia Ewalds f\u00fcr Sie da sein.<br \/>\nVon 14.00 bis 16.00 Uhr beraten Sie Frau Katja Held und Frau Lena Kringels.\u201c<\/p>\n<p>10.00 \u2013 18.00 Uhr<br \/>\nRainer Jagusch am Stand \u2013 unser \u201eFoto- und Filmemacher\u201c<br \/>\nmehr als ein halbes Jahr ist vergangen, seitdem der Film von Rainer Jagusch \u201eStimmen gegen das Vergessen\u201c Premiere beim \u201eLebensfest\u201c in K\u00f6ln feierte. Genug Zeit, um neue Ideen zu schmieden. Eine davon ist \u2013 und dabei folgen wir den zahlreichen auf dem \u201eLebensfest\u201c ge\u00e4u\u00dferten W\u00fcnschen \u2013 den Film als Reihe fortzusetzen.<\/p>\n<p>10.30 \u2013 13.00 Uhr<br \/>\nJoshua Zurheiden und Cerstin Mortsiefer (Mitarbeiter des Verbandes) freuen sich, mit Euch \u00fcber das Thema Pflege (z.B. Pflege im Alltag oder w\u00e4hrend eines Krankenhausaufenthalts) und Assistenz zu sprechen.<\/p>\n<p>11.00 &#8211; 13.00 Uhr<br \/>\nSabine G\u00f6bber (Mitarbeiterin Verband) freut sich darauf, mit Euch das Thema Bundesteilhabegesetz und Antragswesen, pers\u00f6nliches Budget zu besprechen.<br \/>\nHabt Ihr Fragen zu Antr\u00e4gen bei Sozialtr\u00e4gern, zum pers\u00f6nlichen Budget, Assistenz oder Rente \u2026. Sabine G\u00f6bber kann Euch helfen.<\/p>\n<p>13.00 &#8211; 14.00 Uhr<br \/>\nNina S\u00f6rensen freut sich, mit Euch \u00fcber das Thema Antragsverfahren bei den Krankenkassen und Hilfsmittel auszutauschen und dabei zu unterst\u00fctzen. Auch werden einige Hilfsmittel vor Ort sein, um etwas auszuprobieren.<\/p>\n<p>14.00 &#8211; 17.00 Uhr<br \/>\nProf. Dr. med. Klaus M. Peters (Chefarzt der Orthop\u00e4de und Osteologie in der Dr. Becker Rhein-Sieg Klinik in N\u00fcmbrecht) und Dr. Alexander Niecke (Leiter der Psychosomatisch-psychotherapeutische Contergansprechstunde und des MZEB der Uniklinik K\u00f6ln) werden am Stand gerne f\u00fcr Fragen, Anregungen und Begegnungen zur Verf\u00fcgung stehen.<br \/>\nAuch werden Therapeuten aus dem MZEB in N\u00fcmbrecht anwesend sein.<br \/>\nAndrea Engel, Cerstin Mortsiefer und Anja Hartenfels, Zentrumskoordinatoren des Ambulanten Behandlungszentrums der Dr. Becker Rhein-Sieg-Kinik in N\u00fcmbrecht, MZEB, freuen sich darauf, mit Euch ins Gespr\u00e4ch zu kommen.<br \/>\nAuch Herr Prof. Wember-Matthes wird zu uns kommen:<br \/>\nZahnstatus bei Contergangesch\u00e4digten erheben \u2013 machen Sie mit!<br \/>\nEin vermehrter Zahnverschlei\u00df wird als Folgeschaden bei der Contergansch\u00e4digung angenommen.<br \/>\nIm Rahmen der im Auftrag des Landeszentrums Gesundheit NRW durchgef\u00fchrten Studie \u201eGesundheitssch\u00e4den, psychosoziale Beeintr\u00e4chtigungen und Versorgungsbedarf von contergangesch\u00e4digten Menschen aus Nordrhein-Westfalen in der Langzeitperspektive\u201c gaben 33% der Teilnehmer einen vermehrten Zahnverschlei\u00df an. Genauere Daten und insbesondere zahn\u00e4rztliche Untersuchungsergebnisse sind bisher nicht publiziert. Deshalb bietet das Zentrum f\u00fcr contergangesch\u00e4digte Menschen in der Dr. Becker Rhein-Sieg-Klinik mit seinen kooperierenden Fach\u00e4rzten die M\u00f6glichkeit einer strukturierten zahn\u00e4rztlichen Untersuchung an. Jeder Teilnehmer nimmt zur zahn\u00e4rztlichen Untersuchung einen vom Zentrum erstellten Bogen mit seinem Sch\u00e4digungsmuster mit.<br \/>\nInteressierte Contergangesch\u00e4digte k\u00f6nnen sich \u00fcber das MZEB informieren und anmelden.<\/p>\n<p>15.00 \u2013 17.00 Uhr:<br \/>\nThomas Stein (Mitarbeiter Verband) freut sich darauf, mit Euch das Thema Wohnumfeldsteuerung und -anpassung (z.B. vom Smartphone, Waschmaschine bis zum kompletten Wohnungsumbau) anzusprechen. Er steht Euch gerne mit Rat und Tat zur Seite.<\/p>\n<p>15.15 &#8211; 17.00 Uhr<br \/>\nWolfgang Schmidt und Sabine G\u00f6bber bieten an, mit Sonja Abels, Karatetrainerin, gemeinsam Selbstverteidigung zu erfahren. Wer Interesse hat, m\u00f6chte sich sp\u00e4testens um 15.15 Uhr auf unserem Stand einfinden, damit man gemeinsam zu einer geeigneten Sportst\u00e4tte geht.<\/p>\n<p>Freitag, 16.09.2022:<br \/>\nGeb\u00e4rdensprachdolmetscherin am Stand<br \/>\nGanztags<br \/>\nist ein K\u00fcchenbauer von Marquardt K\u00fcchen mit Studio in M\u00fcnster und Marl am Stand. Der Gesch\u00e4ftsf\u00fchrer Herr Walker wird mit einem Mitarbeiter vor Ort sein, um individuelle Fragen zu beantworten. Herr Walker hat bereits einige K\u00fcchen f\u00fcr Klienten geplant und ausgef\u00fchrt, Standardk\u00fcchen mit handels\u00fcblichen spezifischen Anpassungen von exklusiv bis preiswert.<\/p>\n<p>Im Laufe des Tages:<br \/>\nAufzug Fa. Ango-Reha aus dem Sauerland mit einer Ausstellung in Sundern. Die Fa. Ango-Reha ist in NRW t\u00e4tig, jedoch teil eines Verbundsystems \u201eLift Union\u201c, also Deutschlandweit \u00fcber Partnerfirmen t\u00e4tig. Die Fa. Ango-Reha hat bereits einige Lifte und Aufz\u00fcge f\u00fcr unsere Klienten erstellt. Der Gesch\u00e4ftsf\u00fchrer Herr Heymer ist mit Ango-Reha und Lift Union auf der Messe mit einem Stand vertreten, kann also nicht dauerhaft anwesend sein. Bei Interesse w\u00fcrde Thomas Stein eine Beratung am Stand organisieren, ebenfalls Halle 6 .<\/p>\n<p>10.00 -18.00 Uhr<br \/>\nNina S\u00f6rensen, Hilfsprodukteberaterin des IV Contergangesch\u00e4digter NRW e.V. wird mit Lukas Hellwig das 3D Projekt vorstellen. Wir k\u00f6nnen mit dem Drucker kleinere Gegenst\u00e4nde entwickeln und \u201eDrucken\u201c, die im Alltag hilfreich f\u00fcr uns sind, so z.B. Tetra-Pak \u00d6ffnungshilfen. Schaut es Euch an! Das ist spannend!<\/p>\n<p>10.00 \u2013 12.00 Uhr<br \/>\nCerstin Mortsiefer und Anja Hartenfels, Zentrumskoordinatoren des Ambulanten Behandlungszentrums der Dr. Becker Rhein-Sieg-Kinik in N\u00fcmbrecht,<br \/>\nMZEB, freuen sich darauf, mit Euch ins Gespr\u00e4ch zu kommen, Fragen zu beantworten und Euch die Leistungen des MZEB<br \/>\n(medizinisches Zentrum f\u00fcr erwachsene behinderte Menschen) f\u00fcr Contergangesch\u00e4digte Menschen vorzustellen.<\/p>\n<p>10.00 \u2013 18.00 Uhr<br \/>\nRainer Jagusch am Stand \u2013 unser \u201eFoto- und Filmemacher\u201c<br \/>\nmehr als ein halbes Jahr ist vergangen, seitdem der Film von Rainer Jagusch \u201eStimmen gegen das Vergessen\u201c Premiere beim \u201eLebensfest\u201c in K\u00f6ln feierte. Genug Zeit, um neue Ideen zu schmieden. Eine davon ist \u2013 und dabei folgen wir den zahlreichen auf dem \u201eLebensfest\u201c ge\u00e4u\u00dferten W\u00fcnschen \u2013 den Film als Reihe fortzusetzen.<\/p>\n<p>10.30 -12.00 Uhr<br \/>\nSabine G\u00f6bber (Mitarbeiterin Verband) freut sich darauf, mit Euch das Thema Bundesteilhabegesetz und Antragswesen, bei Sozialtr\u00e4gern, zum pers\u00f6nlichen Budget, Assistenz oder Rente \u2026.<br \/>\nSabine G\u00f6bber kann Euch helfen.<\/p>\n<p>11.00 &#8211; 13.00 Uhr<br \/>\nNina S\u00f6rensen freut sich, mit Euch \u00fcber das Thema Antragsverfahren bei den Krankenkassen und Hilfsmittel auszutauschen und dabei zu unterst\u00fctzen.<br \/>\nAuch werden einige Hilfsmittel vor Ort sein, um etwas auszuprobieren..<\/p>\n<p>11.00 \u2013 15.00 Uhr<br \/>\n\u201eHerr Hermes und Herr Thevis von der Gr\u00fcnenthal-Stiftung stehen gerne f\u00fcr Fragen und Anregungen zur Verf\u00fcgung. Bei sehr konkreten Fragen ist es hilfreich,<br \/>\ndiese schon vorab an die Mailadresse info@grunenthal-stiftung.com zu senden.\u201c<\/p>\n<p>12.00 -13.00 Uhr<br \/>\nSabine G\u00f6bber (Mitarbeiterin Verband) freut sich darauf, Euch Sabine Thoma, Trainerin u.a. f\u00fcr Yoga und Callanetics, vorzustellen. Sie wird in einem offenen Interview erkl\u00e4ren, was sie bei Yolates macht und warum das f\u00fcr uns geeignet ist.<\/p>\n<p>14.00 \u2013 15.30 Uhr<br \/>\nJoshua Zurheiden und Cerstin Mortsiefer(Mitarbeiter des Verbandes) freuen sich, mit Euch \u00fcber das Thema Pflege (z.B. Pflege im Alltag oder w\u00e4hrend eines Krankenhausaufenthalts) und Assistenz zu sprechen.<\/p>\n<p>14.00 \u2013 16.30 Uhr<br \/>\nFragen rund um den Hund!<br \/>\nWir freuen uns, dass Andrea Heidb\u00fcchel (Zertifizierte Hundetrainerin und Sachverst\u00e4ndige) zugesagt hat, Eure Fragen auf der Rehacare zu beantworten!<br \/>\nEinige kennen sie bereits. Wer also Fragen in Sachen \u201eHund\u201c hat, kann Andrea Heidb\u00fcchel L\u00f6cher in den Bauch fragen! Thema heute:<br \/>\n\u201eWas k\u00f6nnen Hunde leisten?! \u2013 Wie kann euch euer Familienhund eventuell unterst\u00fctzen? \u2013 Wir freuen uns, Euch auf der Rehacare zu sehen! Herzliche Gr\u00fc\u00dfe Andrea Engel\u201c<\/p>\n<p>15.30 \u2013 18.00 Uhr<br \/>\nTreffen der \u201ePeer-Supporter\u201c am Stand zum Austausch. Ansprechpartnerin ist Barbara Wenzel-Heyberg. Lasst uns einfach zusammenkommen und \u00fcber unsere Erfahrungen sprechen. Wer gerne ein Peer sein m\u00f6chte (Unterst\u00fctzer anderer Contergangesch\u00e4digter Menschen), ist immer herzlichst eingeladen, zu uns zu kommen. All\u2019 Eure Fragen rund um das ehrenamtliche Peerangebot unseres Verbandes, werden wir gerne beantworten.<\/p>\n<p>Samstag, 17.9.2022:<br \/>\nGeb\u00e4rdensprachdolmetscherin am Stand<br \/>\n10.00 \u2013 12.00 Uhr<br \/>\nAndrea Engel, Cerstin Mortsiefer und Anja Hartenfels, Zentrumskoordinatoren des Ambulanten Behandlungszentrums der Dr. Becker Rhein-Sieg-Kinik in N\u00fcmbrecht, MZEB, freuen sich darauf, mit Euch ins Gespr\u00e4ch zu kommen, Fragen zu beantworten und Euch die Leistungen des MZEB (medizinisches Zentrum f\u00fcr erwachsene behinderte Menschen) f\u00fcr Contergangesch\u00e4digte Menschen vorzustellen.<\/p>\n<p>10.00 &#8211; 12.00 Uhr<br \/>\nTreffen mit Claudia Schmidt-Herterich und Udo Herterich, um gemeinsam \u00fcber Reiseplanungen und &#8211; Erfahrungen zu sprechen. Das ist der Auftakt f\u00fcr einen neuen Workshop.<\/p>\n<p>10.00 \u2013 14.00 Uhr<br \/>\nDas Projekt: Der Bildband \u201eStimmen gegen das Vergessen\u201c zeigt Menschen mit Contergansch\u00e4den in allen Facetten \u2013 von Freude bis Trauer \u2013 wie<br \/>\nim wahren Leben. Das Buch ist damit ein Zeitzeugendokument f\u00fcr die Menschen selbst, f\u00fcr ihre Angeh\u00f6rigen und ihre Freunde \u2013 und f\u00fcr die Nachwelt.<br \/>\n50 Menschen mit Contergan haben sich bereits von dem Fotografen Andreas Biesenbach f\u00fcr das Buch portr\u00e4tieren lassen und sehr offen mit dem Redaktionsteam Maya H\u00e4ssig<br \/>\nund Helga Bergers dar\u00fcber gesprochen, was sie in ihrem Leben am meisten bewegt. Der Bildband ist in Mache und schon jetzt k\u00f6nnen wir sagen: Es wird ein Werk, das die Herzen ber\u00fchren<br \/>\nwird. Der Bildband mit Zitaten und Gespr\u00e4chsausz\u00fcgen wird im Herbst 2023 erscheinen. Herausgeber ist der Interessenverband Contergangesch\u00e4digter NRW e. V.<br \/>\nLebensgeschichten gesucht!<br \/>\nAuch Sie haben die Gelegenheit, an dem professionellen Shooting teilzunehmen und uns Ihre Geschichte zu erz\u00e4hlen. Das Shooting und die Gespr\u00e4che werden im Oktober und<br \/>\nNovember im Marriott Hotel in K\u00f6ln mit dem Dreierteam stattfinden. Fotos und Texte entstehen im gesch\u00fctzten Rahmen und werden mit absoluter Sorgfalt behandelt.<br \/>\nAnmeldung zum Fototermin (m\u00f6glichst bis zum 25.09.22) Barbara Wenzel-Heyberg, Tel. 02268-909 42 88, Mail: bwh@contergan-nrw-pereet-to-peer.eu<br \/>\n(Sp\u00e4tere Anmeldungen k\u00f6nnten notfalls aber noch ber\u00fccksichtigt werden) Sie haben Fragen zum Buch? Helga Bergers, Mail: bergers@redaktionsdepot.de<\/p>\n<p>10.00 \u2013 18.00 Uhr<br \/>\nRainer Jagusch am Stand \u2013 unser \u201eFoto- und Filmemacher\u201c<br \/>\nmehr als ein halbes Jahr ist vergangen, seitdem der Film von Rainer Jagusch \u201eStimmen gegen das Vergessen\u201c Premiere beim \u201eLebensfest\u201c in K\u00f6ln feierte. Genug Zeit, um neue Ideen zu schmieden. Eine davon ist \u2013 und dabei folgen wir den zahlreichen auf dem \u201eLebensfest\u201c ge\u00e4u\u00dferten W\u00fcnschen \u2013 den Film als Reihe fortzusetzen.<\/p>\n<p>12.00 &#8211; 14.00 Uhr<br \/>\nNina S\u00f6rensen freut sich, mit Euch \u00fcber das Thema Antragsverfahren bei den Krankenkassen und Hilfsmittel auszutauschen und dabei zu unterst\u00fctzen. Auch werden einige Hilfsmittel vor Ort sein, um etwas auszuprobieren<\/p>\n<p>12.00 &#8211; 14.00 Uhr<br \/>\nIdeenb\u00f6rse mit Barbara Wenzel-Heyberg.<br \/>\nKommt einfach zum Stand und teilt Eure Ideen f\u00fcr Freizeitgestaltung mit einer Gruppe, um unsere Lebensqualit\u00e4t zu steigern. Der Verband ist offen f\u00fcr Ideen aller Art, Besichtigungen, Besuche, Wanderungen \u2026.<\/p>\n<p>13.00 \u2013 15.00 Uhr:<br \/>\nThomas Stein (Mitarbeiter Verband) freut sich darauf, mit Euch das Thema Wohnumfeldsteuerung und -anpassung (z.B. vom Smartphone, Waschmaschine bis zum kompletten Wohnungsumbau) anzusprechen.<br \/>\nEr steht Euch gerne mit Rat und Tat zur Seite.<\/p>\n<p>13.00 \u2013 15.00 Uhr<br \/>\nJoshua Zurheiden und Cerstin Mortsiefer(Mitarbeiter des Verbandes) freuen sich, mit Euch \u00fcber das Thema Pflege (z.B. Pflege im Alltag oder w\u00e4hrend eines Krankenhausaufenthalts) und Assistenz zu sprechen.<\/p>\n<p><a href=\"http:\/\/2026.contergan-nrw.eu\/wp-content\/uploads\/2022\/09\/A5-einladung_fotoprojekt_2022_web.pdf\">A5-einladung_fotoprojekt_2022_web<\/a><\/p>\n","protected":false},"excerpt":{"rendered":"<p>Hallo zusammen, die diesj\u00e4hrige Rehacare Messe in D\u00fcsseldorf ist in 4 Tagen\u2026 Unser Stand ist in der Halle 6, gegen\u00fcber der Landesregierung NRW, 6 C25. Wir freuen uns \u00fcber viele nette Begegnungen und Gespr\u00e4che. Wir wollen zusammen lachen, miteinander quatschen, aber auch viele Infos weitergeben, Eure Fragen beantworten und Euch unterst\u00fctzen bei Euren Anliegen. Wenn [&hellip;]<\/p>\n","protected":false},"author":1,"featured_media":5687,"comment_status":"closed","ping_status":"open","sticky":false,"template":"","format":"standard","meta":{"footnotes":""},"categories":[389],"tags":[1768,559,1769,1766,435],"class_list":["post-11233","post","type-post","status-publish","format-standard","has-post-thumbnail","hentry","category-veranstaltungs-archiv","tag-buch","tag-film","tag-fotoprojekt","tag-reha-care","tag-rehacare"],"publishpress_future_action":{"enabled":false,"date":"2026-09-13 16:52:40","action":"change-status","newStatus":"draft","terms":[],"taxonomy":"category","extraData":[]},"publishpress_future_workflow_manual_trigger":{"enabledWorkflows":[]},"_links":{"self":[{"href":"https:\/\/www.contergan-nrw.eu\/index.php?rest_route=\/wp\/v2\/posts\/11233","targetHints":{"allow":["GET"]}}],"collection":[{"href":"https:\/\/www.contergan-nrw.eu\/index.php?rest_route=\/wp\/v2\/posts"}],"about":[{"href":"https:\/\/www.contergan-nrw.eu\/index.php?rest_route=\/wp\/v2\/types\/post"}],"author":[{"embeddable":true,"href":"https:\/\/www.contergan-nrw.eu\/index.php?rest_route=\/wp\/v2\/users\/1"}],"replies":[{"embeddable":true,"href":"https:\/\/www.contergan-nrw.eu\/index.php?rest_route=%2Fwp%2Fv2%2Fcomments&post=11233"}],"version-history":[{"count":3,"href":"https:\/\/www.contergan-nrw.eu\/index.php?rest_route=\/wp\/v2\/posts\/11233\/revisions"}],"predecessor-version":[{"id":11241,"href":"https:\/\/www.contergan-nrw.eu\/index.php?rest_route=\/wp\/v2\/posts\/11233\/revisions\/11241"}],"wp:featuredmedia":[{"embeddable":true,"href":"https:\/\/www.contergan-nrw.eu\/index.php?rest_route=\/wp\/v2\/media\/5687"}],"wp:attachment":[{"href":"https:\/\/www.contergan-nrw.eu\/index.php?rest_route=%2Fwp%2Fv2%2Fmedia&parent=11233"}],"wp:term":[{"taxonomy":"category","embeddable":true,"href":"https:\/\/www.contergan-nrw.eu\/index.php?rest_route=%2Fwp%2Fv2%2Fcategories&post=11233"},{"taxonomy":"post_tag","embeddable":true,"href":"https:\/\/www.contergan-nrw.eu\/index.php?rest_route=%2Fwp%2Fv2%2Ftags&post=11233"}],"curies":[{"name":"wp","href":"https:\/\/api.w.org\/{rel}","templated":true}]}}