{"id":11200,"date":"2022-08-31T18:30:48","date_gmt":"2022-08-31T16:30:48","guid":{"rendered":"https:\/\/www.contergan-nrw.eu\/?p=11200"},"modified":"2025-12-03T20:50:55","modified_gmt":"2025-12-03T19:50:55","slug":"reha-care-messe-14-17-09-22-in-duesseldorf","status":"publish","type":"post","link":"https:\/\/www.contergan-nrw.eu\/?p=11200","title":{"rendered":"Reha Care Messe 14.-17.09.22 in D\u00fcsseldorf"},"content":{"rendered":"<p style=\"font-weight: 400;\">Hallo zusammen,<\/p>\n<p>jetzt sind fast alle wieder aus dem Urlaub zur\u00fcck, die bei der Reha Care 2022 in D\u00fcsseldorf mit dabei sein werden.<\/p>\n<p>So k\u00f6nnen wir nun mit der detaillierten\u00a0<strong>Programmgestaltung<\/strong> der vier Tage starten.<\/p>\n<p>&nbsp;<\/p>\n<p>Heute k\u00f6nnen wir Euch schon sagen, dass wir bem\u00fcht sind, viele Angebote f\u00fcr Euch zu gestalten:<\/p>\n<p>An einem Tag wird die Conterganstiftung anwesend sein und an einem anderen Tag die Gr\u00fcnenthal-Stiftung, Paradigta mit Stefan Hafeneth kommt, alle Mitarbeiter zur Sprechzeiten auf jeden Fall am Strand anzutreffen sind, wir auch unseren 3-D Druck an zwei Tagen vorstellen und das MZB (Kompetenzzentrum) \u00a0aus N\u00fcmbrecht vor Ort sein wird. Wir werden auch einen Nachmittag Hunde zum Thema haben und an einem anderen Tag etwas zum Thema Yolates anbieten und einige Handwerker und andere Anbieter werden ebenfalls zu bestimmten Zeiten vor Ort zu treffen sein. Selbstverst\u00e4ndlich bringen wir unsere aktuellen Filme mit, machen Interviews \u2026 mit Rainer Jagusch und Michael Lapp.<\/p>\n<p>&nbsp;<\/p>\n<p>Selbstverst\u00e4ndlich k\u00f6nnt Ihr Euch mit unseren Mitarbeitern auch vor Ort zu einem festen Termin oder Euch mit den Peers verabreden.<\/p>\n<p>&nbsp;<\/p>\n<p>Auch der Bundesverbandsvorstand wird an einem Tag auf dem Stand sein.<\/p>\n<p>&nbsp;<\/p>\n<p>Wir kl\u00e4ren gerade noch einige Details, k\u00f6nnen aber schon sagen, dass wir aufgrund von Corona den Stand gr\u00f6\u00dfer geplant haben und dadurch mehr Platz vor Ort sein sollte.<\/p>\n<p>&nbsp;<\/p>\n<p>Wir freuen uns sehr darauf, uns endlich wieder auf der Messe sehen zu k\u00f6nnen, Euch dort auch etwas zu trinken anbieten zu k\u00f6nnen, neben alldem Fachwissen und, was uns sehr wichtig ist, viel Zeit f\u00fcr <strong>soziales Miteinander<\/strong> zu haben.<\/p>\n<p>&nbsp;<\/p>\n<p>Ich wei\u00df nicht, wie es Euch geht, aber von vielen habe ich geh\u00f6rt, dass dringend <strong>bestimmte Hilfsmittel gesucht <\/strong>werden und deshalb die Reha Care so wichtig ist.<\/p>\n<p>Auch bei mir ist es so und so bin ich ganz gespannt, was sich in der Entwicklung der Rollst\u00fchle \u00a0getan hat, oder ob neue Alltagshilfen zu finden sind\u2026<\/p>\n<p>&nbsp;<\/p>\n<p>Einige von Euch haben schon bei Barbara Wenzel-Heyberg angerufen oder eine E-Mail an sie geschickt, mit der Bitte um Zusendung der <strong>Tickets<\/strong>.<\/p>\n<p>In diesem Jahr hat die Messe D\u00fcsseldorf entschieden, dass es keine Tickets in Papierform mehr gibt. Es werden nur Codes herausgegeben, die dann jeder online bei sich zu Hause vorher auf der Seite der Reha Care einl\u00f6sen muss.<\/p>\n<p>Das ist f\u00fcr manche nicht ganz einfach und so bitte ich Euch, sich von Barbara Wenzel-Heyberg oder auch gerne von unseren Peers helfen zu lassen.<\/p>\n<p>Die Messe D\u00fcsseldorf verlangt, dass man eine E-Mail bei der online-Registrierung hinterlegt. Das m\u00f6chte\/kann nicht jeder, so dass Ihr vielleicht Freunde, Bekannte, Mitarbeiter, Peers fragt, die Registrierung f\u00fcr Euch durchzuf\u00fchren. Auf dem Ticket muss allerdings immer Euer Name stehen, kein anderer Name.<\/p>\n<p>&nbsp;<\/p>\n<p>Das soll f\u00fcr heute erst einmal reichen. In den n\u00e4chsten Tagen kommt dann von mir ein Programmentwurf.<\/p>\n<p>&nbsp;<\/p>\n<p>Sonnige Gr\u00fc\u00dfe aus K\u00f6ln<\/p>\n<p>&nbsp;<\/p>\n<p>Udo Herterich<\/p>\n<p>&nbsp;<\/p>\n<p>&#8212;<\/p>\n<p>Interessenverband Contergangesch\u00e4digter<\/p>\n<p>Nordrhein-Westfalen e.V.<\/p>\n<p>Hilfswerk f\u00fcr vorgeburtlich Gesch\u00e4digte<\/p>\n<p>&nbsp;<\/p>\n<p>Udo Herterich<\/p>\n<ol>\n<li>Vorsitzender<\/li>\n<\/ol>\n<p>&nbsp;<\/p>\n<p>Maternusstr. 9<\/p>\n<p>50996 K\u00f6ln<\/p>\n<p>Telefon 0152 34 34 25 04<\/p>\n<p><a href=\"mailto:herterich@contergan-nrw.eu\">herterich@contergan-nrw.eu<\/a><\/p>\n<p style=\"font-weight: 400;\"><a href=\"http:\/\/2026.contergan-nrw.eu\/\" data-saferedirecturl=\"https:\/\/www.google.com\/url?q=http:\/\/2026.contergan-nrw.eu&amp;source=gmail&amp;ust=1662049765470000&amp;usg=AOvVaw3AdiYQ8nOINjgZDok8q-Ua\">www.contergan-nrw.eu<\/a><\/p>\n","protected":false},"excerpt":{"rendered":"<p>Hallo zusammen, jetzt sind fast alle wieder aus dem Urlaub zur\u00fcck, die bei der Reha Care 2022 in D\u00fcsseldorf mit dabei sein werden. So k\u00f6nnen wir nun mit der detaillierten\u00a0Programmgestaltung der vier Tage starten. &nbsp; Heute k\u00f6nnen wir Euch schon sagen, dass wir bem\u00fcht sind, viele Angebote f\u00fcr Euch zu gestalten: An einem Tag wird [&hellip;]<\/p>\n","protected":false},"author":1,"featured_media":5687,"comment_status":"closed","ping_status":"open","sticky":false,"template":"","format":"standard","meta":{"footnotes":""},"categories":[389],"tags":[436,1766],"class_list":["post-11200","post","type-post","status-publish","format-standard","has-post-thumbnail","hentry","category-veranstaltungs-archiv","tag-messe","tag-reha-care"],"publishpress_future_action":{"enabled":false,"date":"2026-09-13 16:53:13","action":"change-status","newStatus":"draft","terms":[],"taxonomy":"category","extraData":[]},"publishpress_future_workflow_manual_trigger":{"enabledWorkflows":[]},"_links":{"self":[{"href":"https:\/\/www.contergan-nrw.eu\/index.php?rest_route=\/wp\/v2\/posts\/11200","targetHints":{"allow":["GET"]}}],"collection":[{"href":"https:\/\/www.contergan-nrw.eu\/index.php?rest_route=\/wp\/v2\/posts"}],"about":[{"href":"https:\/\/www.contergan-nrw.eu\/index.php?rest_route=\/wp\/v2\/types\/post"}],"author":[{"embeddable":true,"href":"https:\/\/www.contergan-nrw.eu\/index.php?rest_route=\/wp\/v2\/users\/1"}],"replies":[{"embeddable":true,"href":"https:\/\/www.contergan-nrw.eu\/index.php?rest_route=%2Fwp%2Fv2%2Fcomments&post=11200"}],"version-history":[{"count":2,"href":"https:\/\/www.contergan-nrw.eu\/index.php?rest_route=\/wp\/v2\/posts\/11200\/revisions"}],"predecessor-version":[{"id":11202,"href":"https:\/\/www.contergan-nrw.eu\/index.php?rest_route=\/wp\/v2\/posts\/11200\/revisions\/11202"}],"wp:featuredmedia":[{"embeddable":true,"href":"https:\/\/www.contergan-nrw.eu\/index.php?rest_route=\/wp\/v2\/media\/5687"}],"wp:attachment":[{"href":"https:\/\/www.contergan-nrw.eu\/index.php?rest_route=%2Fwp%2Fv2%2Fmedia&parent=11200"}],"wp:term":[{"taxonomy":"category","embeddable":true,"href":"https:\/\/www.contergan-nrw.eu\/index.php?rest_route=%2Fwp%2Fv2%2Fcategories&post=11200"},{"taxonomy":"post_tag","embeddable":true,"href":"https:\/\/www.contergan-nrw.eu\/index.php?rest_route=%2Fwp%2Fv2%2Ftags&post=11200"}],"curies":[{"name":"wp","href":"https:\/\/api.w.org\/{rel}","templated":true}]}}