{"id":11185,"date":"2022-07-23T21:26:18","date_gmt":"2022-07-23T19:26:18","guid":{"rendered":"https:\/\/www.contergan-nrw.eu\/?p=11185"},"modified":"2025-12-03T20:50:32","modified_gmt":"2025-12-03T19:50:32","slug":"save-the-date-rehacare-messe-in-duesseldorf-findet-endlich-wieder-statt-14-17-september-22","status":"publish","type":"post","link":"https:\/\/www.contergan-nrw.eu\/?p=11185","title":{"rendered":"Save the date &#8211; Rehacare Messe in D\u00fcsseldorf findet endlich wieder statt!!!!!  14.-17.September 22"},"content":{"rendered":"<p style=\"font-weight: 400;\">Hallo zusammen,<\/p>\n<p style=\"font-weight: 400;\">es geht wieder (los)!<\/p>\n<p style=\"font-weight: 400;\">Die gro\u00dfe Rehacare Messe in D\u00fcsseldorf findet statt und wir haben einen sch\u00f6nen, gr\u00f6\u00dferen Stand in Halle 6 Stand C25.<\/p>\n<p style=\"font-weight: 400;\">Und wir freuen uns riesig, euch alle wiederzusehen, um gemeinsam zu quatschten, zu lachen, sich auszutauschen und sich zu informieren.<\/p>\n<p style=\"font-weight: 400;\">Der \u201eCountdown\u201c f\u00fcr die diesj\u00e4hrige Rehacare in D\u00fcsseldorf l\u00e4uft schon \u2026<\/p>\n<p style=\"font-weight: 400;\">Ihr k\u00f6nnt wie in den Jahren zuvor kostenfreie Eintrittskarten, allerdings nur als Codes, bei uns anfordern.\u00a0Bitte l\u00f6st diese im Vorfeld online auf der Rehacare Internetseite ein.<\/p>\n<p style=\"font-weight: 400;\">Bitte ab sofort bestellen bei<\/p>\n<p style=\"font-weight: 400;\">Frau Barbara Wenzel-Heyberg<\/p>\n<p style=\"font-weight: 400;\">Telefon\u00a0<u>02268 \u2013 909 42 88<\/u><\/p>\n<p style=\"font-weight: 400;\">Telefax\u00a0<u>02268 \u2013 909 42 87<\/u><\/p>\n<p style=\"font-weight: 400;\">eMail\u00a0<a href=\"mailto:bwh@contergan-nrw-peer-to-peer.eu\">bwh@contergan-nrw-peer-to-peer.eu<\/a><\/p>\n<p style=\"font-weight: 400;\">Oder fragt einfach unsere Teammitarbeiter\/ eure Berater nach Eintrittskarten-Codes.<\/p>\n<p style=\"font-weight: 400;\">Wir versenden die Eintritt-Codes so lange der Vorrat reicht.<\/p>\n<p style=\"font-weight: 400;\">Zur Zeit \u201ebasteln\u201c wir an unserem Standprogramm!<\/p>\n<p style=\"font-weight: 400;\">Im n\u00e4chsten Monat werden wir ein vorl\u00e4ufiges Standprogramm durch Rundmails und auch auf unserer Homepage\u00a0ver\u00f6ffentlichen.<\/p>\n<p style=\"font-weight: 400;\">Also immer wieder auf unsere Homepage klicken.<\/p>\n<p style=\"font-weight: 400;\">Geb\u00e4rdensprach\u00fcbersetzung ist gew\u00e4hrleistet.<\/p>\n<ul style=\"font-weight: 400;\">\n<li>Die Gr\u00fcnenthal-Stiftung hat ihr Kommen zugesagt (f\u00fcr Mittwoch, den 14.09.)<\/li>\n<li>Paradicta mit Stephan Hafeneth kommt am Mittwoch, 14.09.<\/li>\n<\/ul>\n<p>&nbsp;<\/p>\n<ul style=\"font-weight: 400;\">\n<li>Die Contergan-Stiftung hat ihr Kommen zugesagt.\u00a0( Donnerstag, den 15.9.)<\/li>\n<\/ul>\n<ul style=\"font-weight: 400;\">\n<li>Teammitglieder aus dem Kompetenzteam des ambulanten Zentrums f\u00fcr Contergangesch\u00e4digte Menschen in der Dr. Becker Rhein-Sieg-Klinik in N\u00fcmbrecht werden vor Ort sein.<\/li>\n<\/ul>\n<p>&nbsp;<\/p>\n<ul style=\"font-weight: 400;\">\n<li>Den Vorstand des Bundesverbandes Contergangesch\u00e4digter e.V. werdet ihr zu festen Zeiten am Stand treffen k\u00f6nnen<\/li>\n<\/ul>\n<ul style=\"font-weight: 400;\">\n<li>Hilfsmittelsanbieter werden vor Ort sein<\/li>\n<\/ul>\n<p>&nbsp;<\/p>\n<ul style=\"font-weight: 400;\">\n<li>Zudem werden wir \u201eTreffs\u201c mit Beratern zu festen Zeiten anbieten zu Themen wie Wohnumfeldberatung, Pflege und Assistenz, Bundesteilhabegesetz, Rollstuhlversorgung etc. und Hilfsmittel<\/li>\n<\/ul>\n<p>&nbsp;<\/p>\n<ul style=\"font-weight: 400;\">\n<li>Die mediale Darstellung wird wieder von Rainer Jagusch und Team vor Ort umgesetzt<\/li>\n<li>Und vieles mehr \u2026.<\/li>\n<\/ul>\n<p style=\"font-weight: 400;\"><strong>Vielleicht habt Ihr ja auch Ideen oder Anregungen, die wir ins Programm mit aufnehmen k\u00f6nnen?\u00a0<\/strong><\/p>\n<p style=\"font-weight: 400;\"><strong>Schickt mir einfach ein email!!\u00a0<\/strong><\/p>\n<p style=\"font-weight: 400;\">Wir freuen uns auf ein zahlreiches Wiedersehen in D\u00fcsseldorf,<\/p>\n<p style=\"font-weight: 400;\">Udo Herterich<\/p>\n<p style=\"font-weight: 400;\">&#8212;<\/p>\n<p style=\"font-weight: 400;\">Interessenverband Contergangesch\u00e4digter<\/p>\n<p>Nordrhein-Westfalen e.V.<\/p>\n<p>Hilfswerk f\u00fcr vorgeburtlich Gesch\u00e4digte<\/p>\n<p>&nbsp;<\/p>\n<p>Udo Herterich<\/p>\n<ol>\n<li>Vorsitzender<\/li>\n<\/ol>\n<p>&nbsp;<\/p>\n<p>Maternusstr. 9<\/p>\n<p>50996 K\u00f6ln<\/p>\n<p>Telefon 0152 34 34 25 04<\/p>\n<p><a href=\"mailto:herterich@contergan-nrw.eu\">herterich@contergan-nrw.eu<\/a><\/p>\n<p style=\"font-weight: 400;\"><a href=\"http:\/\/2026.contergan-nrw.eu\/\">www.contergan-nrw.eu<\/a><\/p>\n","protected":false},"excerpt":{"rendered":"<p>Hallo zusammen, es geht wieder (los)! Die gro\u00dfe Rehacare Messe in D\u00fcsseldorf findet statt und wir haben einen sch\u00f6nen, gr\u00f6\u00dferen Stand in Halle 6 Stand C25. Und wir freuen uns riesig, euch alle wiederzusehen, um gemeinsam zu quatschten, zu lachen, sich auszutauschen und sich zu informieren. Der \u201eCountdown\u201c f\u00fcr die diesj\u00e4hrige Rehacare in D\u00fcsseldorf l\u00e4uft [&hellip;]<\/p>\n","protected":false},"author":1,"featured_media":5687,"comment_status":"closed","ping_status":"open","sticky":false,"template":"","format":"standard","meta":{"footnotes":""},"categories":[389],"tags":[435],"class_list":["post-11185","post","type-post","status-publish","format-standard","has-post-thumbnail","hentry","category-veranstaltungs-archiv","tag-rehacare"],"publishpress_future_action":{"enabled":false,"date":"2026-09-13 17:25:25","action":"change-status","newStatus":"draft","terms":[],"taxonomy":"category","extraData":[]},"publishpress_future_workflow_manual_trigger":{"enabledWorkflows":[]},"_links":{"self":[{"href":"https:\/\/www.contergan-nrw.eu\/index.php?rest_route=\/wp\/v2\/posts\/11185","targetHints":{"allow":["GET"]}}],"collection":[{"href":"https:\/\/www.contergan-nrw.eu\/index.php?rest_route=\/wp\/v2\/posts"}],"about":[{"href":"https:\/\/www.contergan-nrw.eu\/index.php?rest_route=\/wp\/v2\/types\/post"}],"author":[{"embeddable":true,"href":"https:\/\/www.contergan-nrw.eu\/index.php?rest_route=\/wp\/v2\/users\/1"}],"replies":[{"embeddable":true,"href":"https:\/\/www.contergan-nrw.eu\/index.php?rest_route=%2Fwp%2Fv2%2Fcomments&post=11185"}],"version-history":[{"count":3,"href":"https:\/\/www.contergan-nrw.eu\/index.php?rest_route=\/wp\/v2\/posts\/11185\/revisions"}],"predecessor-version":[{"id":11187,"href":"https:\/\/www.contergan-nrw.eu\/index.php?rest_route=\/wp\/v2\/posts\/11185\/revisions\/11187"}],"wp:featuredmedia":[{"embeddable":true,"href":"https:\/\/www.contergan-nrw.eu\/index.php?rest_route=\/wp\/v2\/media\/5687"}],"wp:attachment":[{"href":"https:\/\/www.contergan-nrw.eu\/index.php?rest_route=%2Fwp%2Fv2%2Fmedia&parent=11185"}],"wp:term":[{"taxonomy":"category","embeddable":true,"href":"https:\/\/www.contergan-nrw.eu\/index.php?rest_route=%2Fwp%2Fv2%2Fcategories&post=11185"},{"taxonomy":"post_tag","embeddable":true,"href":"https:\/\/www.contergan-nrw.eu\/index.php?rest_route=%2Fwp%2Fv2%2Ftags&post=11185"}],"curies":[{"name":"wp","href":"https:\/\/api.w.org\/{rel}","templated":true}]}}