{"id":11148,"date":"2022-06-18T20:23:14","date_gmt":"2022-06-18T18:23:14","guid":{"rendered":"https:\/\/www.contergan-nrw.eu\/?p=11148"},"modified":"2025-12-03T21:35:55","modified_gmt":"2025-12-03T20:35:55","slug":"der-bildband-stimmen-gegen-das-vergessen-portraetaufnahmen-2-runde","status":"publish","type":"post","link":"https:\/\/www.contergan-nrw.eu\/?p=11148","title":{"rendered":"Der Bildband \u201eStimmen gegen das Vergessen\u201c \u2013 Portr\u00e4taufnahmen 2. Runde"},"content":{"rendered":"<p style=\"font-weight: 400;\">Hallo zusammen!<\/p>\n<p style=\"font-weight: 400;\">Knapp 50 G\u00e4ste haben sich auf dem \u201eLebensfest\u201c in K\u00f6ln im November vergangenen Jahres von dem Fotografen Andreas Biesenbach portr\u00e4tieren lassen und haben sehr offen mit dem Redaktionsteam Maya H\u00e4ssig und Helga Bergers dar\u00fcber gesprochen, was sie in ihrem Leben am meisten bewegt. Der Bildband \u201eStimmen gegen das Vergessen\u201c ist in Mache. Und schon jetzt k\u00f6nnen wir sagen: Es wird ein Werk, das die Herzen ber\u00fchren wird.<\/p>\n<p style=\"font-weight: 400;\">Noch eine gute Nachricht: 40 weitere Personen, die sich (noch) nicht haben portr\u00e4tieren lassen (k\u00f6nnen), werden im kommenden Herbst die Gelegenheit dazu bekommen. An zwei (oder \u2013 je nach Interesse \u2013 an drei) Terminen im Oktober und ggf. November finden im Marriott Hotel in K\u00f6ln weitere Fotoshootings und Gespr\u00e4che mit dem Dreierteam statt. Alle, die mitmachen, k\u00f6nnen sich auf ausdrucksstarke Portr\u00e4ts freuen. Wie auch beim \u201eLebensfest\u201c entstehen Fotos und Texte (Zitate und Gespr\u00e4chsausz\u00fcge) im gesch\u00fctzten Rahmen und werden mit absoluter Sorgfalt behandelt. \u00dcbrigens: Auf der Rehacare in D\u00fcsseldorf wird Helga Bergers f\u00fcr Fragen und Antworten rund um den Bildband \u201eStimmen gegen das Vergessen\u201c zur Verf\u00fcgung stehen.<\/p>\n<p style=\"font-weight: 400;\">Daher: Merken Sie sich\/Merkt euch neben der Rehacare im September auch schon den Oktober oder ggf. November 2022 vor \u2013 f\u00fcr einen Wochenendtrip, einen Museumsbesuch oder einen Stadtbummel oder, oder, oder in K\u00f6ln \u2013 und nicht zuletzt f\u00fcr das Fotoshooting.<\/p>\n<p style=\"font-weight: 400;\">Wir freuen uns schon auf ein Wiedersehen!<\/p>\n<p style=\"font-weight: 400;\">Liebe Gr\u00fc\u00dfe<\/p>\n<p style=\"font-weight: 400;\">Udo Herterich<\/p>\n<p style=\"font-weight: 400;\">&#8212;<\/p>\n<p>Interessenverband Contergangesch\u00e4digter<\/p>\n<p>Nordrhein-Westfalen e.V.<\/p>\n<p>Hilfswerk f\u00fcr vorgeburtlich Gesch\u00e4digte<\/p>\n<p>&nbsp;<\/p>\n<p>Udo Herterich<\/p>\n<ol>\n<li>Vorsitzender<\/li>\n<\/ol>\n<p>&nbsp;<\/p>\n<p>Maternusstr. 9<\/p>\n<p>50996 K\u00f6ln<\/p>\n<p>Telefon 0152 34 34 25 04<\/p>\n<p><a href=\"mailto:herterich@contergan-nrw.eu\">herterich@contergan-nrw.eu<\/a><\/p>\n<p style=\"font-weight: 400;\"><a href=\"http:\/\/2026.contergan-nrw.eu\/\">www.contergan-nrw.eu<\/a><\/p>\n","protected":false},"excerpt":{"rendered":"<p>Hallo zusammen! Knapp 50 G\u00e4ste haben sich auf dem \u201eLebensfest\u201c in K\u00f6ln im November vergangenen Jahres von dem Fotografen Andreas Biesenbach portr\u00e4tieren lassen und haben sehr offen mit dem Redaktionsteam Maya H\u00e4ssig und Helga Bergers dar\u00fcber gesprochen, was sie in ihrem Leben am meisten bewegt. Der Bildband \u201eStimmen gegen das Vergessen\u201c ist in Mache. Und [&hellip;]<\/p>\n","protected":false},"author":1,"featured_media":5687,"comment_status":"closed","ping_status":"open","sticky":false,"template":"","format":"standard","meta":{"footnotes":""},"categories":[76],"tags":[1758,1759,1761,1760],"class_list":["post-11148","post","type-post","status-publish","format-standard","has-post-thumbnail","hentry","category-news-archiv","tag-bildband","tag-foto","tag-fotos","tag-fotoshooting"],"publishpress_future_action":{"enabled":false,"date":"2026-09-13 17:25:22","action":"change-status","newStatus":"draft","terms":[],"taxonomy":"category","extraData":[]},"publishpress_future_workflow_manual_trigger":{"enabledWorkflows":[]},"_links":{"self":[{"href":"https:\/\/www.contergan-nrw.eu\/index.php?rest_route=\/wp\/v2\/posts\/11148","targetHints":{"allow":["GET"]}}],"collection":[{"href":"https:\/\/www.contergan-nrw.eu\/index.php?rest_route=\/wp\/v2\/posts"}],"about":[{"href":"https:\/\/www.contergan-nrw.eu\/index.php?rest_route=\/wp\/v2\/types\/post"}],"author":[{"embeddable":true,"href":"https:\/\/www.contergan-nrw.eu\/index.php?rest_route=\/wp\/v2\/users\/1"}],"replies":[{"embeddable":true,"href":"https:\/\/www.contergan-nrw.eu\/index.php?rest_route=%2Fwp%2Fv2%2Fcomments&post=11148"}],"version-history":[{"count":3,"href":"https:\/\/www.contergan-nrw.eu\/index.php?rest_route=\/wp\/v2\/posts\/11148\/revisions"}],"predecessor-version":[{"id":11150,"href":"https:\/\/www.contergan-nrw.eu\/index.php?rest_route=\/wp\/v2\/posts\/11148\/revisions\/11150"}],"wp:featuredmedia":[{"embeddable":true,"href":"https:\/\/www.contergan-nrw.eu\/index.php?rest_route=\/wp\/v2\/media\/5687"}],"wp:attachment":[{"href":"https:\/\/www.contergan-nrw.eu\/index.php?rest_route=%2Fwp%2Fv2%2Fmedia&parent=11148"}],"wp:term":[{"taxonomy":"category","embeddable":true,"href":"https:\/\/www.contergan-nrw.eu\/index.php?rest_route=%2Fwp%2Fv2%2Fcategories&post=11148"},{"taxonomy":"post_tag","embeddable":true,"href":"https:\/\/www.contergan-nrw.eu\/index.php?rest_route=%2Fwp%2Fv2%2Ftags&post=11148"}],"curies":[{"name":"wp","href":"https:\/\/api.w.org\/{rel}","templated":true}]}}