{"id":11100,"date":"2022-05-18T21:48:06","date_gmt":"2022-05-18T19:48:06","guid":{"rendered":"https:\/\/www.contergan-nrw.eu\/?p=11100"},"modified":"2025-12-03T20:47:26","modified_gmt":"2025-12-03T19:47:26","slug":"cip-magazin-rainer-jagusch-ueber-seinen-film-stimmen-gegen-das-vergessen","status":"publish","type":"post","link":"https:\/\/www.contergan-nrw.eu\/?p=11100","title":{"rendered":"CIP &#8211; Magazin &#8211; Rainer Jagusch \u00fcber seinen Film \u201eStimmen gegen das Vergessen\u201c"},"content":{"rendered":"<p>Sehr geehrte Damen und Herren,<\/p>\n<p>&nbsp;<\/p>\n<p>anl\u00e4sslich des 60. Jahrestages der Marktr\u00fccknahme von Contergan Ende November vergangenen Jahres waren mehr als 160 Menschen mit Contergansch\u00e4digung der Einladung zu einem zweit\u00e4gigen \u201eLebensfest\u201c nach K\u00f6ln gefolgt. In diesem Rahmen wurde erstmals auch der Film \u201eStimmen gegen das Vergessen \u2013 Contergan\u201c von Rainer Jagusch gezeigt. Wir haben mit dem Bochumer Fotografen und Filmemacher gesprochen.<\/p>\n<p>&nbsp;<\/p>\n<p>Das Interview mit Herrn Rainer Jagusch finden Sie im Contergan-Infoportal unter folgenden Link:<\/p>\n<p><a href=\"https:\/\/contergan-infoportal.de\/news\/der-film-ist-eine-sammlung-von-o-toenen\/\" target=\"_blank\" rel=\"noopener\">Contergan Infoportal | \u201eDer Film ist eine Sammlung von O-T\u00f6nen\u201c (contergan-infoportal.de)<\/a><\/p>\n<p>&nbsp;<\/p>\n<p>&nbsp;<\/p>\n<p>Mit freundlichen Gr\u00fc\u00dfen<\/p>\n<p>&nbsp;<\/p>\n<p>Ihre Gesch\u00e4ftsstelle des Vorstandes<br \/>\nder Conterganstiftung<\/p>\n<p>___________________________________________<\/p>\n<p>&nbsp;<\/p>\n<p>Postanschrift: 50964 K\u00f6ln<\/p>\n<p>Telefon: +49 (221) 3673-3673<\/p>\n<p>Telefax: +49 (221) 3673-3636<\/p>\n<p>E-Mail: <a href=\"mailto:geschaeftsstelle@contergan.bund.de\">geschaeftsstelle@contergan.bund.de<\/a><\/p>\n<p>Internet: <a href=\"http:\/\/www.contergan-infoportal.de\/\">www.contergan-infoportal.de<\/a><\/p>\n<p>Hier finden Sie die Datenschutzerkl\u00e4rung:<\/p>\n<p><u><a href=\"https:\/\/www.contergan-infoportal.de\/datenschutz\">https:\/\/www.contergan-infoportal.de\/datenschutz<\/a><\/u><\/p>\n","protected":false},"excerpt":{"rendered":"<p>Sehr geehrte Damen und Herren, &nbsp; anl\u00e4sslich des 60. Jahrestages der Marktr\u00fccknahme von Contergan Ende November vergangenen Jahres waren mehr als 160 Menschen mit Contergansch\u00e4digung der Einladung zu einem zweit\u00e4gigen \u201eLebensfest\u201c nach K\u00f6ln gefolgt. In diesem Rahmen wurde erstmals auch der Film \u201eStimmen gegen das Vergessen \u2013 Contergan\u201c von Rainer Jagusch gezeigt. Wir haben mit [&hellip;]<\/p>\n","protected":false},"author":1,"featured_media":5687,"comment_status":"closed","ping_status":"open","sticky":false,"template":"","format":"standard","meta":{"footnotes":""},"categories":[76],"tags":[559,1747,1748,1749,1746],"class_list":["post-11100","post","type-post","status-publish","format-standard","has-post-thumbnail","hentry","category-news-archiv","tag-film","tag-interviews","tag-rainer","tag-rainer-jagusch","tag-stimmen-gegen-das-vergessen"],"publishpress_future_action":{"enabled":false,"date":"2026-09-13 18:07:27","action":"change-status","newStatus":"draft","terms":[],"taxonomy":"category","extraData":[]},"publishpress_future_workflow_manual_trigger":{"enabledWorkflows":[]},"_links":{"self":[{"href":"https:\/\/www.contergan-nrw.eu\/index.php?rest_route=\/wp\/v2\/posts\/11100","targetHints":{"allow":["GET"]}}],"collection":[{"href":"https:\/\/www.contergan-nrw.eu\/index.php?rest_route=\/wp\/v2\/posts"}],"about":[{"href":"https:\/\/www.contergan-nrw.eu\/index.php?rest_route=\/wp\/v2\/types\/post"}],"author":[{"embeddable":true,"href":"https:\/\/www.contergan-nrw.eu\/index.php?rest_route=\/wp\/v2\/users\/1"}],"replies":[{"embeddable":true,"href":"https:\/\/www.contergan-nrw.eu\/index.php?rest_route=%2Fwp%2Fv2%2Fcomments&post=11100"}],"version-history":[{"count":2,"href":"https:\/\/www.contergan-nrw.eu\/index.php?rest_route=\/wp\/v2\/posts\/11100\/revisions"}],"predecessor-version":[{"id":11102,"href":"https:\/\/www.contergan-nrw.eu\/index.php?rest_route=\/wp\/v2\/posts\/11100\/revisions\/11102"}],"wp:featuredmedia":[{"embeddable":true,"href":"https:\/\/www.contergan-nrw.eu\/index.php?rest_route=\/wp\/v2\/media\/5687"}],"wp:attachment":[{"href":"https:\/\/www.contergan-nrw.eu\/index.php?rest_route=%2Fwp%2Fv2%2Fmedia&parent=11100"}],"wp:term":[{"taxonomy":"category","embeddable":true,"href":"https:\/\/www.contergan-nrw.eu\/index.php?rest_route=%2Fwp%2Fv2%2Fcategories&post=11100"},{"taxonomy":"post_tag","embeddable":true,"href":"https:\/\/www.contergan-nrw.eu\/index.php?rest_route=%2Fwp%2Fv2%2Ftags&post=11100"}],"curies":[{"name":"wp","href":"https:\/\/api.w.org\/{rel}","templated":true}]}}