{"id":11089,"date":"2022-05-12T17:47:09","date_gmt":"2022-05-12T15:47:09","guid":{"rendered":"https:\/\/www.contergan-nrw.eu\/?p=11089"},"modified":"2025-12-03T20:46:40","modified_gmt":"2025-12-03T19:46:40","slug":"einladung-zur-koelner-altstadtfuehrung","status":"publish","type":"post","link":"https:\/\/www.contergan-nrw.eu\/?p=11089","title":{"rendered":"Einladung zur K\u00f6lner Altstadtf\u00fchrung"},"content":{"rendered":"<p><img loading=\"lazy\" decoding=\"async\" class=\"aligncenter size-full wp-image-11090\" src=\"http:\/\/2026.contergan-nrw.eu\/wp-content\/uploads\/2022\/05\/koeln.jpg\" alt=\"\" width=\"480\" height=\"462\" srcset=\"https:\/\/www.contergan-nrw.eu\/wp-content\/uploads\/2022\/05\/koeln.jpg 480w, https:\/\/www.contergan-nrw.eu\/wp-content\/uploads\/2022\/05\/koeln-300x289.jpg 300w, https:\/\/www.contergan-nrw.eu\/wp-content\/uploads\/2022\/05\/koeln-36x36.jpg 36w, https:\/\/www.contergan-nrw.eu\/wp-content\/uploads\/2022\/05\/koeln-450x433.jpg 450w\" sizes=\"auto, (max-width: 480px) 100vw, 480px\" \/><\/p>\n<p>&nbsp;<\/p>\n<p style=\"font-weight: 400;\"><strong>Einladung zu einer K\u00f6lner Altstadtf\u00fchrung<\/strong><\/p>\n<p style=\"font-weight: 400;\">Es erwartet euch eine barrierefreie Stadtf\u00fchrung durch die K\u00f6lner Altstadt.<\/p>\n<p style=\"font-weight: 400;\">Lasst euch in die Stadtgeschichte entf\u00fchren und erfahrt humorvolle und tragische Geschichten und Anekdoten aus der K\u00f6lner Historie.<\/p>\n<p style=\"font-weight: 400;\">Zum Abschluss der Tour m\u00f6chte ich euch zum Essen und einem frisch gezapften K\u00f6lsch einladen, in einem typisch k\u00f6lschen Brauhaus.<\/p>\n<p style=\"font-weight: 400;\"><strong>Wann:<\/strong>\u00a0\u00a0\u00a0\u00a0 Mittwoch, 01.06.22 um 15 Uhr<\/p>\n<p style=\"font-weight: 400;\">\u00a0\u00a0\u00a0\u00a0\u00a0\u00a0\u00a0\u00a0\u00a0\u00a0\u00a0\u00a0\u00a0\u00a0\u00a0\u00a0 Die Altstadtf\u00fchrung dauert ca. 1,5 Stunden. Anschlie\u00dfend kehren wir ins Brauhaus ein.<\/p>\n<p style=\"font-weight: 400;\"><strong>Wo:<\/strong>\u00a0\u00a0\u00a0\u00a0\u00a0\u00a0\u00a0\u00a0\u00a0 Treffpunkt \u201eKreuzblume\u201c\u00a0 Kardinal-H\u00f6ffner-Platz 1,\u00a0 50667 K\u00f6ln<\/p>\n<p style=\"font-weight: 400;\">\u00a0\u00a0\u00a0\u00a0\u00a0\u00a0\u00a0\u00a0\u00a0\u00a0\u00a0\u00a0\u00a0\u00a0\u00a0\u00a0 (direkt vor der Domplatte, K\u00f6lner Dom)<\/p>\n<p style=\"font-weight: 400;\"><strong>Anmeldegeb\u00fchr:<\/strong>\u00a0 10 Euro<\/p>\n<p style=\"font-weight: 400;\"><strong>Barrierefreiheit:<\/strong><\/p>\n<p style=\"font-weight: 400;\">Die Stadtf\u00fchrung ist \u201ebarrierefrei\u201c ausgelegt. Auf dem Weg durch die Altstadt wird es keine Treppen und hohe Stufen geben. Wegl\u00e4nge der Tour ca. 850m. Einige Wege sind etwas holprig (Kopfsteinpflaster), aber auch mit dem Rollstuhl befahrbar (hierbei kann unsere Unterst\u00fctzung auch gerne in Anspruch genommen werden). Das Brauhaus besitzt eine barrierefreie Toilette und ist nat\u00fcrlich auch f\u00fcr Rollstuhlfahrer geeignet.<\/p>\n<p style=\"font-weight: 400;\"><strong>Anreise und Parkpl\u00e4tze:<\/strong><\/p>\n<p style=\"font-weight: 400;\">Die K\u00f6lner Innstadt ist gut mit \u00f6ffentlichem Verkehrsmittel zu erreichen. Eine Anreise mit der Bahn ist durch die unmittelbare N\u00e4he des Hauptbahnhofes gut m\u00f6glich. Parkpl\u00e4tze (Behindertenstellpl\u00e4tze) sind in den umliegenden Parkh\u00e4usern vorhanden.<\/p>\n<p style=\"font-weight: 400;\"><strong>Eine Auswahl an m\u00f6glichen Parkpl\u00e4tzen, eine Karte des Treffpunktes und weitere Informationen sende ich euch bei Anmeldung zu.<\/strong><\/p>\n<p style=\"font-weight: 400;\"><strong>\u00a0<\/strong><\/p>\n<p style=\"font-weight: 400;\"><strong>Ich freue mich euch am K\u00f6lner Dom zu treffen, bis dahin, Thomas<\/strong><\/p>\n<p style=\"font-weight: 400;\">(vielleicht k\u00f6nnt ihr auch die Gelegenheit f\u00fcr eine Shoppingtour durch K\u00f6ln nutzen)<\/p>\n<p style=\"font-weight: 400;\"><strong>Anmeldungen bitte an:\u00a0 \u00a0 \u00a0 \u00a0 \u00a0 \u00a0 \u00a0 \u00a0 \u00a0 \u00a0 \u00a0 \u00a0 \u00a0 \u00a0 \u00a0 \u00a0 \u00a0 \u00a0 \u00a0 \u00a0 \u00a0 \u00a0 \u00a0 oder auch bei Fragen direkt an mich:<\/strong><\/p>\n<p style=\"font-weight: 400;\">Barbara Wenzel-Heyberg\u00a0\u00a0\u00a0\u00a0\u00a0\u00a0\u00a0\u00a0\u00a0\u00a0\u00a0\u00a0\u00a0\u00a0\u00a0\u00a0\u00a0\u00a0\u00a0\u00a0\u00a0\u00a0\u00a0\u00a0\u00a0\u00a0\u00a0\u00a0\u00a0\u00a0\u00a0\u00a0\u00a0\u00a0\u00a0\u00a0\u00a0\u00a0\u00a0\u00a0\u00a0\u00a0\u00a0\u00a0\u00a0\u00a0\u00a0\u00a0\u00a0 Thomas Stein<\/p>\n<p style=\"font-weight: 400;\"><a href=\"mailto:bwh@contergan-nrw-peer-to-peer.eu\">bwh@contergan-nrw-peer-to-peer.eu<\/a>\u00a0\u00a0\u00a0\u00a0\u00a0\u00a0\u00a0\u00a0\u00a0\u00a0\u00a0\u00a0\u00a0\u00a0\u00a0\u00a0\u00a0\u00a0\u00a0\u00a0\u00a0\u00a0\u00a0\u00a0\u00a0\u00a0\u00a0<a href=\"mailto:t.stein@contergan-nrw-peer-to-peer.eu\">t.stein@contergan-nrw-peer-to-peer.eu<\/a><\/p>\n<p style=\"font-weight: 400;\">Tel: 02268 9094288\u00a0\u00a0\u00a0\u00a0\u00a0\u00a0\u00a0\u00a0\u00a0\u00a0\u00a0\u00a0\u00a0\u00a0\u00a0\u00a0\u00a0\u00a0\u00a0\u00a0\u00a0\u00a0\u00a0\u00a0\u00a0\u00a0\u00a0\u00a0\u00a0\u00a0\u00a0\u00a0\u00a0\u00a0\u00a0\u00a0\u00a0\u00a0\u00a0\u00a0\u00a0\u00a0\u00a0\u00a0\u00a0\u00a0\u00a0\u00a0\u00a0\u00a0\u00a0\u00a0\u00a0\u00a0\u00a0\u00a0\u00a0\u00a0\u00a0 Tel: 0160 96889705<\/p>\n<p style=\"font-weight: 400;\">Fax: 02268 9094287<\/p>\n<p style=\"font-weight: 400;\">&#8212;<\/p>\n<p style=\"font-weight: 400;\">Interessenverband Contergangesch\u00e4digter<\/p>\n<p style=\"font-weight: 400;\">Nordrhein-Westfalen e.V.<\/p>\n<p style=\"font-weight: 400;\">Hilfswerk f\u00fcr vorgeburtlich Gesch\u00e4digte<\/p>\n<p style=\"font-weight: 400;\">Peer-to-Peer Beratungsangebot<\/p>\n<p style=\"font-weight: 400;\"><a href=\"http:\/\/2026.contergan-nrw.eu\/\" data-saferedirecturl=\"https:\/\/www.google.com\/url?q=http:\/\/2026.contergan-nrw.eu\/&amp;source=gmail&amp;ust=1652456542737000&amp;usg=AOvVaw0K99cwLyoaK21leRLHMRqa\">www.contergan-nrw.eu<\/a><\/p>\n<p style=\"font-weight: 400;\">Thomas Stein<\/p>\n<p style=\"font-weight: 400;\">Di\u00adplom-Wirt\u00adschafts\u00adin\u00adge\u00adni\u00adeur<\/p>\n<p style=\"font-weight: 400;\">Tel:\u00a0\u00a0\u00a0 0160 96889705<\/p>\n<p style=\"font-weight: 400;\">Mail:\u00a0\u00a0<a href=\"mailto:t.stein@contergan-nrw-peer-to-peer.eu\">t.stein@contergan-nrw-peer-to-peer.eu<\/a><\/p>\n","protected":false},"excerpt":{"rendered":"<p>&nbsp; Einladung zu einer K\u00f6lner Altstadtf\u00fchrung Es erwartet euch eine barrierefreie Stadtf\u00fchrung durch die K\u00f6lner Altstadt. Lasst euch in die Stadtgeschichte entf\u00fchren und erfahrt humorvolle und tragische Geschichten und Anekdoten aus der K\u00f6lner Historie. Zum Abschluss der Tour m\u00f6chte ich euch zum Essen und einem frisch gezapften K\u00f6lsch einladen, in einem typisch k\u00f6lschen Brauhaus. Wann:\u00a0\u00a0\u00a0\u00a0 [&hellip;]<\/p>\n","protected":false},"author":1,"featured_media":5687,"comment_status":"closed","ping_status":"open","sticky":false,"template":"","format":"standard","meta":{"footnotes":""},"categories":[389],"tags":[1742,1741,1210,645],"class_list":["post-11089","post","type-post","status-publish","format-standard","has-post-thumbnail","hentry","category-veranstaltungs-archiv","tag-aldstadtfuehrung","tag-altstadt","tag-fuehrung","tag-koeln"],"publishpress_future_action":{"enabled":false,"date":"2026-09-13 16:52:39","action":"change-status","newStatus":"draft","terms":[],"taxonomy":"category","extraData":[]},"publishpress_future_workflow_manual_trigger":{"enabledWorkflows":[]},"_links":{"self":[{"href":"https:\/\/www.contergan-nrw.eu\/index.php?rest_route=\/wp\/v2\/posts\/11089","targetHints":{"allow":["GET"]}}],"collection":[{"href":"https:\/\/www.contergan-nrw.eu\/index.php?rest_route=\/wp\/v2\/posts"}],"about":[{"href":"https:\/\/www.contergan-nrw.eu\/index.php?rest_route=\/wp\/v2\/types\/post"}],"author":[{"embeddable":true,"href":"https:\/\/www.contergan-nrw.eu\/index.php?rest_route=\/wp\/v2\/users\/1"}],"replies":[{"embeddable":true,"href":"https:\/\/www.contergan-nrw.eu\/index.php?rest_route=%2Fwp%2Fv2%2Fcomments&post=11089"}],"version-history":[{"count":3,"href":"https:\/\/www.contergan-nrw.eu\/index.php?rest_route=\/wp\/v2\/posts\/11089\/revisions"}],"predecessor-version":[{"id":11092,"href":"https:\/\/www.contergan-nrw.eu\/index.php?rest_route=\/wp\/v2\/posts\/11089\/revisions\/11092"}],"wp:featuredmedia":[{"embeddable":true,"href":"https:\/\/www.contergan-nrw.eu\/index.php?rest_route=\/wp\/v2\/media\/5687"}],"wp:attachment":[{"href":"https:\/\/www.contergan-nrw.eu\/index.php?rest_route=%2Fwp%2Fv2%2Fmedia&parent=11089"}],"wp:term":[{"taxonomy":"category","embeddable":true,"href":"https:\/\/www.contergan-nrw.eu\/index.php?rest_route=%2Fwp%2Fv2%2Fcategories&post=11089"},{"taxonomy":"post_tag","embeddable":true,"href":"https:\/\/www.contergan-nrw.eu\/index.php?rest_route=%2Fwp%2Fv2%2Ftags&post=11089"}],"curies":[{"name":"wp","href":"https:\/\/api.w.org\/{rel}","templated":true}]}}