{"id":11072,"date":"2022-05-02T17:30:46","date_gmt":"2022-05-02T15:30:46","guid":{"rendered":"https:\/\/www.contergan-nrw.eu\/?p=11072"},"modified":"2025-12-03T21:44:04","modified_gmt":"2025-12-03T20:44:04","slug":"einladung-planetarium","status":"publish","type":"post","link":"https:\/\/www.contergan-nrw.eu\/?p=11072","title":{"rendered":"Einladung Planetarium"},"content":{"rendered":"<p style=\"text-align: center;\"><img loading=\"lazy\" decoding=\"async\" class=\"aligncenter size-full wp-image-11073\" src=\"http:\/\/2026.contergan-nrw.eu\/wp-content\/uploads\/2022\/05\/planetarium.jpg\" alt=\"\" width=\"605\" height=\"248\" srcset=\"https:\/\/www.contergan-nrw.eu\/wp-content\/uploads\/2022\/05\/planetarium.jpg 605w, https:\/\/www.contergan-nrw.eu\/wp-content\/uploads\/2022\/05\/planetarium-300x123.jpg 300w, https:\/\/www.contergan-nrw.eu\/wp-content\/uploads\/2022\/05\/planetarium-450x184.jpg 450w\" sizes=\"auto, (max-width: 605px) 100vw, 605px\" \/><\/p>\n<p>&nbsp;<\/p>\n<p style=\"font-weight: 400;\">Einladung ins Planetarium Bochum:<\/p>\n<p style=\"font-weight: 400;\">Die dunkle Materie!<\/p>\n<p style=\"font-weight: 400;\">Hallo Ihr Lieben,<\/p>\n<p style=\"font-weight: 400;\">am 18.05.22 um 20:00 Uhr findet im Planetarium Bochum ein Vortrag statt. Es geht um die geheimnisvolle DUNKLE MATERIE.<br \/>\nDer Vortragende ist Experte daf\u00fcr und nutzt nat\u00fcrlich alle M\u00f6glichkeiten der Lichterkuppel des Planetariums,<br \/>\num uns \u00fcber die Bedeutung der dunklen Materie f\u00fcr unser Universum aufzukl\u00e4ren.<\/p>\n<p style=\"font-weight: 400;\">Wie findet man sie? Wie bemisst man sie? Was tut sie? Was bedeutet ihre Existenz?<\/p>\n<p style=\"font-weight: 400;\">Mehr Info findet Ihr hier:<\/p>\n<p style=\"font-weight: 400;\"><a href=\"https:\/\/planetarium-bochum.de\/de_DE\/program\/die-suche-nach-der-dunklen-materie.132552\" target=\"_blank\" rel=\"noopener\" data-saferedirecturl=\"https:\/\/www.google.com\/url?q=https:\/\/planetarium-bochum.de\/de_DE\/program\/die-suche-nach-der-dunklen-materie.132552&amp;source=gmail&amp;ust=1651591464199000&amp;usg=AOvVaw0ShkkDhhx4xpvi_bVkJIzd\">https:\/\/planetarium-bochum.de\/de_DE\/program\/die-suche-nach-der-dunklen-materie.132552<\/a><\/p>\n<p style=\"font-weight: 400;\">Habt Ihr Lust, mit mir dorthin zu gehen? Der Vortrag dauert ca. 1 Stunde. Vorher (ab 16:30 Uhr) k\u00f6nnen wir zusammen Essen gehen.<\/p>\n<p style=\"font-weight: 400;\"><strong>Anmeldegeb\u00fchr:<\/strong>\u00a0\u00a0\u00a0\u00a0\u00a0\u00a0\u00a0\u00a0\u00a0\u00a0\u00a0\u00a0 10,00 \u20ac<\/p>\n<p style=\"font-weight: 400;\"><strong>Wann<\/strong>:\u00a0\u00a0 \u00a0\u00a0\u00a0\u00a0\u00a0\u00a0\u00a0\u00a0\u00a0\u00a0\u00a0\u00a0\u00a0\u00a0\u00a0\u00a0\u00a0\u00a0\u00a0\u00a0\u00a0\u00a0\u00a0\u00a0\u00a0\u00a0\u00a0\u00a0\u00a0\u00a0 18.05.22, 19:45 Uhr Treffen vor Planetarium<\/p>\n<p style=\"font-weight: 400;\">\u00a0\u00a0\u00a0\u00a0\u00a0\u00a0\u00a0\u00a0\u00a0\u00a0\u00a0\u00a0\u00a0\u00a0\u00a0\u00a0\u00a0\u00a0\u00a0\u00a0\u00a0\u00a0\u00a0\u00a0\u00a0\u00a0\u00a0\u00a0\u00a0\u00a0\u00a0\u00a0\u00a0\u00a0\u00a0\u00a0\u00a0\u00a0\u00a0\u00a0\u00a0\u00a0\u00a0\u00a0\u00a0\u00a0 Essen gehen ab 16:30 Uhr, im Anmeldepreis inbegriffen<\/p>\n<p style=\"font-weight: 400;\"><strong>Wo<\/strong>: \u00a0\u00a0\u00a0\u00a0\u00a0\u00a0\u00a0\u00a0\u00a0\u00a0\u00a0\u00a0\u00a0\u00a0\u00a0\u00a0\u00a0\u00a0\u00a0\u00a0\u00a0\u00a0\u00a0\u00a0\u00a0\u00a0\u00a0\u00a0\u00a0\u00a0\u00a0\u00a0\u00a0\u00a0\u00a0\u00a0\u00a0 Planetarium Bochum, Castroper Str. 67, 44791 Bochum<\/p>\n<p style=\"font-weight: 400;\"><strong>Barrierefreiheit:<\/strong>\u00a0 \u00a0\u00a0\u00a0\u00a0\u00a0\u00a0\u00a0\u00a0\u00a0\u00a0\u00a0 es gibt Rollstuhlparkpl\u00e4tze auf dem Gel\u00e4nde des Planetariums.<br \/>\nBeim Bedienen der schwer zu findende Klingel f\u00fcr die Schranke bin ich auf jeden Fall bei Euch.<\/p>\n<p style=\"font-weight: 400;\"><strong>\u00a0\u00a0\u00a0\u00a0\u00a0\u00a0\u00a0\u00a0\u00a0\u00a0\u00a0\u00a0\u00a0\u00a0\u00a0\u00a0\u00a0\u00a0\u00a0\u00a0\u00a0\u00a0\u00a0\u00a0\u00a0\u00a0\u00a0\u00a0\u00a0\u00a0\u00a0\u00a0\u00a0\u00a0\u00a0\u00a0\u00a0\u00a0\u00a0\u00a0\u00a0\u00a0\u00a0\u00a0\u00a0\u00a0 E<\/strong>s gibt Rollstuhlsitzpl\u00e4tze, diese sind allerdings baubedingt am Rand der Kuppel.<br \/>\nWenn Ihr auf einen anderen Stuhl umsetzen k\u00f6nnt, habt ihr bessere Sicht.<br \/>\nAber auch vom Rollstuhlplatz aus kann man alles sehen, man muss nur \u00f6fter den Kopf drehen.<\/p>\n<p style=\"font-weight: 400;\">Barbara Wenzel-Heyberg freut sich auf Eure Anmeldungen per Mail.<\/p>\n<p style=\"font-weight: 400;\"><a href=\"mailto:bwh@contergan-nrw-peer-to-peer.eu\">bwh@contergan-nrw-peer-to-peer.eu<\/a><\/p>\n<p style=\"font-weight: 400;\">Tel. 02268 9094288<br \/>\nFax. 02268 9094287<\/p>\n<p style=\"font-weight: 400;\">und ich freue mich, Euch zu sehen!<\/p>\n<p style=\"font-weight: 400;\"><strong>Bis hoffentlich bald, Eure Nina<\/strong><\/p>\n<p style=\"font-weight: 400;\">Interessenverband Contergangesch\u00e4digter<\/p>\n<p style=\"font-weight: 400;\">Nordrhein-Westfalen e.V.<\/p>\n<p style=\"font-weight: 400;\">Hilfswerk f\u00fcr vorgeburtlich Gesch\u00e4digte<\/p>\n<p style=\"font-weight: 400;\">Peer-to-Peer Beratungsangebot<\/p>\n<p style=\"font-weight: 400;\">Nina S\u00f6rensen<\/p>\n<p style=\"font-weight: 400;\">Medizinprodukteberaterin<\/p>\n<p style=\"font-weight: 400;\">Tel: 0152 094 67081<\/p>\n<p style=\"font-weight: 400;\">Fax: 02304 597 597 0<\/p>\n<p style=\"font-weight: 400;\">Mail:\u00a0<a href=\"mailto:n.soerensen@contergan-nrw-peer-to-peer.eu\">n.soerensen@contergan-nrw-peer-to-peer.eu<\/a><\/p>\n","protected":false},"excerpt":{"rendered":"<p>&nbsp; Einladung ins Planetarium Bochum: Die dunkle Materie! Hallo Ihr Lieben, am 18.05.22 um 20:00 Uhr findet im Planetarium Bochum ein Vortrag statt. Es geht um die geheimnisvolle DUNKLE MATERIE. Der Vortragende ist Experte daf\u00fcr und nutzt nat\u00fcrlich alle M\u00f6glichkeiten der Lichterkuppel des Planetariums, um uns \u00fcber die Bedeutung der dunklen Materie f\u00fcr unser Universum [&hellip;]<\/p>\n","protected":false},"author":1,"featured_media":5687,"comment_status":"closed","ping_status":"open","sticky":false,"template":"","format":"standard","meta":{"footnotes":""},"categories":[389],"tags":[1739,1738],"class_list":["post-11072","post","type-post","status-publish","format-standard","has-post-thumbnail","hentry","category-veranstaltungs-archiv","tag-dunkle-materie","tag-planetarium"],"publishpress_future_action":{"enabled":false,"date":"2026-09-13 16:52:40","action":"change-status","newStatus":"draft","terms":[],"taxonomy":"category","extraData":[]},"publishpress_future_workflow_manual_trigger":{"enabledWorkflows":[]},"_links":{"self":[{"href":"https:\/\/www.contergan-nrw.eu\/index.php?rest_route=\/wp\/v2\/posts\/11072","targetHints":{"allow":["GET"]}}],"collection":[{"href":"https:\/\/www.contergan-nrw.eu\/index.php?rest_route=\/wp\/v2\/posts"}],"about":[{"href":"https:\/\/www.contergan-nrw.eu\/index.php?rest_route=\/wp\/v2\/types\/post"}],"author":[{"embeddable":true,"href":"https:\/\/www.contergan-nrw.eu\/index.php?rest_route=\/wp\/v2\/users\/1"}],"replies":[{"embeddable":true,"href":"https:\/\/www.contergan-nrw.eu\/index.php?rest_route=%2Fwp%2Fv2%2Fcomments&post=11072"}],"version-history":[{"count":3,"href":"https:\/\/www.contergan-nrw.eu\/index.php?rest_route=\/wp\/v2\/posts\/11072\/revisions"}],"predecessor-version":[{"id":13934,"href":"https:\/\/www.contergan-nrw.eu\/index.php?rest_route=\/wp\/v2\/posts\/11072\/revisions\/13934"}],"wp:featuredmedia":[{"embeddable":true,"href":"https:\/\/www.contergan-nrw.eu\/index.php?rest_route=\/wp\/v2\/media\/5687"}],"wp:attachment":[{"href":"https:\/\/www.contergan-nrw.eu\/index.php?rest_route=%2Fwp%2Fv2%2Fmedia&parent=11072"}],"wp:term":[{"taxonomy":"category","embeddable":true,"href":"https:\/\/www.contergan-nrw.eu\/index.php?rest_route=%2Fwp%2Fv2%2Fcategories&post=11072"},{"taxonomy":"post_tag","embeddable":true,"href":"https:\/\/www.contergan-nrw.eu\/index.php?rest_route=%2Fwp%2Fv2%2Ftags&post=11072"}],"curies":[{"name":"wp","href":"https:\/\/api.w.org\/{rel}","templated":true}]}}