{"id":10941,"date":"2022-01-29T21:45:49","date_gmt":"2022-01-29T20:45:49","guid":{"rendered":"https:\/\/www.contergan-nrw.eu\/?p=10941"},"modified":"2025-12-03T20:40:12","modified_gmt":"2025-12-03T19:40:12","slug":"paradictakurse-2022","status":"publish","type":"post","link":"https:\/\/www.contergan-nrw.eu\/?p=10941","title":{"rendered":"Paradictakurse 2022"},"content":{"rendered":"<p>Hier die Paradictakurse f\u00fcr 2022.<\/p>\n<p>Mit den Hotels sind folgende Termine f\u00fcr Spracherkennungs- und Sprachsteuerungskurse unserer<\/p>\n<p>Firma f\u00fcr Contergangesch\u00e4digte vereinbart worden:<\/p>\n<p>&nbsp;<\/p>\n<p><u>Die Seminartermine von Paradicta f\u00fcr 2022<\/u><\/p>\n<p><u>\u00a0<\/u><\/p>\n<ol start=\"3\">\n<li>\u2013 7.4.\u00a0\u00a0\u00a0\u00a0\u00a0\u00a0\u00a0\u00a0\u00a0\u00a0\u00a0\u00a0\u00a0\u00a0\u00a0\u00a0\u00a0 \u00a0 Timmendorfer Strand<\/li>\n<li>\u2013 23.4.\u00a0\u00a0\u00a0\u00a0\u00a0\u00a0\u00a0\u00a0\u00a0\u00a0\u00a0\u00a0\u00a0\u00a0 Stuttgart<\/li>\n<li>\u2013 25.5.\u00a0\u00a0\u00a0\u00a0\u00a0\u00a0\u00a0\u00a0\u00a0\u00a0\u00a0\u00a0\u00a0\u00a0 Bad Homburg<\/li>\n<li>\u2013 12.6.\u00a0\u00a0\u00a0\u00a0\u00a0\u00a0\u00a0\u00a0\u00a0\u00a0\u00a0\u00a0\u00a0\u00a0\u00a0\u00a0\u00a0 Berlin<\/li>\n<li>\u2013 15.7.\u00a0\u00a0\u00a0\u00a0\u00a0\u00a0\u00a0\u00a0\u00a0\u00a0\u00a0\u00a0\u00a0\u00a0 K\u00f6nigswinter<\/li>\n<li>\u2013 5.8.\u00a0\u00a0\u00a0\u00a0\u00a0\u00a0\u00a0\u00a0\u00a0\u00a0\u00a0\u00a0\u00a0\u00a0\u00a0\u00a0\u00a0\u00a0\u00a0 Bonn<\/li>\n<li>\u2013 10.9.\u00a0\u00a0\u00a0\u00a0\u00a0\u00a0\u00a0\u00a0\u00a0\u00a0\u00a0\u00a0\u00a0\u00a0\u00a0\u00a0\u00a0 Ingolstadt<\/li>\n<li>\u2013 30. 9.\u00a0\u00a0\u00a0\u00a0\u00a0\u00a0\u00a0\u00a0\u00a0\u00a0\u00a0\u00a0\u00a0\u00a0 Ulm<\/li>\n<li>\u2013 31.10.\u00a0\u00a0\u00a0\u00a0\u00a0\u00a0\u00a0\u00a0\u00a0\u00a0\u00a0\u00a0 Timmendorfer Strand<\/li>\n<li>\u2013 19.11.\u00a0\u00a0\u00a0\u00a0\u00a0\u00a0\u00a0\u00a0\u00a0\u00a0\u00a0\u00a0 K\u00f6ln<\/li>\n<li>\u2013 16.12.\u00a0\u00a0\u00a0\u00a0\u00a0\u00a0\u00a0\u00a0\u00a0\u00a0\u00a0\u00a0 K\u00f6ln<\/li>\n<\/ol>\n<p>&nbsp;<\/p>\n<p>Bei Interesse bitte anmelden per Email an <a href=\"mailto:s.hafeneth@paradicta.de\">s.hafeneth@paradicta.de<\/a><\/p>\n<p>&nbsp;<\/p>\n<p>Mit freundlichem Gru\u00df<\/p>\n<p>&nbsp;<\/p>\n<p>Stephan Hafeneth<\/p>\n<p>&nbsp;<\/p>\n<p>&nbsp;<\/p>\n<p><strong>PARADICTA<\/strong><\/p>\n<p>Stephan Hafeneth<\/p>\n<p>Erftstr. 13 a<\/p>\n<p>52078 Aachen<\/p>\n<p>Tel.:\u00a0\u00a0\u00a0\u00a0 0241 \u2013 16896576<\/p>\n<p>Mobil: 0175 \u2013 12345 79<\/p>\n<p><a href=\"http:\/\/www.paradicta.de\/\">www.paradicta.de<\/a><\/p>\n","protected":false},"excerpt":{"rendered":"<p>Hier die Paradictakurse f\u00fcr 2022. Mit den Hotels sind folgende Termine f\u00fcr Spracherkennungs- und Sprachsteuerungskurse unserer Firma f\u00fcr Contergangesch\u00e4digte vereinbart worden: &nbsp; Die Seminartermine von Paradicta f\u00fcr 2022 \u00a0 \u2013 7.4.\u00a0\u00a0\u00a0\u00a0\u00a0\u00a0\u00a0\u00a0\u00a0\u00a0\u00a0\u00a0\u00a0\u00a0\u00a0\u00a0\u00a0 \u00a0 Timmendorfer Strand \u2013 23.4.\u00a0\u00a0\u00a0\u00a0\u00a0\u00a0\u00a0\u00a0\u00a0\u00a0\u00a0\u00a0\u00a0\u00a0 Stuttgart \u2013 25.5.\u00a0\u00a0\u00a0\u00a0\u00a0\u00a0\u00a0\u00a0\u00a0\u00a0\u00a0\u00a0\u00a0\u00a0 Bad Homburg \u2013 12.6.\u00a0\u00a0\u00a0\u00a0\u00a0\u00a0\u00a0\u00a0\u00a0\u00a0\u00a0\u00a0\u00a0\u00a0\u00a0\u00a0\u00a0 Berlin \u2013 15.7.\u00a0\u00a0\u00a0\u00a0\u00a0\u00a0\u00a0\u00a0\u00a0\u00a0\u00a0\u00a0\u00a0\u00a0 K\u00f6nigswinter \u2013 5.8.\u00a0\u00a0\u00a0\u00a0\u00a0\u00a0\u00a0\u00a0\u00a0\u00a0\u00a0\u00a0\u00a0\u00a0\u00a0\u00a0\u00a0\u00a0\u00a0 Bonn \u2013 10.9.\u00a0\u00a0\u00a0\u00a0\u00a0\u00a0\u00a0\u00a0\u00a0\u00a0\u00a0\u00a0\u00a0\u00a0\u00a0\u00a0\u00a0 Ingolstadt \u2013 30. [&hellip;]<\/p>\n","protected":false},"author":1,"featured_media":5687,"comment_status":"closed","ping_status":"open","sticky":false,"template":"","format":"standard","meta":{"footnotes":""},"categories":[389],"tags":[663,661,1453],"class_list":["post-10941","post","type-post","status-publish","format-standard","has-post-thumbnail","hentry","category-veranstaltungs-archiv","tag-kurse","tag-paradicta","tag-seminar"],"publishpress_future_action":{"enabled":false,"date":"2026-09-13 16:52:32","action":"change-status","newStatus":"draft","terms":[],"taxonomy":"category","extraData":[]},"publishpress_future_workflow_manual_trigger":{"enabledWorkflows":[]},"_links":{"self":[{"href":"https:\/\/www.contergan-nrw.eu\/index.php?rest_route=\/wp\/v2\/posts\/10941","targetHints":{"allow":["GET"]}}],"collection":[{"href":"https:\/\/www.contergan-nrw.eu\/index.php?rest_route=\/wp\/v2\/posts"}],"about":[{"href":"https:\/\/www.contergan-nrw.eu\/index.php?rest_route=\/wp\/v2\/types\/post"}],"author":[{"embeddable":true,"href":"https:\/\/www.contergan-nrw.eu\/index.php?rest_route=\/wp\/v2\/users\/1"}],"replies":[{"embeddable":true,"href":"https:\/\/www.contergan-nrw.eu\/index.php?rest_route=%2Fwp%2Fv2%2Fcomments&post=10941"}],"version-history":[{"count":2,"href":"https:\/\/www.contergan-nrw.eu\/index.php?rest_route=\/wp\/v2\/posts\/10941\/revisions"}],"predecessor-version":[{"id":10943,"href":"https:\/\/www.contergan-nrw.eu\/index.php?rest_route=\/wp\/v2\/posts\/10941\/revisions\/10943"}],"wp:featuredmedia":[{"embeddable":true,"href":"https:\/\/www.contergan-nrw.eu\/index.php?rest_route=\/wp\/v2\/media\/5687"}],"wp:attachment":[{"href":"https:\/\/www.contergan-nrw.eu\/index.php?rest_route=%2Fwp%2Fv2%2Fmedia&parent=10941"}],"wp:term":[{"taxonomy":"category","embeddable":true,"href":"https:\/\/www.contergan-nrw.eu\/index.php?rest_route=%2Fwp%2Fv2%2Fcategories&post=10941"},{"taxonomy":"post_tag","embeddable":true,"href":"https:\/\/www.contergan-nrw.eu\/index.php?rest_route=%2Fwp%2Fv2%2Ftags&post=10941"}],"curies":[{"name":"wp","href":"https:\/\/api.w.org\/{rel}","templated":true}]}}