{"id":10477,"date":"2021-10-09T19:00:45","date_gmt":"2021-10-09T17:00:45","guid":{"rendered":"https:\/\/www.contergan-nrw.eu\/?p=10477"},"modified":"2025-12-03T21:44:47","modified_gmt":"2025-12-03T20:44:47","slug":"save-the-date-19-20-november-2021","status":"publish","type":"post","link":"https:\/\/www.contergan-nrw.eu\/?p=10477","title":{"rendered":"SAVE THE DATE: 19. + 20. November 2021"},"content":{"rendered":"<p><strong>The English version is further down, below the German text.<\/strong><\/p>\n<p style=\"font-weight: 400;\">Hallo zusammen,<\/p>\n<p style=\"font-weight: 400;\">am 27.11.1961, vor 60 Jahren, wurde Contergan endlich vom Markt genommen&#8230;, wir m\u00f6chten dies zum Anlass nehmen, gemeinsame Zeit zu verbringen und auch Menschen zu Wort kommen zu lassen, die damals, in den 60 Jahren und heute \u201eaktiv dabei\u201c waren oder sind.<\/p>\n<p style=\"font-weight: 400;\">Gerade f\u00fcr die Veranstaltung am 19. November 2021 werden wir auch die Medien im In- und Ausland einladen, zu uns zu kommen und dar\u00fcber zu berichten.<\/p>\n<p>&nbsp;<\/p>\n<div class='avia-iframe-wrap'><iframe loading=\"lazy\" src=\"https:\/\/player.vimeo.com\/video\/601197085?dnt=1&amp;app_id=122963\" width=\"1500\" height=\"844\" frameborder=\"0\" allow=\"autoplay; fullscreen; picture-in-picture; clipboard-write; encrypted-media; web-share\" referrerpolicy=\"strict-origin-when-cross-origin\"><\/iframe><\/div>\n<ol start=\"19\">\n<li style=\"font-weight: 400;\"><strong> November 2021, 19:00 Uhr \u2013 Filmpremiere \u2013 \u201eStimmen gegen das Vergessen &#8211; Contergan\u201c<\/strong><\/li>\n<\/ol>\n<p style=\"font-weight: 400;\"><em>Ort: Restaurant Ludwig im Museum &#8211; Museum Ludwig, Heinrich-B\u00f6ll-Platz, 50667 K\u00f6ln<\/em><\/p>\n<p style=\"font-weight: 400;\"><em>Film, Talk (Getr\u00e4nke und Speisen sind kostenfrei)<\/em><\/p>\n<p style=\"font-weight: 400;\">Der LV Contergangesch\u00e4digter NRW e.V. hat daf\u00fcr einen Film produziert mit dem Titel \u201eStimmen gegen das Vergessen \u2013 Contergan\u201c.<\/p>\n<p style=\"font-weight: 400;\">Es kommen Zeitzeugen aus verschiedenen Jahrzehnten zu Wort z.B. Eltern, Contergangesch\u00e4digte Menschen und Menschen aus Politik und Kultur\u2026 und es werden auch einige Protagonisten des Films anwesend sein.<\/p>\n<p style=\"font-weight: 400;\">Es ist ein Film bewusst gegen das Vergessen, der auch MUT machen soll, dass es sich lohnt zu Leben und sich zu wehren, nachhaltig, hartn\u00e4ckig zu k\u00e4mpfen. Wir haben in dem letzten Jahrzehnt einiges zur Verbesserung unserer Lebensqualit\u00e4t erreicht, wurden aber auch fast 50 Jahre vergessen.<\/p>\n<ol start=\"20\">\n<li style=\"font-weight: 400;\"><strong> November 2021, ab 17:00 Uhr -LEBENSFEST<\/strong><\/li>\n<\/ol>\n<p style=\"font-weight: 400;\"><em>Im Marriott Hotel, Johannisstra\u00dfe 76\u201380, 50668 K\u00f6ln<\/em><\/p>\n<p style=\"font-weight: 400;\"><em>(Getr\u00e4nke und Speisen sind kostenfrei)<\/em><\/p>\n<p style=\"font-weight: 400;\"><em>Party, Kabarett und Buffett und viele \u00dcberraschungen<\/em><\/p>\n<p style=\"font-weight: 400;\">Den Jahrestag der Marktr\u00fccknahme des Arzneimittels Contergan vor 60 Jahren nehmen wir auch zum Anlass, gemeinsam eine richtig gute Zeit zu haben. Corona hat vielen den 60.Geburtstag verhagelt\u2026. Hier feiern wir den gerne zusammen nach.<\/p>\n<p style=\"font-weight: 400;\">Wir freuen uns, dass wir noch leben, m\u00f6chten uns aber auch erinnern an diejenigen, die nicht mehr bei uns sind.<\/p>\n<p style=\"font-weight: 400;\">Wir machen eine Party mit Musik am sp\u00e4teren Abend (DJ), werden den Film erneut zeigen f\u00fcr diejenigen, die den Film am 19.11.21 nicht sehen k\u00f6nnen, ein Kabarettist ist eingeladen und hoffentlich werden wir viel Zeit f\u00fcreinander haben.<\/p>\n<p style=\"font-weight: 400;\">Der Interessenverband Contergangesch\u00e4digter NRW l\u00e4dt Sie\/Dich herzlich dazu ein!<\/p>\n<p style=\"font-weight: 400;\">Weitere Infos folgen \u2026 in den n\u00e4chsten Tagen und Wochen.<\/p>\n<p style=\"font-weight: 400;\"><strong>Frau \u00a0Barbara Wenzel Heyberg nimmt gerne Eure Anmeldungen f\u00fcr die beiden Veranstaltungen (u.a. das Essen) entgegen. Bitte gebt unbedingt an, ob wir Besonderheiten beim Essen ber\u00fccksichtigen m\u00fcssen. (Z.B. Veganer\/in?).<\/strong><\/p>\n<p style=\"font-weight: 400;\"><strong><a href=\"mailto:bwh@contergan-nrw-peer-to-peer.eu\">bwh@contergan-nrw-peer-to-peer.eu<\/a><\/strong><\/p>\n<p><strong>Tel. 02268 9094288<br \/>\nFax. 02268 9094287<\/strong><\/p>\n<p>Bitte gebt an, ob ihr am 19. oder am 20.11.2021 kommen m\u00f6chtet, \u00a0oder gerne auch an beiden Tagen.<\/p>\n<p>Beide Veranstaltungsorte sind barrierefrei. W\u00e4hrend der Veranstaltungen sind Geb\u00e4rdensprachdolmetscher und Assistenten vor Ort.<\/p>\n<p><strong>\u00dcbernachtungen:<\/strong><\/p>\n<p style=\"font-weight: 400;\">Eine Buchung ist erst ab\u00a0<u>dem 01.10.21<\/u>\u00a0im Marriott m\u00f6glich mit dem \u201eHinweis\u201c LEBENSFEST!<\/p>\n<p>Die Kosten f\u00fcr die \u00dcbernachtung\/en werden NICHT von uns \u00fcbernommen!<\/p>\n<p>Ein Kontingent an (auch barrierefreien) Zimmern im Marriott \u00a0ist optioniert.<\/p>\n<p>Falls Ihr mehr\/ andere Zimmer braucht und Unterst\u00fctzung dabei haben wollt, kann Euch Barbara Wenzel-Heyberg sicherlich weiterhelfen.<\/p>\n<p>Wir in NRW freuen uns auf euch aus dem In- und Ausland, und seid an beiden Tagen unsere G\u00e4ste.<\/p>\n<p>Lassen wir es NOCH einmal richtig KRACHEN \u2026<\/p>\n<p>Mit ganz herzlichen Gr\u00fc\u00dfen f\u00fcr den Vorstand<\/p>\n<p>Udo Herterich<\/p>\n<p>&#8212;<\/p>\n<p>Interessenverband Contergangesch\u00e4digter<\/p>\n<p>Nordrhein-Westfalen e.V.<\/p>\n<p>Hilfswerk f\u00fcr vorgeburtlich Gesch\u00e4digte<\/p>\n<p>&nbsp;<\/p>\n<p>Udo Herterich<\/p>\n<ol>\n<li>Vorsitzender<\/li>\n<\/ol>\n<p>&nbsp;<\/p>\n<p>Maternusstr. 9<\/p>\n<p>50996 K\u00f6ln<\/p>\n<p>Telefon 0152 34 34 25 04<\/p>\n<p><a href=\"mailto:herterich@contergan-nrw.eu\">herterich@contergan-nrw.eu<\/a><\/p>\n<p><a href=\"http:\/\/2026.contergan-nrw.eu\/\" data-saferedirecturl=\"https:\/\/www.google.com\/url?q=http:\/\/2026.contergan-nrw.eu&amp;source=gmail&amp;ust=1632761731764000&amp;usg=AFQjCNE6S-0ku5V2khy0sAL4jmuWP3fKgA\">www.contergan-nrw.eu<\/a><\/p>\n<p>&nbsp;<\/p>\n<p>Hello everyone!<br \/>\nOn November 27, 1961, 60 years ago, thalidomide was finally takes off the market&#8230;, we would like to take this as an opportunity to spend time together and to let people have their say, who were or are &#8222;actively involved&#8220; then, the last 60 years and today.<br \/>\nEspecially for the event on November 19, 2021, the national and international media will be invited to report on it.<\/p>\n<p>November 19, 2021, 7:00 pm \u2013 Film premiere \u2013 &#8222;Voices against forgetting \u2013 Thalidomide&#8220;<br \/>\nLocation: Restaurant Ludwig im Museum &#8211; Museum Ludwig, Heinrich-B\u00f6ll-Platz, 50667 Cologne, Germany<br \/>\nFilm, talk (drinks and food are free of charge)<br \/>\nThe LV Contergangesch\u00e4digter NRW e.V. has produced a film with the title &#8222;Voices against Forgetting \u2013 Thalidomide&#8220;.<br \/>\nContemporary witnesses from various decades such as parents, thalidomide effected people and people from politics and culture&#8230; and there will also be some film protagonists present.<br \/>\nIt is a film consciously against forgetting, which should intend to give COURAGE that it is worth living and defending oneself, to fight sustainably, persistently. We have achieved a lot in the last decade to improve our quality of life, but we have also been forgotten for almost 50 years.<br \/>\n20 November 2021, from 5:00 pm \u2013 LEBENSFEST (Festival of Life)<br \/>\nAt the Marriott Hotel, Johannisstra\u00dfe 76\u201380, 50668 Cologne, Germany<br \/>\n(Drinks and food are free of charge)<br \/>\nParty, cabaret and buffet and many surprises<br \/>\nWe are also taking the anniversary of the withdrawal of the drug thalidomide from the market 60 years ago as an opportunity to have a wonderful time together. Covid-19 has ruined many people&#8217;s 60th birthday&#8230;. On this day we will celebrate all birthdays together.<br \/>\nWe are happy that we are still alive, but we also want to remember those who are no longer with us.<br \/>\nWe will have a party with music later in the evening (DJ), will show the film again for those who can not see the film on November 19, 2021, a cabaret artist is invited and hopefully we will have a lot of time for each other.<br \/>\nThe Interessenverband Contergangesch\u00e4digter NRW cordially invites you to join us!<br \/>\nMore information will follow &#8230; in the coming days and weeks.<br \/>\nPlease note \u2013 for both events there will be no translation into English<\/p>\n<p>Mrs. Barbara Wenzel Heyberg is happy to accept your registrations for the two events (including meals). Please let us know if we need to consider any special features for the meals. (For example: Vegan?).<br \/>\n<a href=\"mailto:bwh@contergan-nrw-peer-to-peer.eu\">bwh@contergan-nrw-peer-to-peer.eu<\/a><br \/>\nPhone 02268 9094288\u200bFax. 02268 9094287<br \/>\nPlease indicate whether you would like to come on the 19th or 20th November 2021, or on both days.<br \/>\nBoth venues are accessible. Sign language interpreters and assistants will be on site during the events.<br \/>\nOvernight stays:<br \/>\nReservations can be made starting October 1, 2021, at the Marriott with the &#8222;note&#8220; LEBENSFEST!<\/p>\n<p>The costs for the overnight stay(s) will NOT be covered by us!<br \/>\nA contingent of (also accessible) rooms at the Marriott is optional.<br \/>\nIf you need more\/ or other rooms and need support, Barbara Wenzel-Heyberg can certainly help you.<\/p>\n<p>We here in NRW are looking forward to seeing you from near and far, and you\u2019ll be our guests on both days.<br \/>\nLet\u2019s have a great bash\u2026\u2026&#8230;<br \/>\nMany greetings from the executive board<br \/>\nUdo Herterich<\/p>\n","protected":false},"excerpt":{"rendered":"<p>The English version is further down, below the German text. Hallo zusammen, am 27.11.1961, vor 60 Jahren, wurde Contergan endlich vom Markt genommen&#8230;, wir m\u00f6chten dies zum Anlass nehmen, gemeinsame Zeit zu verbringen und auch Menschen zu Wort kommen zu lassen, die damals, in den 60 Jahren und heute \u201eaktiv dabei\u201c waren oder sind. Gerade [&hellip;]<\/p>\n","protected":false},"author":1,"featured_media":5687,"comment_status":"closed","ping_status":"open","sticky":false,"template":"","format":"standard","meta":{"footnotes":""},"categories":[389],"tags":[694,559,1600,645],"class_list":["post-10477","post","type-post","status-publish","format-standard","has-post-thumbnail","hentry","category-veranstaltungs-archiv","tag-contergan","tag-film","tag-gegen-das-vergessen","tag-koeln"],"publishpress_future_action":{"enabled":false,"date":"2026-09-13 16:52:42","action":"change-status","newStatus":"draft","terms":[],"taxonomy":"category","extraData":[]},"publishpress_future_workflow_manual_trigger":{"enabledWorkflows":[]},"_links":{"self":[{"href":"https:\/\/www.contergan-nrw.eu\/index.php?rest_route=\/wp\/v2\/posts\/10477","targetHints":{"allow":["GET"]}}],"collection":[{"href":"https:\/\/www.contergan-nrw.eu\/index.php?rest_route=\/wp\/v2\/posts"}],"about":[{"href":"https:\/\/www.contergan-nrw.eu\/index.php?rest_route=\/wp\/v2\/types\/post"}],"author":[{"embeddable":true,"href":"https:\/\/www.contergan-nrw.eu\/index.php?rest_route=\/wp\/v2\/users\/1"}],"replies":[{"embeddable":true,"href":"https:\/\/www.contergan-nrw.eu\/index.php?rest_route=%2Fwp%2Fv2%2Fcomments&post=10477"}],"version-history":[{"count":4,"href":"https:\/\/www.contergan-nrw.eu\/index.php?rest_route=\/wp\/v2\/posts\/10477\/revisions"}],"predecessor-version":[{"id":13936,"href":"https:\/\/www.contergan-nrw.eu\/index.php?rest_route=\/wp\/v2\/posts\/10477\/revisions\/13936"}],"wp:featuredmedia":[{"embeddable":true,"href":"https:\/\/www.contergan-nrw.eu\/index.php?rest_route=\/wp\/v2\/media\/5687"}],"wp:attachment":[{"href":"https:\/\/www.contergan-nrw.eu\/index.php?rest_route=%2Fwp%2Fv2%2Fmedia&parent=10477"}],"wp:term":[{"taxonomy":"category","embeddable":true,"href":"https:\/\/www.contergan-nrw.eu\/index.php?rest_route=%2Fwp%2Fv2%2Fcategories&post=10477"},{"taxonomy":"post_tag","embeddable":true,"href":"https:\/\/www.contergan-nrw.eu\/index.php?rest_route=%2Fwp%2Fv2%2Ftags&post=10477"}],"curies":[{"name":"wp","href":"https:\/\/api.w.org\/{rel}","templated":true}]}}