{"id":10434,"date":"2021-09-21T17:47:38","date_gmt":"2021-09-21T15:47:38","guid":{"rendered":"https:\/\/www.contergan-nrw.eu\/?p=10434"},"modified":"2025-12-03T20:24:22","modified_gmt":"2025-12-03T19:24:22","slug":"interviewpartner-innen-fuer-podcast-gesucht","status":"publish","type":"post","link":"https:\/\/www.contergan-nrw.eu\/?p=10434","title":{"rendered":"Interviewpartner\/innen f\u00fcr Podcast gesucht"},"content":{"rendered":"<p style=\"font-weight: 400;\"><strong>Sehr geehrter Herr Herterich,<\/strong><\/p>\n<p style=\"font-weight: 400;\"><strong>\u00a0<\/strong><\/p>\n<p style=\"font-weight: 400;\"><strong>ich m\u00f6chte mich nochmals herzlich f\u00fcr das freundliche und offene Telefonat am vergangenen Donnerstag bedanken. Ich bin zuversichtlich, mit Ihrer Verbands-Unterst\u00fctzung interessante Interviewpartner\/innen zu finden.<\/strong><\/p>\n<p style=\"font-weight: 400;\"><strong>\u00a0<\/strong><\/p>\n<p style=\"font-weight: 400;\"><strong>Wie besprochen sende ich Ihnen anbei meine Interviewanfrage, die ich Sie bitte, verbandsintern zu verbreiten:<\/strong><\/p>\n<p style=\"font-weight: 400;\"><em>\u00a0<\/em><\/p>\n<p style=\"font-weight: 400;\"><em>\u00a0<\/em><\/p>\n<p style=\"font-weight: 400;\"><em>\u00a0<\/em><\/p>\n<p style=\"font-weight: 400;\"><em>\u201eSehr geehrte Damen und Herren,<\/em><\/p>\n<p style=\"font-weight: 400;\"><em>\u00a0<\/em><\/p>\n<p style=\"font-weight: 400;\"><em>im Rahmen meines Praktikums bin ich aktuell mit der Konzeption und Produktion eines Podcast zum Conterganskandal befasst, um das Wissen dar\u00fcber an junge Menschen weiterzugeben und zu erhalten.<\/em><\/p>\n<p style=\"font-weight: 400;\"><em>\u00a0<\/em><\/p>\n<p style=\"font-weight: 400;\"><em>Dieser Podcast stellt mein Praxisprojekt da, welches ich w\u00e4hrend meines Praxissemesters in der Gesch\u00e4ftsstelle der Conterganstiftung als Teil des Bachelorstudiengangs Soziale Arbeit an der Katholischen Hochschule Nordrhein-Westfalen durchzuf\u00fchren habe.<\/em><\/p>\n<p style=\"font-weight: 400;\"><em>\u00a0<\/em><\/p>\n<p style=\"font-weight: 400;\"><em>Der Podcast wird aus drei Folgen mit jeweils ca. 30-min\u00fctigen Interviews bestehen, deren Leitfrage \u201eContergan &#8211; Was bedeutet das f\u00fcr Sie?\u201c lauten wird. Die mehrgenerationalen Interviews sollen einen niedrigschwelligen Einstieg in das Thema erm\u00f6glichen und gesellschaftliche Sensibilit\u00e4t und Aufkl\u00e4rung f\u00f6rdern.<\/em><\/p>\n<p style=\"font-weight: 400;\"><em>\u00a0<\/em><\/p>\n<p style=\"font-weight: 400;\"><em>Als Interviewpartner\/innen suche ich daher eine\/n Betroffene\/n, ein Elternteil von einer\/einem Betroffenen und ein Kind einer\/eines Betroffenen, die bereit sind, mit mir vor dem Mikrofon zu sprechen und ihre Geschichten zu erz\u00e4hlen.<\/em><\/p>\n<p style=\"font-weight: 400;\"><em>\u00a0<\/em><\/p>\n<p style=\"font-weight: 400;\"><em>Die Aufnahmen werden &#8211; nach M\u00f6glichkeit &#8211; in der Gesch\u00e4ftsstelle der Conterganstiftung (Erna-Scheffler-Str. 3, K\u00f6ln) erfolgen. Zu ihrer Vorbereitung k\u00f6nnen die Interviewpartner\/innen die Interviewfragen selbstverst\u00e4ndlich bereits im Vorhinein erhalten.<\/em><\/p>\n<p style=\"font-weight: 400;\"><em>\u00a0<\/em><\/p>\n<p style=\"font-weight: 400;\"><em>Wenn ich Ihr Interesse oder das Ihrer Angeh\u00f6rigen wecken konnte und Sie oder Ihre Angeh\u00f6rigen zu einem Interview bereit sind, bitte ich um R\u00fcckmeldung\u00a0<strong>bis zum 06.10.2021<\/strong>\u00a0unter der E-Mail-Adresse\u00a0<\/em><em><a href=\"mailto:beratung@contergan.bund.de\">beratung@contergan.bund.de<\/a><\/em><em>\u00a0oder meiner Telefonnummer +49 221 3673 3345. Ich freue mich von Ihnen zu h\u00f6ren!<\/em><\/p>\n<p style=\"font-weight: 400;\"><em>\u00a0<\/em><\/p>\n<p style=\"font-weight: 400;\"><em>Mit freundlichen Gr\u00fc\u00dfen<\/em><\/p>\n<p style=\"font-weight: 400;\"><em>Sabine Kuxdorf\u201c<\/em><\/p>\n<p style=\"font-weight: 400;\">F\u00fcr Ihre damit verbundenen M\u00fchen bedanke ich mich. Sollten Fragen bestehen, so kommen Sie gerne jederzeit auf mich zu.<\/p>\n<p style=\"font-weight: 400;\">Mit freundlichen Gr\u00fc\u00dfen<\/p>\n<p style=\"font-weight: 400;\">Sabine Kuxdorf<\/p>\n<p style=\"font-weight: 400;\">Conterganstiftung<\/p>\n<p style=\"font-weight: 400;\">Gesch\u00e4ftsstelle des Vorstandes<\/p>\n<p style=\"font-weight: 400;\">Postanschrift: 50964 K\u00f6ln<\/p>\n<p style=\"font-weight: 400;\">Telefon: +49 (221) 3673-3345<\/p>\n<p style=\"font-weight: 400;\">Fax: +49 (221) 3673-3636<\/p>\n<p style=\"font-weight: 400;\">E-Mail:\u00a0<a href=\"mailto:sabine.kuxdorf@contergan.bund.de\">sabine.kuxdorf@contergan.bund.de<\/a><\/p>\n<p style=\"font-weight: 400;\">Internet:\u00a0<a href=\"http:\/\/www.contergan-infoportal.de\/\" data-saferedirecturl=\"https:\/\/www.google.com\/url?q=http:\/\/www.contergan-infoportal.de&amp;source=gmail&amp;ust=1632325553137000&amp;usg=AFQjCNE_Al8D27j2vaXcqGzZPjz1nPXliQ\">www.contergan-infoportal.de<\/a><\/p>\n","protected":false},"excerpt":{"rendered":"<p>Sehr geehrter Herr Herterich, \u00a0 ich m\u00f6chte mich nochmals herzlich f\u00fcr das freundliche und offene Telefonat am vergangenen Donnerstag bedanken. Ich bin zuversichtlich, mit Ihrer Verbands-Unterst\u00fctzung interessante Interviewpartner\/innen zu finden. \u00a0 Wie besprochen sende ich Ihnen anbei meine Interviewanfrage, die ich Sie bitte, verbandsintern zu verbreiten: \u00a0 \u00a0 \u00a0 \u201eSehr geehrte Damen und Herren, \u00a0 [&hellip;]<\/p>\n","protected":false},"author":1,"featured_media":5687,"comment_status":"closed","ping_status":"open","sticky":false,"template":"","format":"standard","meta":{"footnotes":""},"categories":[76],"tags":[1593,1594],"class_list":["post-10434","post","type-post","status-publish","format-standard","has-post-thumbnail","hentry","category-news-archiv","tag-interview","tag-podcast"],"publishpress_future_action":{"enabled":false,"date":"2026-09-13 19:48:06","action":"change-status","newStatus":"draft","terms":[],"taxonomy":"category","extraData":[]},"publishpress_future_workflow_manual_trigger":{"enabledWorkflows":[]},"_links":{"self":[{"href":"https:\/\/www.contergan-nrw.eu\/index.php?rest_route=\/wp\/v2\/posts\/10434","targetHints":{"allow":["GET"]}}],"collection":[{"href":"https:\/\/www.contergan-nrw.eu\/index.php?rest_route=\/wp\/v2\/posts"}],"about":[{"href":"https:\/\/www.contergan-nrw.eu\/index.php?rest_route=\/wp\/v2\/types\/post"}],"author":[{"embeddable":true,"href":"https:\/\/www.contergan-nrw.eu\/index.php?rest_route=\/wp\/v2\/users\/1"}],"replies":[{"embeddable":true,"href":"https:\/\/www.contergan-nrw.eu\/index.php?rest_route=%2Fwp%2Fv2%2Fcomments&post=10434"}],"version-history":[{"count":3,"href":"https:\/\/www.contergan-nrw.eu\/index.php?rest_route=\/wp\/v2\/posts\/10434\/revisions"}],"predecessor-version":[{"id":10436,"href":"https:\/\/www.contergan-nrw.eu\/index.php?rest_route=\/wp\/v2\/posts\/10434\/revisions\/10436"}],"wp:featuredmedia":[{"embeddable":true,"href":"https:\/\/www.contergan-nrw.eu\/index.php?rest_route=\/wp\/v2\/media\/5687"}],"wp:attachment":[{"href":"https:\/\/www.contergan-nrw.eu\/index.php?rest_route=%2Fwp%2Fv2%2Fmedia&parent=10434"}],"wp:term":[{"taxonomy":"category","embeddable":true,"href":"https:\/\/www.contergan-nrw.eu\/index.php?rest_route=%2Fwp%2Fv2%2Fcategories&post=10434"},{"taxonomy":"post_tag","embeddable":true,"href":"https:\/\/www.contergan-nrw.eu\/index.php?rest_route=%2Fwp%2Fv2%2Ftags&post=10434"}],"curies":[{"name":"wp","href":"https:\/\/api.w.org\/{rel}","templated":true}]}}